{"id":35043,"date":"2011-06-23T15:17:08","date_gmt":"2011-06-23T12:17:08","guid":{"rendered":"http:\/\/www.korhanyilmaz.com\/?p=35043"},"modified":"2011-07-10T23:38:54","modified_gmt":"2011-07-10T20:38:54","slug":"balbay-ve-haberala-ret","status":"publish","type":"post","link":"http:\/\/www.korhanyilmaz.com\/?p=35043","title":{"rendered":"Balbay ve Haberal&#8217;a ret!"},"content":{"rendered":"<p style=\"text-align: center;\"><a href=\"http:\/\/www.korhanyilmaz.com\/wp-content\/uploads\/2011\/06\/218.jpg\"  class=\"lightview\"><img loading=\"lazy\" decoding=\"async\" class=\"aligncenter size-full wp-image-35044\" src=\"http:\/\/www.korhanyilmaz.com\/wp-content\/uploads\/2011\/06\/218.jpg\" alt=\"\" width=\"412\" height=\"175\" \/><\/a><\/p>\n<p style=\"text-align: justify;\">Prof. Dr. Mehmet Haberal ile gazeteci-yazar Mustafa Balbay\u2019\u0131n tahliye taleplerinin reddine karar verildi.<\/p>\n<p style=\"text-align: justify;\">\u0130stanbul 13. A\u011f\u0131r Ceza Mahkemesi, ikinci &#8220;Ergenekon&#8221; davas\u0131 kapsam\u0131nda tutuklu olarak yarg\u0131land\u0131klar\u0131 s\u0131rada milletvekili se\u00e7ilen Prof. Dr. Mehmet Haberal ile gazeteci-yazar Mustafa Balbay\u2019\u0131n tahliye taleplerinin reddine karar verdi.<!--more--><\/p>\n<p style=\"text-align: justify;\">Haberal ve Balbay\u2019\u0131n avukatlar\u0131n\u0131n yapt\u0131\u011f\u0131 tahliyeye ili\u015fkin ba\u015fvurular, \u0130stanbul 13. A\u011f\u0131r Ceza Mahkemesi taraf\u0131ndan incelendi.<\/p>\n<p style=\"text-align: justify;\">Mahkeme karar\u0131 oy \u00e7oklu\u011fuyla al\u0131rken Mahkeme Ba\u015fkan\u0131 K\u00f6ksal \u015eeng\u00fcn karara muhalif kald\u0131.<\/p>\n<p style=\"text-align: justify;\">Kararda, &#8220;herhangi bir yasal dayana\u011f\u0131 olmayan tahliye taleplerinin reddine&#8221; ifadesi kullan\u0131ld\u0131.<\/p>\n<p style=\"text-align: justify;\">\u0130stanbul 13. A\u011f\u0131r Ceza Mahkemesinin oy \u00e7oklu\u011fuyla ald\u0131\u011f\u0131 kararda, dosya kapsam\u0131, san\u0131klara ayr\u0131 ayr\u0131 isnat edilen su\u00e7lamalar ve bunlarla ilgili sevk maddeleri, delillerin tamam\u0131n\u0131n toplanmam\u0131\u015f olmas\u0131, dosyadaki belgeler ve raporlar, at\u0131l\u0131 su\u00e7lar\u0131n i\u015flendi\u011fi konusunda kuvvetli su\u00e7 \u015f\u00fcphe sebeplerinin varl\u0131\u011f\u0131n\u0131n devam etmesi, bu su\u00e7lar\u0131n CMK\u2019n\u0131n 100\/3. maddesinde say\u0131lan su\u00e7lardan olmas\u0131 ve bir k\u0131s\u0131m san\u0131klar\u0131n savunmalar\u0131n\u0131n al\u0131nmam\u0131\u015f olmamas\u0131 gerek\u00e7eler aras\u0131nda say\u0131ld\u0131.<\/p>\n<p style=\"text-align: justify;\">Bu nedenlerle Haberal ve Balbay\u2019\u0131n tutukluluk hallerinin devam\u0131na h\u00fckmedildi\u011fi belirtilen kararda, &#8220;herhangi bir yasal dayana\u011f\u0131 olmayan tahliye taleplerinin reddine&#8221; ifadesi kullan\u0131ld\u0131.<\/p>\n<p style=\"text-align: justify;\">Mahkeme heyeti, tutukluluk halinin devam\u0131na ili\u015fkin karar\u0131n bir \u00f6rne\u011finin acilen TBMM\u2019ye g\u00f6nderilmesini h\u00fckme ba\u011flad\u0131.<\/p>\n<p style=\"text-align: justify;\">Karar sonras\u0131 Balbay&#8217;\u0131n avukat\u0131 &#8216;\u00dcst mahkemede itiraz edece\u011fiz&#8217; dedi&#8230;<\/p>\n<p style=\"text-align: justify;\"><strong>&#8216;TAHL\u0130YE OLMAK \u0130\u00c7\u0130N M\u0130LLETVEK\u0130L\u0130 OLDULAR&#8217;<\/strong><\/p>\n<p style=\"text-align: justify;\">San\u0131klar\u0131n milletvekili se\u00e7ilmelerinin isnat edilen su\u00e7lar kapsam\u0131nda tutukluluk durumlar\u0131n\u0131 etkileyen bir husus olmad\u0131\u011f\u0131 kan\u0131s\u0131na var\u0131ld\u0131\u011f\u0131n\u0131 belirten \u00fcyeler Hasan H\u00fcsyin \u00d6zese ve Sedat Sami Ha\u015f\u0131lo\u011flu, &#8220;Yasal bir mesnede dayanmayan &#8216;milletvekili se\u00e7ilmenin tahliye sonucunu do\u011furaca\u011f\u0131&#8217; sav\u0131na itibar ederek s\u0131rf bu nedenle milletvekili se\u00e7ilen san\u0131klar\u0131n tahliye edilmesi, milletvekili se\u00e7ilemeyen ve sair tutuklu san\u0131klar\u0131n ise mevcut hallerinin devam ettirilmesi hi\u00e7bir hak ve nesafet ilkesi ve e\u015fitlik kural\u0131 ile ba\u011fda\u015fmaz. B\u00f6ylesi bir tahliye karar\u0131, s\u0131n\u0131f ve stat\u00fc dikkate al\u0131narak, karar verilmesi anlam\u0131na gelir ki, bu durumun mahkemelerin g\u00fcvenilirli\u011fini ve adalete olan inanc\u0131 derinden sarsan bir sonu\u00e7 do\u011furaca\u011f\u0131 ve kamu vicdan\u0131n\u0131 yaralayaca\u011f\u0131 a\u00e7\u0131kt\u0131r&#8221; dedi. \u0130ki \u00fcye bu nedenle tahliye talebinin reddi y\u00f6n\u00fcnde karar verdi.<\/p>\n<p style=\"text-align: justify;\"><strong>VEK\u0130L OLACAKLAR AMA HAP\u0130STE<\/strong><\/p>\n<p style=\"text-align: justify;\">Balbay ve Haberal hapiste ama maa\u015f ve vekilli\u011fin getirdi\u011fi di\u011fer haklardan yararlanabileckler&#8230;<\/p>\n<p style=\"text-align: justify;\"><strong>ENG\u0130N ALAN \u0130\u00c7\u0130N DE KARAR BEKLEN\u0130YOR<\/strong><\/p>\n<p style=\"text-align: justify;\">10. A\u011f\u0131r Ceza Mahkemesi ise Balyoz davas\u0131 san\u0131klar\u0131ndan emekli Korgeneral Engin Alan&#8217;\u0131n dosyas\u0131n\u0131 incelemeye ald\u0131.<\/p>\n<p style=\"text-align: justify;\">Savc\u0131 Sava\u015f K\u0131rba\u015f, Alan&#8217;\u0131n tahliye talebinin reddedilmesi y\u00f6n\u00fcnde mahkemeye g\u00f6r\u00fc\u015f bildirdi.<\/p>\n<p style=\"text-align: justify;\">Savc\u0131n\u0131n devlete y\u00f6nelik su\u00e7lar\u0131n dokunulmazl\u0131k kapsam\u0131 d\u0131\u015f\u0131nda tutulmas\u0131 gerekti\u011fine dikkat \u00e7ekti\u011fi belirtiliyor.<\/p>\n<p style=\"text-align: justify;\">Engin Alan\u2019la ilgili karar\u0131n da bug\u00fcn \u00e7\u0131kmas\u0131 bekleniyor.<\/p>\n<p style=\"text-align: justify;\"><a href=\"http:\/\/haber.gazetevatan.com\/balbay-ve-haberala-ret\/385153\/9\/Siyaset\" target=\"_blank\">Kaynak : VATAN Gazetesi<\/a><\/p>\n","protected":false},"excerpt":{"rendered":"<p style=\"text-align: center;\">\n<p style=\"text-align: justify;\">Prof. Dr. Mehmet Haberal ile gazeteci-yazar Mustafa Balbay\u2019\u0131n tahliye taleplerinin reddine karar verildi.<\/p>\n<p style=\"text-align: justify;\">\u0130stanbul 13. A\u011f\u0131r Ceza Mahkemesi, ikinci &#8220;Ergenekon&#8221; davas\u0131 kapsam\u0131nda tutuklu olarak yarg\u0131land\u0131klar\u0131 s\u0131rada milletvekili se\u00e7ilen Prof. Dr. Mehmet Haberal ile gazeteci-yazar Mustafa Balbay\u2019\u0131n tahliye taleplerinin reddine karar verdi.<\/p>\n","protected":false},"author":1,"featured_media":0,"comment_status":"open","ping_status":"closed","sticky":false,"template":"","format":"standard","meta":{"footnotes":""},"categories":[105],"tags":[],"class_list":["post-35043","post","type-post","status-publish","format-standard","hentry","category-gundem","odd"],"_links":{"self":[{"href":"http:\/\/www.korhanyilmaz.com\/index.php?rest_route=\/wp\/v2\/posts\/35043","targetHints":{"allow":["GET"]}}],"collection":[{"href":"http:\/\/www.korhanyilmaz.com\/index.php?rest_route=\/wp\/v2\/posts"}],"about":[{"href":"http:\/\/www.korhanyilmaz.com\/index.php?rest_route=\/wp\/v2\/types\/post"}],"author":[{"embeddable":true,"href":"http:\/\/www.korhanyilmaz.com\/index.php?rest_route=\/wp\/v2\/users\/1"}],"replies":[{"embeddable":true,"href":"http:\/\/www.korhanyilmaz.com\/index.php?rest_route=%2Fwp%2Fv2%2Fcomments&post=35043"}],"version-history":[{"count":0,"href":"http:\/\/www.korhanyilmaz.com\/index.php?rest_route=\/wp\/v2\/posts\/35043\/revisions"}],"wp:attachment":[{"href":"http:\/\/www.korhanyilmaz.com\/index.php?rest_route=%2Fwp%2Fv2%2Fmedia&parent=35043"}],"wp:term":[{"taxonomy":"category","embeddable":true,"href":"http:\/\/www.korhanyilmaz.com\/index.php?rest_route=%2Fwp%2Fv2%2Fcategories&post=35043"},{"taxonomy":"post_tag","embeddable":true,"href":"http:\/\/www.korhanyilmaz.com\/index.php?rest_route=%2Fwp%2Fv2%2Ftags&post=35043"}],"curies":[{"name":"wp","href":"https:\/\/api.w.org\/{rel}","templated":true}]}}