{"id":35038,"date":"2011-06-23T13:58:49","date_gmt":"2011-06-23T10:58:49","guid":{"rendered":"http:\/\/www.korhanyilmaz.com\/?p=35038"},"modified":"2011-07-10T23:40:43","modified_gmt":"2011-07-10T20:40:43","slug":"bagimsizlar-boykot-dedi","status":"publish","type":"post","link":"http:\/\/www.korhanyilmaz.com\/?p=35038","title":{"rendered":"Ba\u011f\u0131ms\u0131zlar &#8216;boykot&#8217; dedi!"},"content":{"rendered":"<p style=\"text-align: center;\"><a href=\"http:\/\/www.korhanyilmaz.com\/wp-content\/uploads\/2011\/06\/217.jpg\"  class=\"lightview\"><img loading=\"lazy\" decoding=\"async\" class=\"aligncenter size-full wp-image-35039\" src=\"http:\/\/www.korhanyilmaz.com\/wp-content\/uploads\/2011\/06\/217.jpg\" alt=\"\" width=\"478\" height=\"202\" \/><\/a><\/p>\n<p style=\"text-align: justify;\">BDP, ba\u011f\u0131ms\u0131z milletvekillerinin Meclis&#8217;e gitmemesi y\u00f6n\u00fcnde karar ald\u0131. Ortak a\u00e7\u0131klamay\u0131 okuyan \u015eerafettin El\u00e7i: Somut bir ad\u0131m at\u0131l\u0131ncaya kadar Meclis&#8217;e gitmeyece\u011fiz&#8230;<\/p>\n<p style=\"text-align: justify;\">BDP\u2019nin destekledi\u011fi Diyarbak\u0131r Ba\u011f\u0131ms\u0131z Milletvekili \u015eerafettin El\u00e7i, YSK\u2019n\u0131n Hatip Dicle karar\u0131 ile ilgili olarak, &#8220;Parlamento ve iktidar bu haks\u0131zl\u0131\u011f\u0131 giderme ve demokratik siyasetin \u00f6n\u00fcn\u00fc a\u00e7arak, \u00e7\u00f6z\u00fcm olanaklar\u0131n\u0131 geli\u015ftirme yolunda somut bir adam\u0131 at\u0131ncaya kadar parlamentoya gitmeyece\u011fiz&#8221; dedi. <!--more--><\/p>\n<p style=\"text-align: justify;\">BDP Genel Ba\u015fkan Yard\u0131mc\u0131s\u0131 Filiz Ko\u00e7ali ile Ahmet T\u00fcrk, Altan Tan, Aysel Tu\u011fluk, S\u0131rr\u0131 S\u00fcreyya \u00d6nder ve Hasip Kaplan\u2019\u0131n da aras\u0131nda bulundu\u011fu, BDP\u2019nin destekledi\u011fi 28 ba\u011f\u0131ms\u0131z milletvekili, Hatip Dicle\u2019nin milletvekilli\u011finin d\u00fc\u015f\u00fcr\u00fclmesi karar\u0131n\u0131 g\u00f6r\u00fc\u015fmek \u00fczere Kayap\u0131nar Belediyesi K\u00fclt\u00fcr Merkezi\u2019nde toplant\u0131 yapt\u0131.<\/p>\n<p style=\"text-align: justify;\">Toplant\u0131n\u0131n ard\u0131ndan al\u0131nan karar\u0131 okuyan Diyarbak\u0131r Ba\u011f\u0131ms\u0131z Milletvekili \u015eerafettin El\u00e7i, Emek, Demokrasi ve \u00d6zg\u00fcrl\u00fck Blokunun &#8220;Halklar\u0131n bar\u0131\u015f i\u00e7inde ve \u00f6zg\u00fcrce bir arada ya\u015famas\u0131 amac\u0131yla yan yana geldi\u011fi g\u00fcnden beri bir \u00e7ok operasyonun hedefi haline geldi\u011fini&#8221; s\u00f6yledi.<\/p>\n<p style=\"text-align: justify;\">YSK vetosu ile ba\u015flayan s\u00fcrecin, &#8220;keyfi tutuklama, g\u00f6zalt\u0131, askeri ve siyasi operasyonlarla hi\u00e7 durmadan devam etti\u011fini&#8221; savunan El\u00e7i, \u015f\u00f6yle konu\u015ftu:<\/p>\n<p style=\"text-align: justify;\">&#8220;Bu engellemeler ve bar\u0131\u015f s\u00fcrecinin \u00f6n\u00fcn\u00fc t\u0131kama operasyonlar\u0131n\u0131n son halkas\u0131 Diyarbak\u0131r milletvekili say\u0131n Hatip Dicle\u2019nin yasal hakk\u0131n\u0131n yetkisiz bir kurum taraf\u0131ndan gasp edilmesi ile sonu\u00e7lanm\u0131\u015ft\u0131r. D\u00fcn bu tarz operasyonlardan ma\u011fdur iddia edenler, bug\u00fcn bu operasyonun bizzat mimarl\u0131\u011f\u0131n\u0131 \u00fcstlenmi\u015f durumdad\u0131rlar. Halklar\u0131m\u0131za bar\u0131\u015f ve \u00f6zg\u00fcrl\u00fck s\u00f6z\u00fc vermi\u015f olan blokumuzun bu \u015fartlar alt\u0131nda benzeri operasyonlar\u0131 s\u00fcrekli muhatap olaca\u011f\u0131 anla\u015f\u0131lm\u0131\u015ft\u0131r.<\/p>\n<p style=\"text-align: justify;\">Parlamento ve iktidar bu haks\u0131zl\u0131\u011f\u0131 giderme ve demokratik siyasetin \u00f6n\u00fcn\u00fc a\u00e7arak, \u00e7\u00f6z\u00fcm olanaklar\u0131n\u0131 geli\u015ftirme yolunda somut bir adam\u0131 at\u0131ncaya kadar parlamentoya gitmeyece\u011fiz. AKP y\u00f6netimi, \u00e7al\u0131nm\u0131\u015f milletvekilili\u011fini hakk\u0131 olana derhal iade etmelidir. T\u00fcm demokrasi g\u00fc\u00e7lerini bar\u0131\u015f ve \u00f6zg\u00fcrl\u00fck s\u00fcrecini baltalayan bu operasyona kar\u015f\u0131 demokrasiden yana tav\u0131r almaya taraf olmaya ediyoruz.&#8221;<\/p>\n<p style=\"text-align: justify;\"><strong>YEM\u0130N ETMEZSELER VEK\u0130L OLAMAYACAKLAR<\/strong><\/p>\n<p style=\"text-align: justify;\">Hatip Dicle&#8217;nin milletvekilli\u011finin d\u00fc\u015fmesinin ard\u0131ndan Meclis tarihinde ilk kez bir yemin boykotu ya\u015fanacak. Ancak Meclis \u0130\u00e7t\u00fcz\u00fc\u011f\u00fc b\u00f6yle bir duruma haz\u0131rl\u0131kl\u0131 de\u011fil.<\/p>\n<p style=\"text-align: justify;\">Anayasa\u2019da milletvekillerinin and i\u00e7erek g\u00f6reve ba\u015flayacaklar\u0131 h\u00fckm\u00fc yer al\u0131yor. Boykot durumunda ise nas\u0131l bir yapt\u0131r\u0131m uygulanaca\u011f\u0131 konusunda a\u00e7\u0131kl\u0131k bulunmuyor. Yemin etmeyen milletvekili fiilen bu s\u0131fat\u0131 kazanamayacak ve maa\u015f, diplomatik pasaport gibi \u00f6zl\u00fck haklar\u0131n\u0131 da alamayacak.<\/p>\n<p style=\"text-align: justify;\">Yemin etmeyen ve TBMM\u2019ye gelmeyen milletvekillerinin ak\u0131beti ile bu tavr\u0131n siyasi sonu\u00e7lar\u0131 ise yeni se\u00e7ilecek Meclis Ba\u015fkan\u0131 ve TBMM Ba\u015fkanl\u0131k Divan\u0131\u2019n\u0131n karar\u0131na ba\u011fl\u0131 olacak.<\/p>\n<p style=\"text-align: justify;\">A\u00e7\u0131k h\u00fck\u00fcm olmamas\u0131 nedeniyle, s\u00fcre\u00e7 Divan\u2019\u0131n \u00e7izece\u011fi yol haritas\u0131na ba\u011fl\u0131 olacak. Ba\u011f\u0131ms\u0131zlar yemin etmemeleri nedeniyle BDP\u2019ye kat\u0131l\u0131p grup da olu\u015fturamayacak. Komisyon \u00e7al\u0131\u015fmalar\u0131na kat\u0131lamayacak.<\/p>\n<p style=\"text-align: justify;\"><a href=\"http:\/\/haber.gazetevatan.com\/bagimsizlar-boykot-dedi\/385136\/9\/Siyaset\" target=\"_blank\">Kaynak : VATAN Gazetesi<\/a><\/p>\n","protected":false},"excerpt":{"rendered":"<p style=\"text-align: center;\">\n<p style=\"text-align: justify;\">BDP, ba\u011f\u0131ms\u0131z milletvekillerinin Meclis&#8217;e gitmemesi y\u00f6n\u00fcnde karar ald\u0131. Ortak a\u00e7\u0131klamay\u0131 okuyan \u015eerafettin El\u00e7i: Somut bir ad\u0131m at\u0131l\u0131ncaya kadar Meclis&#8217;e gitmeyece\u011fiz&#8230;<\/p>\n<p style=\"text-align: justify;\">BDP\u2019nin destekledi\u011fi Diyarbak\u0131r Ba\u011f\u0131ms\u0131z Milletvekili \u015eerafettin El\u00e7i, YSK\u2019n\u0131n Hatip Dicle karar\u0131 ile ilgili olarak, &#8220;Parlamento ve iktidar bu haks\u0131zl\u0131\u011f\u0131 giderme ve demokratik siyasetin \u00f6n\u00fcn\u00fc a\u00e7arak, \u00e7\u00f6z\u00fcm olanaklar\u0131n\u0131 geli\u015ftirme <\/p>\n","protected":false},"author":1,"featured_media":0,"comment_status":"open","ping_status":"closed","sticky":false,"template":"","format":"standard","meta":{"footnotes":""},"categories":[105],"tags":[],"class_list":["post-35038","post","type-post","status-publish","format-standard","hentry","category-gundem","odd"],"_links":{"self":[{"href":"http:\/\/www.korhanyilmaz.com\/index.php?rest_route=\/wp\/v2\/posts\/35038","targetHints":{"allow":["GET"]}}],"collection":[{"href":"http:\/\/www.korhanyilmaz.com\/index.php?rest_route=\/wp\/v2\/posts"}],"about":[{"href":"http:\/\/www.korhanyilmaz.com\/index.php?rest_route=\/wp\/v2\/types\/post"}],"author":[{"embeddable":true,"href":"http:\/\/www.korhanyilmaz.com\/index.php?rest_route=\/wp\/v2\/users\/1"}],"replies":[{"embeddable":true,"href":"http:\/\/www.korhanyilmaz.com\/index.php?rest_route=%2Fwp%2Fv2%2Fcomments&post=35038"}],"version-history":[{"count":0,"href":"http:\/\/www.korhanyilmaz.com\/index.php?rest_route=\/wp\/v2\/posts\/35038\/revisions"}],"wp:attachment":[{"href":"http:\/\/www.korhanyilmaz.com\/index.php?rest_route=%2Fwp%2Fv2%2Fmedia&parent=35038"}],"wp:term":[{"taxonomy":"category","embeddable":true,"href":"http:\/\/www.korhanyilmaz.com\/index.php?rest_route=%2Fwp%2Fv2%2Fcategories&post=35038"},{"taxonomy":"post_tag","embeddable":true,"href":"http:\/\/www.korhanyilmaz.com\/index.php?rest_route=%2Fwp%2Fv2%2Ftags&post=35038"}],"curies":[{"name":"wp","href":"https:\/\/api.w.org\/{rel}","templated":true}]}}