{"id":35027,"date":"2011-06-23T14:01:52","date_gmt":"2011-06-23T11:01:52","guid":{"rendered":"http:\/\/www.korhanyilmaz.com\/?p=35027"},"modified":"2011-07-10T23:40:14","modified_gmt":"2011-07-10T20:40:14","slug":"ankarada-baykali-kizdiracak-gosteri","status":"publish","type":"post","link":"http:\/\/www.korhanyilmaz.com\/?p=35027","title":{"rendered":"Ankara&#8217;da Baykal&#8217;\u0131 k\u0131zd\u0131racak g\u00f6steri!"},"content":{"rendered":"<p style=\"text-align: center;\"><a href=\"http:\/\/www.korhanyilmaz.com\/wp-content\/uploads\/2011\/06\/215.jpg\"  class=\"lightview\"><img loading=\"lazy\" decoding=\"async\" class=\"aligncenter size-full wp-image-35029\" src=\"http:\/\/www.korhanyilmaz.com\/wp-content\/uploads\/2011\/06\/215.jpg\" alt=\"\" width=\"307\" height=\"236\" \/><\/a><\/p>\n<p style=\"text-align: justify;\">CHP Ankara \u0130l Ba\u015fkanl\u0131\u011f\u0131&#8217;nca, parti genel merkezi \u00f6n\u00fcnde Genel Ba\u015fkan Kemal K\u0131l\u0131\u00e7daro\u011flu&#8217;na destek g\u00f6sterisi d\u00fczenlendi. Ellerinde \u00e7e\u015fitli pankart ve d\u00f6vizler bulunan partililer, genel merkez \u00f6n\u00fcnde topland\u0131. &#8220;Vur vur inlesin, Baykal dinlesin&#8221;, &#8220;Baykal elini CHP&#8217;den \u00e7ek&#8221; sloganlar\u0131 atan partililerin ta\u015f\u0131d\u0131klar\u0131 &#8220;Se\u00e7imde 10 dakika \u00e7al\u0131\u015fmayanlar\u0131n 1 dakika konu\u015fma hakk\u0131 yoktur&#8221; d\u00f6vizleri dikkati \u00e7ekti. <!--more--><\/p>\n<p style=\"text-align: justify;\">Partililere y\u00f6nelik ilk konu\u015fmay\u0131 yapan CHP Genel Ba\u015fkan Yard\u0131mc\u0131s\u0131 Hur\u015fit G\u00fcne\u015f, K\u0131l\u0131\u00e7daro\u011flu y\u00f6netimindeki CHP&#8217;nin oylar\u0131n\u0131n y\u00fckseldi\u011fini ifade etti.<\/p>\n<p style=\"text-align: justify;\">G\u00fcne\u015f, &#8220;Bir yenilik olarak \u00e7\u0131kt\u0131k, Atat\u00fcrk&#8217;\u00fcn partisi CHP&#8217;yi, T\u00fcrkiye&#8217;nin ilerlemesi i\u00e7in yola \u00e7\u0131kartt\u0131k. H\u0131zla ilerliyoruz. \u015eimdi bu g\u00fc\u00e7te ve bu s\u00fckunette olmal\u0131y\u0131z. Her \u015fey yolunda gidiyor&#8221; dedi.<\/p>\n<p style=\"text-align: justify;\">\u00d6rg\u00fctlerin, CHP&#8217;nin enerjisi oldu\u011funu, kendilerine verdi\u011fi deste\u011fin de fark\u0131nda olduklar\u0131n\u0131 kaydeden G\u00fcne\u015f, partide zaman zaman ufak tefek tart\u0131\u015fmalar\u0131n ya\u015fanabilece\u011fini, bunu olgunlukla kar\u015f\u0131lad\u0131klar\u0131n\u0131 dile getirdi.<\/p>\n<p style=\"text-align: justify;\">G\u00fcne\u015f, &#8220;Yolumuza devam edece\u011fiz. Yolumuzdan \u00f6d\u00fcn verecek durumda de\u011filiz. T\u00fcrkiye&#8217;nin \u00f6nemli sorunlar\u0131, halk\u0131m\u0131z\u0131n \u00f6nemli s\u0131k\u0131nt\u0131lar\u0131 var. Bunlar\u0131n \u00e7aresi CHP ve sosyal demokrasidir&#8221; ifadelerini kulland\u0131.<\/p>\n<p style=\"text-align: justify;\">CHP Ankara \u0130l Ba\u015fkan\u0131 Tar\u0131k \u015eeng\u00fcl de iktidar\u0131 kazanamad\u0131klar\u0131 bir se\u00e7imden sonra &#8220;tatmin olduk&#8221; diyemeyeceklerini, ancak se\u00e7im sonu\u00e7lar\u0131n\u0131n i\u00e7inde bulunulan ko\u015fullar g\u00f6z\u00f6n\u00fcnde tutularak de\u011ferlendirilmesi gerekti\u011fini kaydetti.<\/p>\n<p style=\"text-align: justify;\">CHP&#8217;nin yak\u0131n zamana kadar halkla aras\u0131ndaki bo\u015flu\u011fu kapatmakta ba\u015far\u0131l\u0131 olamad\u0131\u011f\u0131n\u0131 belirten \u015eeng\u00fcl, \u015funlar\u0131 s\u00f6yledi:<\/p>\n<p style=\"text-align: justify;\">&#8220;Ama yak\u0131n zamanda CHP&#8217;de ortaya \u00e7\u0131kan yenile\u015fme hareketi ve genel ba\u015fkan\u0131m\u0131z\u0131n CHP&#8217;ye getirdi\u011fi yeni soluk ve ivme, tarihsel olarak olu\u015fan bu kopu\u015fun, bo\u015flu\u011fun bir kez daha kopart\u0131lmamak \u00fczere kapanmaya ba\u015flad\u0131\u011f\u0131n\u0131n da i\u015fareti oldu. 12 Haziran, tam da bu a\u00e7\u0131dan bir kopu\u015f noktas\u0131d\u0131r. Meydanlarda, sokaklarda, mitinglerde g\u00f6rd\u00fck. Her yerde halk b\u00fcy\u00fck bir co\u015fkuyla CHP&#8217;ye daha \u00f6nce rastlamad\u0131\u011f\u0131m\u0131z bir \u015fekilde ilgi g\u00f6sterdi, kucakla\u015ft\u0131. Ald\u0131\u011f\u0131m\u0131z oy bizim i\u00e7in bir ba\u015flang\u0131\u00e7.<\/p>\n<p style=\"text-align: justify;\">Bundan sonra ko\u015farak gidece\u011fimizden herkes emin olsun. Y\u00fczde 50&#8217;yse o y\u00fczde 50&#8217;yi de al\u0131r\u0131z. Ama o y\u00fczde 26&#8217;ya dikkat edin. O y\u00fczde 26, herhangi bir y\u00fczde 26 de\u011fil. O y\u00fczde 26, T\u00fcrkiye&#8217;nin sa\u011fduyusu, T\u00fcrkiye&#8217;nin onuru, T\u00fcrkiye&#8217;yi ayakta tutabilecek ger\u00e7ek diren\u00e7, CHP&#8217;nin ger\u00e7ek emek\u00e7ileridir. Y\u00fczde 26, T\u00fcrkiye&#8217;nin gelece\u011finin garantisidir. O y\u00fczde 26, gelece\u011fin y\u00fczde 50&#8217;sidir.&#8221;<\/p>\n<p style=\"text-align: center;\"><a href=\"http:\/\/www.korhanyilmaz.com\/wp-content\/uploads\/2011\/06\/214.jpg\"  class=\"lightview\"><img loading=\"lazy\" decoding=\"async\" class=\"aligncenter size-full wp-image-35028\" src=\"http:\/\/www.korhanyilmaz.com\/wp-content\/uploads\/2011\/06\/214.jpg\" alt=\"\" width=\"464\" height=\"280\" \/><\/a><\/p>\n<p style=\"text-align: justify;\">\u015eeng\u00fcl, i\u00e7 hesapla\u015fmalarla zaman ge\u00e7irmeyeceklerini de belirterek, y\u00fczlerinin her zaman d\u0131\u015far\u0131ya d\u00f6n\u00fck olaca\u011f\u0131n\u0131 kaydetti.<\/p>\n<p style=\"text-align: justify;\">K\u0131l\u0131\u00e7daro\u011flu, lehine bir s\u00fcre slogan atan partililer daha sonra Eski\u015fehir yolu \u00fczerinde bulunan &#8220;demir kafes&#8221; diye adland\u0131r\u0131lan in\u015faata do\u011fru y\u00fcr\u00fcy\u00fc\u015fe ge\u00e7ti. Burada in\u015faat\u0131 sloganlarla protesto eden partililere seslenen \u0130l Ba\u015fkan\u0131 \u015eeng\u00fcl, iktidar partisinin hem T\u00fcrkiye&#8217;yi hem de Ankara&#8217;y\u0131 adeta bir hapishaneye \u00e7evirdi\u011fini s\u00f6yledi.<\/p>\n<p style=\"text-align: justify;\">\u015eeng\u00fcl, &#8220;Bu demir kafes, bu ucube onun en b\u00fcy\u00fck \u00f6rne\u011fi. Kars&#8217;taki ucubeyi g\u00f6renler, Ankara&#8217;dakini g\u00f6rm\u00fcyor. Mahkeme karar\u0131 olmamas\u0131na kar\u015f\u0131n Kars&#8217;taki ucubeyi y\u0131kanlar, mahkeme karar\u0131 olmas\u0131na kar\u015f\u0131n Ankara&#8217;dakine dokunmuyor, buray\u0131 g\u00f6zleri g\u00f6rm\u00fcyor&#8221; ifadelerini kulland\u0131.<\/p>\n<p style=\"text-align: justify;\">Bir s\u00fcre sloganlar atan partililer daha sonra olays\u0131z \u015fekilde da\u011f\u0131ld\u0131.<\/p>\n<p style=\"text-align: justify;\"><a href=\"http:\/\/www.cnnturk.com\/2011\/turkiye\/06\/23\/ankarada.baykali.kizdiracak.gosteri\/621018.0\/index.html\" target=\"_blank\">Kaynak : CNN T\u00dcRK<\/a><\/p>\n","protected":false},"excerpt":{"rendered":"<p style=\"text-align: center;\">\n<p style=\"text-align: justify;\">CHP Ankara \u0130l Ba\u015fkanl\u0131\u011f\u0131&#8217;nca, parti genel merkezi \u00f6n\u00fcnde Genel Ba\u015fkan Kemal K\u0131l\u0131\u00e7daro\u011flu&#8217;na destek g\u00f6sterisi d\u00fczenlendi. Ellerinde \u00e7e\u015fitli pankart ve d\u00f6vizler bulunan partililer, genel merkez \u00f6n\u00fcnde topland\u0131. &#8220;Vur vur inlesin, Baykal dinlesin&#8221;, &#8220;Baykal elini CHP&#8217;den \u00e7ek&#8221; sloganlar\u0131 atan partililerin ta\u015f\u0131d\u0131klar\u0131 &#8220;Se\u00e7imde 10 dakika \u00e7al\u0131\u015fmayanlar\u0131n 1 dakika konu\u015fma hakk\u0131 yoktur&#8221; d\u00f6vizleri dikkati <\/p>\n","protected":false},"author":1,"featured_media":0,"comment_status":"open","ping_status":"closed","sticky":false,"template":"","format":"standard","meta":{"footnotes":""},"categories":[105],"tags":[],"class_list":["post-35027","post","type-post","status-publish","format-standard","hentry","category-gundem","odd"],"_links":{"self":[{"href":"http:\/\/www.korhanyilmaz.com\/index.php?rest_route=\/wp\/v2\/posts\/35027","targetHints":{"allow":["GET"]}}],"collection":[{"href":"http:\/\/www.korhanyilmaz.com\/index.php?rest_route=\/wp\/v2\/posts"}],"about":[{"href":"http:\/\/www.korhanyilmaz.com\/index.php?rest_route=\/wp\/v2\/types\/post"}],"author":[{"embeddable":true,"href":"http:\/\/www.korhanyilmaz.com\/index.php?rest_route=\/wp\/v2\/users\/1"}],"replies":[{"embeddable":true,"href":"http:\/\/www.korhanyilmaz.com\/index.php?rest_route=%2Fwp%2Fv2%2Fcomments&post=35027"}],"version-history":[{"count":0,"href":"http:\/\/www.korhanyilmaz.com\/index.php?rest_route=\/wp\/v2\/posts\/35027\/revisions"}],"wp:attachment":[{"href":"http:\/\/www.korhanyilmaz.com\/index.php?rest_route=%2Fwp%2Fv2%2Fmedia&parent=35027"}],"wp:term":[{"taxonomy":"category","embeddable":true,"href":"http:\/\/www.korhanyilmaz.com\/index.php?rest_route=%2Fwp%2Fv2%2Fcategories&post=35027"},{"taxonomy":"post_tag","embeddable":true,"href":"http:\/\/www.korhanyilmaz.com\/index.php?rest_route=%2Fwp%2Fv2%2Ftags&post=35027"}],"curies":[{"name":"wp","href":"https:\/\/api.w.org\/{rel}","templated":true}]}}