{"id":35022,"date":"2011-06-23T09:37:13","date_gmt":"2011-06-23T06:37:13","guid":{"rendered":"http:\/\/www.korhanyilmaz.com\/?p=35022"},"modified":"2011-07-10T22:53:49","modified_gmt":"2011-07-10T19:53:49","slug":"gulen%e2%80%99e-don-cagrisi-yaptik","status":"publish","type":"post","link":"http:\/\/www.korhanyilmaz.com\/?p=35022","title":{"rendered":"&#8220;G\u00fclen\u2019e d\u00f6n \u00e7a\u011fr\u0131s\u0131 yapt\u0131k&#8221;"},"content":{"rendered":"<p style=\"text-align: center;\"><a href=\"http:\/\/www.korhanyilmaz.com\/wp-content\/uploads\/2011\/06\/213.jpg\"  class=\"lightview\"><img loading=\"lazy\" decoding=\"async\" class=\"aligncenter size-full wp-image-35023\" src=\"http:\/\/www.korhanyilmaz.com\/wp-content\/uploads\/2011\/06\/213.jpg\" alt=\"\" width=\"307\" height=\"236\" \/><\/a><\/p>\n<p style=\"text-align: justify;\">ABD\u2019de ya\u015fayan Fethullah G\u00fclen\u2019e T\u00fcrkiye\u2019ye d\u00f6nmesi i\u00e7in \u00e7a\u011fr\u0131da bulunduklar\u0131n\u0131 belirten Zaman yazar\u0131 G\u00fclerce, G\u00fclen\u2019in &#8220;Ben u\u00e7aktan iner inmez bir provokasyon d\u00fc\u011fmesine basacaklar. Buna izin veremem\u201d dedi\u011fini kaydetti. <!--more--><\/p>\n<p style=\"text-align: justify;\">Zaman gazetesi yazar\u0131 H\u00fcseyin G\u00fclerce, ABD\u2019de ya\u015fayan Fethullah G\u00fclen\u2019e T\u00fcrkiye\u2019ye d\u00f6nmesi i\u00e7in \u00e7a\u011fr\u0131da bulunduklar\u0131n\u0131 belirterek, G\u00fclen\u2019in \u201cBen u\u00e7aktan iner inmez T\u00fcrkiye\u2019yi kar\u0131\u015ft\u0131rmak isteyenler bir provokasyon d\u00fc\u011fmesine basacaklar. B\u00f6yle bir \u015feye izin veremem\u201d dedi\u011fini kaydetti.<\/p>\n<p style=\"text-align: justify;\">G\u00fclerce, &#8220;Bu benim yorumum. Humeyni gibi d\u00f6necek iddialar\u0131na cevaben, \u2018Ben d\u00f6nersem kendim gibi d\u00f6nerim\u2019 diyor&#8221; a\u00e7\u0131klamas\u0131n\u0131 yapt\u0131.<\/p>\n<p style=\"text-align: justify;\">NTV\u2019de yay\u0131nlanan Yaz\u0131 \u0130\u015fleri program\u0131nda Ru\u015fen \u00c7ak\u0131r\u2019\u0131n sorular\u0131n\u0131 yan\u0131tlayan G\u00fclerce, G\u00fclen\u2019in T\u00fcrkiye\u2019ye d\u00f6nmesine ili\u015fkin a\u00e7\u0131klamalarda bulundu.<\/p>\n<p style=\"text-align: justify;\">&#8220;Kamuoyunda, G\u00fclen\u2019in s\u00f6zc\u00fcs\u00fc oldu\u011funuz gibi bir imaj\u0131n\u0131z var&#8221; s\u00f6zleri \u00fczerine G\u00fclerce, bunun do\u011fru olmad\u0131\u011f\u0131n\u0131 her f\u0131rsatta dile getirdi\u011fini kaydetti. &#8220;Ko\u015fullar Fethullah G\u00fclen\u2019in geri d\u00f6n\u00fc\u015f\u00fc i\u00e7in uygun bir ortam yarat\u0131yor mu, bu durumda m\u0131y\u0131z?&#8221; sorusu \u00fczerine de G\u00fclerce \u015fu yan\u0131t\u0131 verdi:<\/p>\n<p style=\"text-align: justify;\">&#8220;Bu soruyu en do\u011fru yan\u0131tlayacak olan G\u00fclen\u2019dir. Birka\u00e7 g\u00fcn \u00f6nce bir Alman muhabir de o soruyu soruyor. G\u00fclen de \u2018Gurbetlik hasretini kavu\u015fma dindirir. Ama ne yapay\u0131m ki kaderin g\u00f6n\u00fcll\u00fc mahk\u00fbmuyum\u2019 diyor. \u0130lk defa size anlatay\u0131m. Bundan 4 y\u0131l \u00f6nce ben ya\u015flarda bir grup arkada\u015f kendi aram\u0131zda Say\u0131n G\u00fclen\u2019e \u2018d\u00f6n\u00fcn\u2019 demedi\u011fimiz i\u00e7in konu\u015ftuk. T\u00fcrkiye\u2019de bulunan arkada\u015flar, \u2018L\u00fctfen T\u00fcrkiye\u2019ye d\u00f6n\u00fcn dememiz gerekmiyor mu?\u2019 konusunu tart\u0131\u015ft\u0131k uzun uzun. Ba\u015ftan fizik\u00e7i mant\u0131\u011f\u0131mla kendi verece\u011fi karar derken, ben de b\u00f6yle yapmam\u0131z gerekti\u011fine ikna oldum.<\/p>\n<p style=\"text-align: justify;\"><strong>&#8220;\u0130\u015fi hissiyata d\u00f6kmeyin&#8221;<\/strong><\/p>\n<p style=\"text-align: justify;\">Kendisinden bir randevu ald\u0131k. Kar\u015f\u0131s\u0131na ge\u00e7tik, \u2018\u015e\u00f6yle bir talebimiz var\u2019 dedik. Bir arkada\u015f i\u00e7li bir mektup yazm\u0131\u015f. O mektubu okutmadan g\u00fcl\u00fcmseyerek ald\u0131, cebine koydu. \u2018\u0130\u015fi hissiyata d\u00f6kmeyin. En hisli olan benim. Ben u\u00e7aktan iner inmez T\u00fcrkiye\u2019yi kar\u0131\u015ft\u0131rmak isteyenler bir provokasyon d\u00fc\u011fmesine basacaklar. B\u00f6yle bir \u015feye izin veremem\u2019 dedi. Bundan sonras\u0131 benim yorumum; Humeyni gibi d\u00f6necek iddialar\u0131na cevaben \u2018Ben d\u00f6nersem kendim gibi d\u00f6nerim\u2019 diyor. &#8220;<\/p>\n<p style=\"text-align: justify;\"><a href=\"http:\/\/www.cnnturk.com\/2011\/yazarlar\/06\/23\/gulen.e.don.cagrisi.yaptik\/620955.0\/index.html\" target=\"_blank\">Kaynak : CNN T\u00dcRK<\/a><\/p>\n<p style=\"text-align: justify;\">\n","protected":false},"excerpt":{"rendered":"<p style=\"text-align: center;\">\n<p style=\"text-align: justify;\">ABD\u2019de ya\u015fayan Fethullah G\u00fclen\u2019e T\u00fcrkiye\u2019ye d\u00f6nmesi i\u00e7in \u00e7a\u011fr\u0131da bulunduklar\u0131n\u0131 belirten Zaman yazar\u0131 G\u00fclerce, G\u00fclen\u2019in &#8220;Ben u\u00e7aktan iner inmez bir provokasyon d\u00fc\u011fmesine basacaklar. Buna izin veremem\u201d dedi\u011fini kaydetti. <\/p>\n","protected":false},"author":1,"featured_media":0,"comment_status":"open","ping_status":"closed","sticky":false,"template":"","format":"standard","meta":{"footnotes":""},"categories":[105],"tags":[],"class_list":["post-35022","post","type-post","status-publish","format-standard","hentry","category-gundem","odd"],"_links":{"self":[{"href":"http:\/\/www.korhanyilmaz.com\/index.php?rest_route=\/wp\/v2\/posts\/35022","targetHints":{"allow":["GET"]}}],"collection":[{"href":"http:\/\/www.korhanyilmaz.com\/index.php?rest_route=\/wp\/v2\/posts"}],"about":[{"href":"http:\/\/www.korhanyilmaz.com\/index.php?rest_route=\/wp\/v2\/types\/post"}],"author":[{"embeddable":true,"href":"http:\/\/www.korhanyilmaz.com\/index.php?rest_route=\/wp\/v2\/users\/1"}],"replies":[{"embeddable":true,"href":"http:\/\/www.korhanyilmaz.com\/index.php?rest_route=%2Fwp%2Fv2%2Fcomments&post=35022"}],"version-history":[{"count":0,"href":"http:\/\/www.korhanyilmaz.com\/index.php?rest_route=\/wp\/v2\/posts\/35022\/revisions"}],"wp:attachment":[{"href":"http:\/\/www.korhanyilmaz.com\/index.php?rest_route=%2Fwp%2Fv2%2Fmedia&parent=35022"}],"wp:term":[{"taxonomy":"category","embeddable":true,"href":"http:\/\/www.korhanyilmaz.com\/index.php?rest_route=%2Fwp%2Fv2%2Fcategories&post=35022"},{"taxonomy":"post_tag","embeddable":true,"href":"http:\/\/www.korhanyilmaz.com\/index.php?rest_route=%2Fwp%2Fv2%2Ftags&post=35022"}],"curies":[{"name":"wp","href":"https:\/\/api.w.org\/{rel}","templated":true}]}}