{"id":3502,"date":"2009-02-22T15:42:48","date_gmt":"2009-02-22T13:42:48","guid":{"rendered":"http:\/\/www.korhanyilmaz.com\/?p=3502"},"modified":"2009-02-22T15:42:48","modified_gmt":"2009-02-22T13:42:48","slug":"%e2%80%98basbakanim-siz-de-isci-oldurmeyi-iyi-bilirsiniz%e2%80%99","status":"publish","type":"post","link":"http:\/\/www.korhanyilmaz.com\/?p=3502","title":{"rendered":"\u2018Ba\u015fbakan\u0131m siz de i\u015f\u00e7i \u00f6ld\u00fcrmeyi iyi bilirsiniz!\u2019"},"content":{"rendered":"<p style=\"text-align: center;\"><img loading=\"lazy\" decoding=\"async\" class=\"aligncenter size-full wp-image-3503\" title=\"Saadet Partisi \u0130stanbul B\u00fcy\u00fck\u015fehir Belediye Ba\u015fkan Aday\u0131 Bekaro\u011flu\" src=\"http:\/\/www.korhanyilmaz.com\/wp-content\/uploads\/2009\/02\/230220090348316871730.jpg\" alt=\"Saadet Partisi \u0130stanbul B\u00fcy\u00fck\u015fehir Belediye Ba\u015fkan Aday\u0131 Bekaro\u011flu\" width=\"376\" height=\"240\" \/><\/p>\n<p style=\"text-align: justify;\"><strong>Saadet Partisi \u0130stanbul B\u00fcy\u00fck\u015fehir Belediye Ba\u015fkan Aday\u0131  Bekaro\u011flu&#8217;ndan Erdo\u011fan&#8217;a a\u011f\u0131r s\u00f6zler<\/strong><\/p>\n<p style=\"text-align: justify;\"><strong><\/strong><br \/>\n&#8220;A\u011f\u0131r bir laf olacak, ama maalesef ger\u00e7ek&#8221; diye girdi s\u00f6ze Saadet Partisi \u0130stanbul B\u00fcy\u00fck\u015fehir Belediye Ba\u015fkan Aday\u0131 Prof. Dr. Mehmet Bekaro\u011flu; &#8220;Ba\u015fbakan\u0131m\u0131z\u0131n Peres&#8217;e k\u00fckremesinden ben de gurur duydum. Ama sadece Gazze&#8217;de katliam olmuyor. Yan\u0131ba\u015f\u0131nda Tuzla&#8217;da \u00f6len 120 i\u015f\u00e7iyi nas\u0131l g\u00f6rmezden gelirsin! Hangi vicdana s\u0131\u011far, &#8216;Piyasa b\u00f6yle deyip, sermayeden yana tav\u0131r almak?&#8221; diye soruyor<br \/>\nve cidden a\u011f\u0131r konu\u015fuyor: &#8220;Say\u0131n Ba\u015fbakan siz de i\u015f\u00e7i \u00f6ld\u00fcrmeyi iyi bilirsiniz, uygulad\u0131\u011f\u0131n\u0131z neoliberal politikalara her g\u00fcn Tuzla&#8217;da i\u015f\u00e7ilerimiz kurban oluyor!&#8221;<\/p>\n<p style=\"text-align: justify;\">Farkl\u0131 bir ses, farkl\u0131 bir duru\u015f ar\u0131yorsan\u0131z bu yerel se\u00e7imlerde Saadet Partisi \u0130stanbul B\u00fcy\u00fck\u015fehir Belediye Ba\u015fkan Aday\u0131 Prof. Dr. Mehmet Bekaro\u011flu&#8217;na kulak vermek gerek. Sanki bir sosyalist partinin lideriyle konu\u015fur gibi hissediyorsunuz kendinizi. Hamaset yok, &#8220;Yapaca\u011f\u0131z, edece\u011fiz&#8221; gibi bo\u015f vaatler yok. T\u00fcm\u00fcyle insan vurgusu ve garibin hakk\u0131 \u00fczerine kurulmu\u015f bir kampanya Bekaro\u011flu&#8217;nunki&#8230; Asl\u0131nda \u00e7ok da \u015fa\u015f\u0131rt\u0131c\u0131 de\u011fil bu, onu tan\u0131yanlar a\u00e7\u0131s\u0131ndan. &#8216;M\u00fcsl\u00fcman kom\u00fcnist&#8217; diye tan\u0131mlam\u0131\u015ft\u0131 Bekaro\u011flu&#8217;nu y\u0131llar \u00f6nce Ahmet Hakan ve o bu tan\u0131mlamadan zerre kadar rahats\u0131z de\u011fil. &#8220;E\u011fer ki&#8221; diyor, &#8220;\u0130\u015f\u00e7inin, ezilenin, s\u00f6m\u00fcr\u00fclenin hakk\u0131n\u0131 korumaksa anlat\u0131lmak istenen, eyvallah!&#8221; <!--more--><br \/>\nAKP&#8217;yi en \u00e7ok tan\u0131yan, belki de bu y\u00fczden en a\u011f\u0131r ele\u015ftirileri yapan da o. Birlikte \u00e7\u0131kt\u0131klar\u0131 bir yoldan \u00f6yle \u00e7ok sap\u0131ld\u0131\u011f\u0131n\u0131 d\u00fc\u015f\u00fcn\u00fcyor ki, can yakmak i\u00e7in de\u011fil, ama i\u00e7ten \u015fu s\u00f6zler d\u00f6k\u00fcl\u00fcyor a\u011fz\u0131ndan. &#8220;Ba\u015fbakan imam hatiplidir, haf\u0131zd\u0131r, Kuran&#8217;\u0131 \u00e7ok iyi bilir. D\u00f6ns\u00fcn, tekrar okusun, &#8216;Bir insan\u0131n haks\u0131z yere \u00f6ld\u00fcr\u00fclmesi, b\u00fct\u00fcn insanl\u0131\u011f\u0131n \u00f6ld\u00fcr\u00fclmesidir. Bin 300 insan Gazze&#8217;de, 1.5 milyon insan Irak&#8217;ta, 120 i\u015f\u00e7i Tuzla&#8217;da katledildi. Ba\u015fbakan, bir tek Gazze i\u00e7in a\u011flad\u0131! Irak&#8217;ta \u00f6lenler i\u00e7in tek bir laf \u00e7\u0131kmad\u0131 a\u011fz\u0131ndan. \u00c7\u00fcnk\u00fc \u00f6ld\u00fcren b\u00fcy\u00fckt\u00fc, ABD&#8217;ydi. Peki ya Tuzla&#8217;da \u00f6lenler? Sanki yokmu\u015f gibi davran\u0131yor. \u00c7\u00fcnk\u00fc onlar\u0131 da pek savundu\u011fu serbest piyasa \u00f6ld\u00fcrd\u00fc. \u015eimdi ben &#8216;Ba\u015fbakan\u0131m siz de i\u015f\u00e7ileri \u00f6ld\u00fcrmeyi \u00e7ok iyi biliyorsunuz&#8217; desem \u00e7ok mu a\u011f\u0131r bir \u015fey s\u00f6ylemi\u015f olurum. Elbette \u00f6ld\u00fcrmek de\u011fildir niyetleri. Ama siz her \u015feye parayla bakarsan\u0131z bu sonu\u00e7 \u00e7\u0131kar&#8221; diyor.\n<\/p>\n<p style=\"text-align: justify;\"><strong>&#8216;D\u0130NDARLAR DA DA\u011eITTI&#8217;<\/strong><\/p>\n<p style=\"text-align: justify;\">Konu\u015ftuk\u00e7a \u00fcz\u00fcl\u00fcyor, \u00fcz\u00fcld\u00fck\u00e7e ele\u015ftirileri daha da keskinle\u015fiyor. &#8220;Dindar\u0131m demek yetmez, d\u00fcr\u00fcst de olmak gerek. Soruyorum dindar i\u015fverenlere, &#8216;Yan\u0131nda \u00e7al\u0131\u015ft\u0131rd\u0131\u011f\u0131n i\u015f\u00e7iye 500 lira maa\u015f vermek hangi vicdana s\u0131\u011far? Sigortas\u0131n\u0131 bile yapt\u0131rmay\u0131p, nas\u0131l rahat uyursun?&#8217; Diyorlar ki; &#8216;Ne yapal\u0131m, piyasa b\u00f6yle!&#8217; Dindar\u0131 da, dindar olmayan\u0131 da ayn\u0131 \u015feyi savunuyor&#8230;&#8221; Dindarl\u0131k, d\u00fcr\u00fcstl\u00fck, hakkaniyet ad\u0131na yola \u00e7\u0131kan bir partinin geldi\u011fi noktay\u0131 yine \u00fc\u00e7 s\u00f6zc\u00fckle \u00f6zetliyor Bekaro\u011flu; &#8220;Sermayeden, haramdan, ya\u011fmadan yana bir parti oldu AKP. ANAP&#8217;tan hi\u00e7bir fark\u0131 kalmad\u0131. Yolsuzlu\u011fuyla, talan\u0131yla&#8230;<\/p>\n<p style=\"text-align: justify;\"><strong>Milli G\u00f6r\u00fc\u015f&#8217;\u00fcn en etkin isimlerinden birisiniz. Sizce Erdo\u011fan de\u011fi\u015fti mi?<\/strong><\/p>\n<p style=\"text-align: justify;\">Hem de nas\u0131l! Tayyip Bey, 1994&#8217;te Refah Partisi&#8217;nin belediye ba\u015fkan\u0131yd\u0131 ve Milli G\u00f6r\u00fc\u015f\u00e7\u00fc&#8217;yd\u00fc, \u015fimdi g\u00f6mle\u011fi \u00e7\u0131kard\u0131. Milli G\u00f6r\u00fc\u015f\u00e7\u00fc&#8217;yken belediye duvarlar\u0131na &#8216;R\u00fc\u015fvet alan da, veren de melundur&#8217; diye yazm\u0131\u015ft\u0131. \u015eimdi onlar\u0131n hepsi kalkt\u0131. Sokakta insanlar\u0131 \u00e7evirin, \u015funu duyacaks\u0131n\u0131z, &#8216;Evet \u00e7ald\u0131klar\u0131n\u0131 biliyoruz ama i\u015f de yap\u0131yorlar.&#8217; \u015eu anlay\u0131\u015fa bak\u0131n! Ne sakat bir anlay\u0131\u015f. Ne yaparsan\u0131z yap\u0131n h\u0131rs\u0131zl\u0131\u011f\u0131, r\u00fc\u015fveti t\u00fcm\u00fcyle \u00f6nleyemezsiniz. Ama asgariye indirmenin yolu y\u00f6netim anlay\u0131\u015f\u0131n\u0131 de\u011fi\u015ftirmekten ge\u00e7er. Biz saydam, denetlenebilir ve hesap verebilir bir belediyecilik kuraca\u011f\u0131z. Bak\u0131n, bug\u00fcn belediye imar komisyonu toplant\u0131lar\u0131 &#8216;kentsel d\u00f6n\u00fc\u015f\u00fcm&#8217; diye kapal\u0131 kap\u0131lar arkas\u0131nda yap\u0131l\u0131yor. Siz Bo\u011faz K\u00f6pr\u00fcs\u00fc&#8217;n\u00fcn nereden ge\u00e7ece\u011fini biliyor musunuz?<\/p>\n<p style=\"text-align: justify;\"><strong>Hay\u0131r&#8230; <\/strong><\/p>\n<p style=\"text-align: justify;\">Ben de bilmiyorum, ama bir k\u0131s\u0131m insan biliyor, Bo\u011faz&#8217;\u0131n tepelerinde arsa kapat\u0131yor. Arsa ya\u011fmac\u0131l\u0131\u011f\u0131n\u0131n, arsa rant\u00e7\u0131l\u0131\u011f\u0131n\u0131n ad\u0131 kentsel d\u00f6n\u00fc\u015f\u00fcm oldu. Kimin ad\u0131na, hangi imar de\u011fi\u015fiklikleri yap\u0131l\u0131yor bilinmiyor. Geliyorlar, bir arsaya o g\u00fcn\u00fcn de\u011ferinden biraz fazla veriyorlar al\u0131yorlar senden. Sonra bir imar de\u011fi\u015fikli\u011fi yap\u0131yorlar, 5 liraya ald\u0131klar\u0131 arsa 100 lira oluyor. Bu nas\u0131l bir insanl\u0131k, bu nas\u0131l bir M\u00fcsl\u00fcmanl\u0131k, bu nas\u0131l bir hukuk anlay\u0131\u015f\u0131? Ne Allah&#8217;tan korkuyorlar, ne kuldan utan\u0131yorlar.<\/p>\n<p style=\"text-align: justify;\"><strong>AKP&#8217;lileri de\u011fi\u015ftiren koltuk mu oldu? <\/strong><\/p>\n<p style=\"text-align: justify;\">Evet&#8230; Niyetlerini, kalplerini Allah bilir. Ama geldikten sonra yapt\u0131klar\u0131 ortada. Bak\u0131n, AKP zaman\u0131nda CHP&#8217;nin de deste\u011fiyle bir yasa \u00e7\u0131kar\u0131ld\u0131. Bu yasayla belediyelerin denetimi, belediye ba\u015fkan\u0131n\u0131n atayaca\u011f\u0131 20 ki\u015fiye verildi. Topba\u015f, bu 20 ki\u015finin yakla\u015f\u0131k 10&#8217;unu atad\u0131. &#8216;Sizi at\u0131yorum, beni denetleyin&#8217; diye. B\u00f6yle sa\u00e7mal\u0131k olur mu? B\u00f6yle h\u0131rs\u0131zl\u0131k \u00f6nlenir mi? H\u0131rs\u0131zl\u0131\u011f\u0131 \u00f6nlemek merkezi h\u00fck\u00fcmetin i\u015fidir, bunun i\u00e7in de kanun \u00e7\u0131kmas\u0131 gerekiyor. Denet\u00e7iler de halk taraf\u0131ndan se\u00e7ilmeli. Sistemi de\u011fi\u015ftireceksiniz, bunlar\u0131 \u00f6nleyeceksiniz&#8230; Ama Erdo\u011fan ve arkada\u015flar\u0131 \u00e7ok de\u011fi\u015ftiler. Ben psikiyatristim ve bu s\u00fcreci i\u00e7inde ya\u015fad\u0131m. Nas\u0131l de\u011fi\u015ftiler Milli G\u00f6r\u00fc\u015f\u00e7\u00fcler? T\u00fcrkiye&#8217;nin dindar, d\u00fcr\u00fcst, ahlakl\u0131 olduklar\u0131 i\u00e7in se\u00e7ti\u011fi, kendileri gelince her \u015feyi daha g\u00fczel yapaca\u011f\u0131n\u0131 iddia eden bu insanlar nas\u0131l de\u011fi\u015fti size s\u00f6yleyeyim; para ve imkanlarla y\u00fczle\u015fince de\u011fi\u015ftiler. Para ve paray\u0131 kazanma \u015fekli nas\u0131l t\u00fcketilece\u011fini de dayat\u0131yor. Dindar olmayan ve haram yollarla para kazanan insan, gider 5 y\u0131ld\u0131zl\u0131 otellere, yer, i\u00e7er, gezer, b\u00f6yle ya\u015far. Dindarlar da da\u011f\u0131tt\u0131, aynen \u00f6yle ya\u015famaya ba\u015flad\u0131. T\u00fcrkiye&#8217;de 10 sene \u00f6nce bir tane olan 5 y\u0131ld\u0131zl\u0131 mesture otel say\u0131s\u0131 40&#8217;a \u00e7\u0131kt\u0131.<\/p>\n<p style=\"text-align: justify;\"><strong>Mesture otel nedir?<\/strong><\/p>\n<p style=\"text-align: justify;\">Mesture &#8216;kapal\u0131&#8217; demek. \u0130\u00e7ki verilmeyen, kad\u0131n-erkek havuzlar\u0131 ayr\u0131 olan ama israf\u0131n sonuna kadar oldu\u011fu oteller olu\u015ftu. Ba\u015f\u00f6rt\u00fcl\u00fc kad\u0131nlar gidiyor. Bug\u00fcn iki tip ba\u015f\u00f6rt\u00fcl\u00fc kad\u0131n var. Bir yanda toplum yoksulla\u015ft\u0131k\u00e7a, yoksulla\u015fan ba\u015f\u00f6rt\u00fcl\u00fcler, di\u011fer yanda da adaletsiz toplum sistemi devam ettik\u00e7e zenginle\u015fen, ciplere terfi eden, 5 y\u0131ld\u0131zl\u0131 otellerde tatil yapan ba\u015f\u00f6rt\u00fcl\u00fcler var. T\u00fcrkiye, \u00e7ok ciddi bir toplumsal yar\u0131lma ya\u015fad\u0131. Bunu dindar kesimler de ya\u015fad\u0131. \u015eu manzaray\u0131 her g\u00fcn g\u00f6rebilirsiniz. Durakta eski pard\u00f6s\u00fcs\u00fcyle otob\u00fcs bekleyen ba\u015f\u00f6rt\u00fcl\u00fc kad\u0131nla, hemen \u00f6n\u00fcnden ciple ge\u00e7en bir ba\u015fka ba\u015f\u00f6rt\u00fcl\u00fc kad\u0131n&#8230; Bu m\u00fcthi\u015f bir \u00e7eli\u015fkidir. T\u00fcrkiye&#8217;deki de\u011fi\u015fimin de \u00e7ok net g\u00f6stergesidir.<\/p>\n<p style=\"text-align: justify;\"><strong>&#8216;AKP, ANAP&#8217;LA\u015eTI!&#8217;<\/strong><\/p>\n<p style=\"text-align: justify;\"><strong>Bunu yapan AKP h\u00fck\u00fcmeti mi?<\/strong><\/p>\n<p style=\"text-align: justify;\">Evet. Bu AKP zaman\u0131nda oldu. Ba\u015fka bir \u015fey s\u00f6yleyeyim, nas\u0131l de\u011fi\u015ftiler diye soruyorsunuz, 28 \u015eubat \u00f6yle bir geldi ki bu kesimin \u00fczerine, bu i\u00e7 denetimi ortadan kald\u0131racak o kadar b\u00fcy\u00fck bask\u0131lar oldu ki, bu m\u00fctedeyyin kesim, \u00e7ok partili demokratik sisteme ge\u00e7ilmesiyle, 1950&#8217;lerden itibaren elde etmi\u015f oldu\u011fu kazan\u0131mlar\u0131, okullar\u0131, yurtlar\u0131, kurslar\u0131 hepsini kaybedece\u011fiz korkusuna kap\u0131ld\u0131. 28 \u015eubat&#8217;ta kasab\u0131ndan holding sahibine, memurundan i\u015f\u00e7isine ekme\u011fini kaybeden, tedirgin olan binlerce insan vard\u0131. Onbinlerce k\u0131z \u00e7ocu\u011fu okullar\u0131na gidemediler. \u0130nsanlar m\u00fcthi\u015f bir yok oluyoruz korkusuna kap\u0131ld\u0131. O zaman Erdo\u011fan ve arkada\u015flar\u0131 &#8216;Yenilik\u00e7iler&#8217; ad\u0131 alt\u0131nda &#8216;de\u011fi\u015ferek ayakta kalabilirsiniz&#8217; mesaj\u0131 verdi. \u0130\u015fte AKP b\u00f6yle kuruldu. Yanl\u0131\u015f bir \u015feydi. Refah Partisi demokratikle\u015fsin denmedi. &#8216;Modernle\u015fin, bizim gibi olun&#8217; istendi. Onlar da \u00f6yle oldular. H\u0131rs\u0131zl\u0131\u011f\u0131 T\u00fcrkiye&#8217;de AKP ba\u015flatmad\u0131. Anadolu&#8217;da AKP i\u00e7in ne diyorlar \u015fimdi biliyor musun? ANAP&#8217;la\u015ft\u0131. Niye ANAP&#8217;la\u015ft\u0131? \u00c7\u00fcnk\u00fc aynen onlar gibi, o d\u00f6nemlerdeki gibi \u00e7al\u0131yorlar. Bug\u00fcn art\u0131k dindar patronlarla dindar olmayan patronlar maalesef \u00e7ok farkl\u0131 \u015fekilde ya\u015fam\u0131yorlar. Dindar bir arkada\u015f\u0131mla konu\u015fuyorum. &#8216;Ya, bu adamlar g\u00fcnde 10 saat \u00e7al\u0131\u015f\u0131yor, nas\u0131l 500 lira verirsin, sigortas\u0131n\u0131 da yapm\u0131yorsun?&#8217; diyorum. &#8216;O kadar \u00e7ok adam var ki, piyasa b\u00f6yle&#8217; diyor. Dindar olmayan da ayn\u0131 \u015feyi s\u00f6yl\u00fcyor ve yap\u0131yor, &#8216;Piyasa b\u00f6yle.&#8217; Halbuki dindar insan\u0131n hak anlay\u0131\u015f\u0131 olmas\u0131 gerekiyor. Hadis var, &#8216;Aln\u0131n\u0131n teri kurumadan hakk\u0131n\u0131 veriniz&#8217; diye&#8230; Hak nas\u0131l olur? Piyasa b\u00f6yle diye 500 liraya insanlar\u0131 \u00e7al\u0131\u015ft\u0131racak m\u0131s\u0131n\u0131z? Ama i\u015fte Tuzla&#8217;da \u00e7al\u0131\u015ft\u0131r\u0131yorlar. Sigortas\u0131n\u0131 yapm\u0131yorlar, ta\u015feron sistem uyguluyorlar. Dindar olmalar\u0131, Umre&#8217;ye, Hacca gitmeleri, haks\u0131zl\u0131k yapmalar\u0131na, &#8216;\u00dccretleri piyasa belirler&#8217; deyip insanlar\u0131 ezmelerine, emeklerini s\u00f6m\u00fcrmelerine engel olmuyor. Oysa engellemeli. Vicdanlar\u0131 olmal\u0131. Ama o i\u015flerin de vicdana b\u0131rak\u0131lmamas\u0131, hukuku olmas\u0131 gerekiyor. Ama maalesef AKP b\u00fct\u00fcn hukuku sermayeye g\u00f6re d\u00fczenliyor.<\/p>\n<p style=\"text-align: justify;\"><strong>Halka da\u011f\u0131t\u0131lan erzak, k\u00f6m\u00fcr i\u00e7in ne d\u00fc\u015f\u00fcn\u00fcyorsunuz? <\/strong><\/p>\n<p style=\"text-align: justify;\">K\u00f6m\u00fcr da\u011f\u0131tmak kadar ay\u0131p hi\u00e7bir \u015fey yok. H\u00fck\u00fcmeti sadaka veriyor diye su\u00e7luyorlar. Tayyip Bey de, &#8216;Ne olmu\u015f, sadaka bizim k\u00fclt\u00fcr\u00fcm\u00fczde var&#8217; diyor. Do\u011fru s\u00f6ylemiyor. Sadaka insandan insana verilir. Devlet, insana sadaka vermez. Bu \u00fclkede ya\u015fayan herkesin onuru k\u0131r\u0131lmadan \u00e7oluk \u00e7ocu\u011funun r\u0131zk\u0131n\u0131 kar\u015f\u0131layabilece\u011fi i\u015f ortamlar\u0131n\u0131n olu\u015fturulmas\u0131 i\u00e7in \u00e7al\u0131\u015f\u0131r. Oysa siz uygulad\u0131\u011f\u0131n\u0131z politikalarla insanlar\u0131 peri\u015fan ettiniz, 2001 krizinden bu yana milyonlarca insan i\u015fsiz kald\u0131. IMF&#8217;nin dayatmas\u0131yla ald\u0131\u011f\u0131n\u0131z kararlardan dolay\u0131 pancardan, ay\u00e7i\u00e7e\u011finden, \u00e7aydan, f\u0131nd\u0131ktan ge\u00e7inemeyenler hep b\u00fcy\u00fck\u015fehirlere g\u00f6\u00e7t\u00fc. Siz de a\u00e7, peri\u015fan insanlar\u0131 k\u00f6le i\u015f\u00e7i olarak \u00e7al\u0131\u015ft\u0131r\u0131yorsunuz Tuzla tersanelerinde. Can pazarlar\u0131nda \u00e7al\u0131\u015ft\u0131r\u0131yorsunuz, a\u00e7 b\u0131rak\u0131yorsunuz. B\u00fct\u00fcn bu kaynaklar\u0131 \u00e7okuluslu \u015firketlere pe\u015fke\u015f \u00e7ekiyorsunuz, ondan sonra insanlara erzak paketleri g\u00f6nderiyorsunuz. Bir baba d\u00fc\u015f\u00fcn\u00fcn, utanc\u0131ndan erzak kuyru\u011funa gidemiyor, kar\u0131s\u0131n\u0131 g\u00f6nderiyor. Bu adam nas\u0131l bir baba olur? \u00c7oluk \u00e7ocu\u011funun ekme\u011fini kazanam\u0131yor, getiremiyor, dileniyor, kuyruklara giriyor. L\u00fctfen empati kurun. \u0130nsanlar\u0131m\u0131z\u0131 bu hale d\u00fc\u015f\u00fcren bu arkada\u015flara yaz\u0131klar olsun! Gazze i\u00e7in a\u011fl\u0131yorlar. Hepimiz a\u011fl\u0131yoruz. Ama bu tabloya a\u011flam\u0131yorlar.<\/p>\n<p style=\"text-align: justify;\"><strong>Gazze demi\u015fken, Ba\u015fbakan&#8217;\u0131n Davos&#8217;taki tavr\u0131 i\u00e7in ne diyorsunuz?<\/strong><\/p>\n<p style=\"text-align: justify;\">Ger\u00e7ekten y\u0131llardan beri ezilen, horlanan bir \u00fclkenin \u00e7ocu\u011fu olarak Ba\u015fbakan\u0131m\u0131z\u0131n Davos&#8217;taki k\u00fckremesi \u00e7ok ho\u015fuma gitti. Peres&#8217;e, &#8216;Siz \u00e7ocuklar\u0131 \u00f6ld\u00fcrmeyi \u00e7ok iyi biliyorsunuz&#8217; demekte hakl\u0131yd\u0131. Ama yan\u0131ba\u015f\u0131nda, Tuzla&#8217;da da parayla al\u0131nacak tedbirleri almad\u0131klar\u0131 i\u00e7in insanlar \u00f6l\u00fcyor. \u0130\u015fte 120&#8217;nci i\u015f\u00e7i de \u00f6ld\u00fc. \u015eimdi ben de &#8216;Say\u0131n Ba\u015fbakan siz de i\u015f\u00e7ileri \u00f6ld\u00fcrmeyi \u00e7ok iyi biliyorsunuz&#8217; desem \u00e7ok mu a\u011f\u0131r bir \u015fey s\u00f6ylemi\u015f olurum. Ama maalesef do\u011fru. Elbette \u00f6ld\u00fcrmek de\u011fildir niyetleri. Ama siz her \u015feye parayla bakarsan\u0131z, \u0130stanbul&#8217;u ahlak\u0131n, insanl\u0131\u011f\u0131n, vicdan\u0131n, k\u00fclt\u00fcr\u00fcn ba\u015fkenti de\u011fil de finans ba\u015fkenti yapaca\u011f\u0131m derseniz bu sonu\u00e7 \u00e7\u0131kar. Para gerekiyor, kriz var, maliyetleri d\u00fc\u015f\u00fcrmemiz, rekabet etmemiz gerekiyor diyorlar, \u00f6yle mi? \u0130\u015fte buyrun, 120&#8217;nci i\u015f\u00e7i de g\u00f6z g\u00f6re g\u00f6re \u00f6ld\u00fc. Ara\u015ft\u0131rd\u0131k, 40 k\u00fcsur tersaneden sadece 19&#8217;unun ruhsat\u0131 var. Onlar da tart\u0131\u015f\u0131l\u0131r. Gerekli tedbirleri almadan \u00e7al\u0131\u015f\u0131yor tersaneler. \u0130\u015f\u00e7iler de bir bir \u00f6l\u00fcyor. Tayyip Bey, \u00e7ok inand\u0131\u011f\u0131 kutsal kitab\u0131m\u0131z\u0131, Kuran&#8217;\u0131 Kerim&#8217;i a\u00e7\u0131p okusun, imam hatip mezunudur, haf\u0131zd\u0131r bilir, bir insan\u0131n haks\u0131z yere \u00f6ld\u00fcr\u00fclmesi b\u00fct\u00fcn insanl\u0131\u011f\u0131n \u00f6ld\u00fcr\u00fclmesidir. Bak\u0131n bin 300 ki\u015fi Gazze&#8217;de, 120 ki\u015fi Tuzla&#8217;da, 1,5 milyon ki\u015fi Irak&#8217;ta \u00f6ld\u00fc. Erdo\u011fan, Irak&#8217;ta \u00f6len 1,5 milyon insan i\u00e7in hi\u00e7bir \u015fey diyemedi. \u00c7\u00fcnk\u00fc \u00f6ld\u00fcren b\u00fcy\u00fckt\u00fc, Amerika&#8217;yd\u0131. Tuzla&#8217;ya da hi\u00e7bir \u015fey demiyor. Ama biz Saadet Partisi olarak art\u0131k &#8216;Kral \u00e7\u0131plak arkada\u015f\u0131m&#8217;diyece\u011fiz!<\/p>\n<p style=\"text-align: justify;\"><span style=\"color: #888888;\">Kaynak : <strong>M\u0130NE \u015eENOCAKLI \/ <\/strong>Vatan Gazetesi<\/span><\/p>\n","protected":false},"excerpt":{"rendered":"<p style=\"text-align: center;\">\n<p style=\"text-align: justify;\">Saadet Partisi \u0130stanbul B\u00fcy\u00fck\u015fehir Belediye Ba\u015fkan Aday\u0131 Bekaro\u011flu&#8217;ndan Erdo\u011fan&#8217;a a\u011f\u0131r s\u00f6zler<\/p>\n<p style=\"text-align: justify;\"> &#8220;A\u011f\u0131r bir laf olacak, ama maalesef ger\u00e7ek&#8221; diye girdi s\u00f6ze Saadet Partisi \u0130stanbul B\u00fcy\u00fck\u015fehir Belediye Ba\u015fkan Aday\u0131 Prof. Dr. Mehmet Bekaro\u011flu; &#8220;Ba\u015fbakan\u0131m\u0131z\u0131n Peres&#8217;e k\u00fckremesinden ben de gurur duydum. Ama sadece Gazze&#8217;de katliam olmuyor. Yan\u0131ba\u015f\u0131nda Tuzla&#8217;da \u00f6len <\/p>\n","protected":false},"author":1,"featured_media":0,"comment_status":"open","ping_status":"closed","sticky":false,"template":"","format":"standard","meta":{"footnotes":""},"categories":[105],"tags":[],"class_list":["post-3502","post","type-post","status-publish","format-standard","hentry","category-gundem","odd"],"_links":{"self":[{"href":"http:\/\/www.korhanyilmaz.com\/index.php?rest_route=\/wp\/v2\/posts\/3502","targetHints":{"allow":["GET"]}}],"collection":[{"href":"http:\/\/www.korhanyilmaz.com\/index.php?rest_route=\/wp\/v2\/posts"}],"about":[{"href":"http:\/\/www.korhanyilmaz.com\/index.php?rest_route=\/wp\/v2\/types\/post"}],"author":[{"embeddable":true,"href":"http:\/\/www.korhanyilmaz.com\/index.php?rest_route=\/wp\/v2\/users\/1"}],"replies":[{"embeddable":true,"href":"http:\/\/www.korhanyilmaz.com\/index.php?rest_route=%2Fwp%2Fv2%2Fcomments&post=3502"}],"version-history":[{"count":0,"href":"http:\/\/www.korhanyilmaz.com\/index.php?rest_route=\/wp\/v2\/posts\/3502\/revisions"}],"wp:attachment":[{"href":"http:\/\/www.korhanyilmaz.com\/index.php?rest_route=%2Fwp%2Fv2%2Fmedia&parent=3502"}],"wp:term":[{"taxonomy":"category","embeddable":true,"href":"http:\/\/www.korhanyilmaz.com\/index.php?rest_route=%2Fwp%2Fv2%2Fcategories&post=3502"},{"taxonomy":"post_tag","embeddable":true,"href":"http:\/\/www.korhanyilmaz.com\/index.php?rest_route=%2Fwp%2Fv2%2Ftags&post=3502"}],"curies":[{"name":"wp","href":"https:\/\/api.w.org\/{rel}","templated":true}]}}