{"id":35016,"date":"2011-06-23T07:12:39","date_gmt":"2011-06-23T04:12:39","guid":{"rendered":"http:\/\/www.korhanyilmaz.com\/?p=35016"},"modified":"2011-07-10T23:42:18","modified_gmt":"2011-07-10T20:42:18","slug":"hatip-dicleye-karsi-yskda-akp-chp-ve-mhp-ittifaki","status":"publish","type":"post","link":"http:\/\/www.korhanyilmaz.com\/?p=35016","title":{"rendered":"Hatip Dicle&#8217;ye kar\u015f\u0131 YSK&#8217;da AKP, CHP ve MHP ittifak\u0131"},"content":{"rendered":"<p style=\"text-align: center;\"><a href=\"http:\/\/www.korhanyilmaz.com\/wp-content\/uploads\/2011\/06\/211.jpeg\"  class=\"lightview\"><img loading=\"lazy\" decoding=\"async\" class=\"aligncenter size-full wp-image-35017\" src=\"http:\/\/www.korhanyilmaz.com\/wp-content\/uploads\/2011\/06\/211.jpeg\" alt=\"\" width=\"320\" height=\"214\" \/><\/a><\/p>\n<p style=\"text-align: justify;\">Y\u00fcksek Se\u00e7im Kurulu (YSK) ile siyaset aras\u0131nda Hatip Dicle&#8217;nin milletvekilli\u011fin d\u00fc\u015fmesinden \u00f6nce \u00f6nemli geli\u015fmeler ya\u015fand\u0131\u011f\u0131 ortaya \u00e7\u0131kt\u0131.<\/p>\n<p style=\"text-align: justify;\">YSK\u2019n\u0131n Hatip Dicle karar\u0131n\u0131 veren \u00fcyeleri gibi AKP, CHP ve MHP\u2019de karar \u00f6ncesi tam bir mutabakat sa\u011flam\u0131\u015f. Birbiriyle \u2018helalle\u015fmeyen\u2019 iktidar ile muhalefet Hatip Dicle\u2019nin hukuk gere\u011fi milletvekili olamayaca\u011f\u0131n\u0131 karar \u00f6ncesi yaz\u0131l\u0131 ve s\u00f6zl\u00fc olarak YSK\u2019ya bildirmi\u015f. <!--more--><\/p>\n<p style=\"text-align: justify;\">KCK davas\u0131ndan tutuklu olan Hatip Dicle, milletvekili mazbatas\u0131n\u0131 avukatlar\u0131 arac\u0131l\u0131\u011f\u0131yla 12 Haziran\u2019da Diyarbak\u0131r \u0130l Se\u00e7im Kurulu\u2019ndan alm\u0131\u015ft\u0131. K\u0131sa bir durum de\u011ferlendirmesi yapan parti y\u00f6netimi YSK\u2019ya resmi ba\u015fvuru yapmay\u0131 kararla\u015ft\u0131rd\u0131. AKP\u2019nin se\u00e7im i\u015flerinden sorumlu Genel Ba\u015fkan Yard\u0131mc\u0131s\u0131 Haluk \u0130pek\u2019in imzas\u0131n\u0131 ta\u015f\u0131yan dilek\u00e7e cumartesi sabah saatlerinde YSK\u2019ya verildi. Anayasa, siyasi partiler kanunu ve yasa maddelerinin hat\u0131rlat\u0131ld\u0131\u011f\u0131 dilek\u00e7ede Dicle\u2019nin milletvekili yeterlili\u011fine sahip olmad\u0131\u011f\u0131 savunuldu.<\/p>\n<p style=\"text-align: justify;\">Dicle\u2019nin se\u00e7ilme yeterlili\u011fine sahip olmad\u0131\u011f\u0131 g\u00f6r\u00fc\u015f\u00fcn\u00fc YSK\u2019da CHP ve MHP\u2019yi temsil eden isimler de savunuyor. YSK\u2019da AKP\u2019yi eski milletvekili H\u00fcsrev Kutlu, CHP\u2019yi Mehmet Yakupo\u011flu ve MHP\u2019yi de Fikri D\u00f6nmez temsil ediyor.<\/p>\n<p style=\"text-align: justify;\">YSK toplant\u0131lar\u0131na kat\u0131lan bu isimlerin oy hakk\u0131 bulunmuyor. Her \u00fc\u00e7 isim de YSK\u2019n\u0131n oybirli\u011fiyle Dicle\u2019nin vekilli\u011fini d\u00fc\u015f\u00fcrd\u00fc\u011f\u00fc son toplant\u0131n\u0131n bir b\u00f6l\u00fcm\u00fcne kat\u0131ld\u0131. CHP ve MHP\u2019li \u00fcyeler \u201cDevlet ve hukuk var ise Dicle vekil olamaz\u201d g\u00f6r\u00fc\u015f\u00fcn\u00fc bildirdi.<\/p>\n<p style=\"text-align: justify;\"><strong>\u0130pek: Bizimle ilgisi yok<\/strong><\/p>\n<p style=\"text-align: justify;\">AKP\u2019nin YSK\u2019ya verdi\u011fi dilekenin alt\u0131nda imzas\u0131 olan Genel Ba\u015fkan Yard\u0131mc\u0131s\u0131 Haluk \u0130pek, gerek\u00e7elerini Radikal\u2019e anlatt\u0131. \u0130pek, YSK\u2019n\u0131n Dicle karar\u0131n\u0131 Cumhuriyet Savc\u0131l\u0131\u011f\u0131\u2019n\u0131n m\u00fcracaat\u0131 \u00fczerine verdi\u011fini, AKP\u2019nin dilek\u00e7esiyle ilgisi olmad\u0131\u011f\u0131n\u0131 savundu. Haluk \u0130pek, \u201cS\u00fcre\u00e7 devam ediyordu. Dosya YSK\u2019da devam ederken Hatip Dicle\u2019ye mazbata verilmesi hukuka ayk\u0131r\u0131yd\u0131. Biz bu ayk\u0131r\u0131l\u0131\u011f\u0131 YSK\u2019ya bildirdik. Birisi se\u00e7ilme yeterlili\u011fini kaybetmi\u015f ama mazbatay\u0131 al\u0131yor. Aday (Oya Eronat) bizim aday\u0131m\u0131z. Bu yanl\u0131\u015fl\u0131\u011f\u0131 YSK\u2019ya bildirmemiz gerekiyordu. YSK\u2019n\u0131n karar\u0131 da Anayasa ve yasalara uygundur\u201ddiye konu\u015ftu.<\/p>\n<p style=\"text-align: justify;\">AKP Grup Ba\u015fkanvekili Bekir Bozda\u011f da YSK\u2019n\u0131n karar\u0131n\u0131 savunurken milletvekilli\u011fi d\u00fc\u015fen Dicle\u2019yi \u2018bile bile lades yapmakla\u2019 su\u00e7lad\u0131. Bozda\u011f, Dicle\u2019nin 22 Mart\u2019ta kesinle\u015fen mahkumiyet karar\u0131n\u0131 bilerek gizledi\u011fini ve nisan ay\u0131nda milletvekili m\u00fcracaat\u0131nda bulundu\u011funu s\u00f6yledi. Bozda\u011f, AKP olarak bu konuda yasal ad\u0131m atmayacaklar\u0131 mesaj\u0131n\u0131 da verdi.<\/p>\n<p style=\"text-align: justify;\">AKP\u2019de krize siyasi \u00e7\u00f6z\u00fcm havas\u0131 esmiyor. Parti kurmaylar\u0131 hukuken yap\u0131lacak bir \u015fey olmad\u0131\u011f\u0131 ve krizi bilerek tetikleyen BDP\u2019lilerin bedelini \u00f6demesi e\u011filiminde. Daha \u00f6nce ele\u015ftirilen YSK\u2019ya bu kezdestek \u00e7\u0131kan AKP, Merve Kavak\u00e7\u0131 ve Bahattin \u015eeker\u2019i \u00f6rnek g\u00f6steriyor.<\/p>\n<p style=\"text-align: justify;\"><strong>BDP\u2019liler gelmezse ne olur?<\/strong><\/p>\n<p style=\"text-align: justify;\">BDP\u2019li milletvekillerinin yemin etmemesi ve Meclis\u2019e gelmemesi halinde ne sonu\u00e7lar ortaya \u00e7\u0131kaca\u011f\u0131 belirsiz. Se\u00e7ilen milletvekili mazbatas\u0131n\u0131 ald\u0131ktan sonra b\u00fct\u00fcn \u00f6zl\u00fck haklar\u0131na kavu\u015fuyor. Maa\u015f\u0131n\u0131 alabiliyor, emeklilik s\u00fcreci y\u00fcr\u00fcyor. Ancak yemin etmeyen milletvekili Meclis\u2019te \u00e7al\u0131\u015fmalara kat\u0131lam\u0131yor. Anayasa\u2019n\u0131n 84. maddesine g\u00f6re Meclis \u00e7al\u0131\u015fmalar\u0131na \u00f6z\u00fcrs\u00fcz veya izinsiz olarak bir ay i\u00e7erisinde toplam be\u015f birle\u015fim g\u00fcn\u00fc kat\u0131lmayan\u0131n milletvekilli\u011finin d\u00fc\u015fmesine, Genel Kurulca \u00fcye tamsay\u0131s\u0131n\u0131n \u00e7o\u011funlu\u011funun oyuyla karar verilebiliyor. Milletvekillerinin devams\u0131z say\u0131lmas\u0131 i\u00e7in yemin etmesi gerekiyor.<\/p>\n<p style=\"text-align: justify;\">Yeni bir se\u00e7ime gidilebilmesi i\u00e7in ise Meclis\u2019te 28\u2019den fazla vekilin istifa etmesi gerekiyor. Bu durumda \u00fc\u00e7 ay i\u00e7inde istifa eden vekillerin illerinde ara se\u00e7ime gidilmesine karar veriliyor. Ayr\u0131ca bir ilin veya se\u00e7im \u00e7evresinin TBMM\u2019de \u00fcyesinin kalmamas\u0131 halinde bu bo\u015falmay\u0131 takip eden 90 g\u00fcnden sonraki ilk pazar g\u00fcn\u00fc ara se\u00e7im yap\u0131labiliyor.<\/p>\n<p style=\"text-align: justify;\"><strong>MHP: Karar bahane olmas\u0131n<\/strong><\/p>\n<p style=\"text-align: justify;\">MHP Genel Ba\u015fkan Yard\u0131mc\u0131s\u0131 Faruk Bal, YSK\u2019n\u0131n Hatip Dicle ile ilgili karar\u0131n\u0131n, T\u00fcrkiye\u2019de s\u0131k\u0131nt\u0131l\u0131 birtak\u0131m hareketlerin ba\u015flamas\u0131 i\u00e7in bir neden olarak kabul edilmemesi gerekti\u011fini s\u00f6yledi. MHP I\u011fd\u0131r Milletvekili Sinan O\u011fan ise karar\u0131 \u2018siyasi\u2019 olarak niteledi.<\/p>\n<p style=\"text-align: justify;\">MHP\u2019li Bal, d\u00fcn Meclis\u2019te kay\u0131t i\u015flemlerinin ard\u0131ndan, YSK\u2019n\u0131n Dicle karar\u0131n\u0131 da de\u011ferlendirdi. Bal, YSK\u2019n\u0131n yasalara uygun olarak davranmas\u0131 gereken bir kurum oldu\u011funu, karar\u0131n s\u0131k\u0131nt\u0131l\u0131 birtak\u0131m hareketlerin ba\u015flamas\u0131 i\u00e7in bir neden olarak kabul edilmemesi gerekti\u011fini s\u00f6yledi.<\/p>\n<p style=\"text-align: justify;\"><strong>O\u011fan: Karar siyasi<\/strong><\/p>\n<p style=\"text-align: justify;\">Dicle\u2019ye milletvekilli\u011fi yolunun kapanmas\u0131na en ilgin\u00e7 tepki ise MHP I\u011fd\u0131r Milletvekili Sinan O\u011fan\u2019dan geldi. O\u011fan hukuka son d\u00f6nemlerde \u00e7ok fazla m\u00fcdahale edildi\u011fini, YSK\u2019n\u0131n Dicle ile ilgili ald\u0131\u011f\u0131 ilk karar\u0131n da son karar\u0131n da \u2018hukuki de\u011fil, siyasi oldu\u011funu\u2019 savundu.<\/p>\n<p style=\"text-align: justify;\"><strong>CHP karar\u0131 ele\u015ftirdi, \u2018Erdo\u011fan form\u00fcl\u00fcn\u00fc\u2019 \u00f6nerdi<\/strong><\/p>\n<p style=\"text-align: justify;\">CHP Genel Sekreteri ve Parti S\u00f6zc\u00fcs\u00fc Bihlun Tamayl\u0131gil, Ba\u015fbakan Erdo\u011fan\u2019\u0131n 2002\u2019de se\u00e7ilmesini \u00f6rnek gestererek, Hatip Dicle i\u00e7in de ayn\u0131 form\u00fcl\u00fcn uygulanmas\u0131n\u0131 istedi. CHP MYK toplant\u0131s\u0131 sonras\u0131nda bir bas\u0131n toplant\u0131s\u0131 d\u00fczenleyen Tamayl\u0131gil, YSK karar\u0131 i\u00e7in, \u201cT\u00fcrkiye h\u0131zla hukuk devleti olmaktan \u00e7\u0131kmaktad\u0131r. Bir milletvekilinin mazbata ald\u0131ktan sonra d\u00fc\u015f\u00fcr\u00fclmesini hukuken ve siyaseten do\u011fru bulmuyoruz. Y\u00fczde 10 baraj\u0131n\u0131 d\u00fc\u015f\u00fcrmeyen, Siyasi Partiler Yasas\u0131n\u0131 ve se\u00e7im yasas\u0131n\u0131 demokratik hale getirmeyen AKP iktidar\u0131 bu sonu\u00e7lar\u0131 haz\u0131rlam\u0131\u015ft\u0131r\u201d dedi.<\/p>\n<p style=\"text-align: justify;\"><strong>\u2018Yarg\u0131 dizayn etmemeli\u2019<\/strong><\/p>\n<p style=\"text-align: justify;\">D\u00fc\u015fen milletvekilinin AKP\u2019ye yaz\u0131lmamas\u0131 konusunda AKP\u2019yi g\u00f6reve \u00e7a\u011f\u0131rd\u0131klar\u0131n\u0131 dile getiren Tamayl\u0131gil, \u015f\u00f6yle konu\u015ftu: \u201cMilli iradenin ortaya koydu\u011fu tercihleri yok saymak m\u00fcmk\u00fcn de\u011fildir. Yarg\u0131 siyaseti dizayn etmemelidir. Say\u0131n Ba\u015fbakana 2002\u2019de kesin h\u00fck\u00fcm giymi\u015fken yolu a\u00e7an benzer d\u00fczenlemelerin yap\u0131lmas\u0131n\u0131 zorunlu g\u00f6rmekteyiz.\u201d CHP s\u00f6zc\u00fcs\u00fc Tamayligil, Mustafa Balbay ve Mehmet Haberal\u2019a ili\u015fkin benzer bir karar\u0131n \u00e7\u0131kmas\u0131 halinde ne yapacaklar\u0131n\u0131n sorulmas\u0131 \u00fczerine de \u015fu yan\u0131t\u0131 verdi: \u201cHukuki s\u00fcreci izleyip de\u011ferlendirece\u011fiz.\u201d<\/p>\n<p style=\"text-align: justify;\">Eski A\u0130HM yarg\u0131c\u0131 ve CHP Milletvekili R\u0131za T\u00fcrmen de, YSK\u2019n\u0131n Hatip Dicle ile ilgili karar\u0131n\u0131 de\u011ferlendirirken, \u201cYSK\u2019n\u0131n yetkileri, milletvekili se\u00e7ilme ko\u015fullar\u0131 ile ilgilidir. Milletvekilli\u011fi d\u00fc\u015f\u00fcrme i\u015flemi Meclise aittir\u201d dedi.<\/p>\n<p style=\"text-align: justify;\"><a href=\"http:\/\/www.radikal.com.tr\/Radikal.aspx?aType=RadikalDetayV3&amp;ArticleID=1053774&amp;Date=23.06.2011&amp;CategoryID=78\" target=\"_blank\">Kaynak : Radikal<\/a><\/p>\n","protected":false},"excerpt":{"rendered":"<p style=\"text-align: center;\">\n<p style=\"text-align: justify;\">Y\u00fcksek Se\u00e7im Kurulu (YSK) ile siyaset aras\u0131nda Hatip Dicle&#8217;nin milletvekilli\u011fin d\u00fc\u015fmesinden \u00f6nce \u00f6nemli geli\u015fmeler ya\u015fand\u0131\u011f\u0131 ortaya \u00e7\u0131kt\u0131.<\/p>\n<p style=\"text-align: justify;\">YSK\u2019n\u0131n Hatip Dicle karar\u0131n\u0131 veren \u00fcyeleri gibi AKP, CHP ve MHP\u2019de karar \u00f6ncesi tam bir mutabakat sa\u011flam\u0131\u015f. Birbiriyle \u2018helalle\u015fmeyen\u2019 iktidar ile muhalefet Hatip Dicle\u2019nin hukuk gere\u011fi milletvekili olamayaca\u011f\u0131n\u0131 karar \u00f6ncesi yaz\u0131l\u0131 <\/p>\n","protected":false},"author":1,"featured_media":0,"comment_status":"open","ping_status":"closed","sticky":false,"template":"","format":"standard","meta":{"footnotes":""},"categories":[105],"tags":[],"class_list":["post-35016","post","type-post","status-publish","format-standard","hentry","category-gundem","odd"],"_links":{"self":[{"href":"http:\/\/www.korhanyilmaz.com\/index.php?rest_route=\/wp\/v2\/posts\/35016","targetHints":{"allow":["GET"]}}],"collection":[{"href":"http:\/\/www.korhanyilmaz.com\/index.php?rest_route=\/wp\/v2\/posts"}],"about":[{"href":"http:\/\/www.korhanyilmaz.com\/index.php?rest_route=\/wp\/v2\/types\/post"}],"author":[{"embeddable":true,"href":"http:\/\/www.korhanyilmaz.com\/index.php?rest_route=\/wp\/v2\/users\/1"}],"replies":[{"embeddable":true,"href":"http:\/\/www.korhanyilmaz.com\/index.php?rest_route=%2Fwp%2Fv2%2Fcomments&post=35016"}],"version-history":[{"count":0,"href":"http:\/\/www.korhanyilmaz.com\/index.php?rest_route=\/wp\/v2\/posts\/35016\/revisions"}],"wp:attachment":[{"href":"http:\/\/www.korhanyilmaz.com\/index.php?rest_route=%2Fwp%2Fv2%2Fmedia&parent=35016"}],"wp:term":[{"taxonomy":"category","embeddable":true,"href":"http:\/\/www.korhanyilmaz.com\/index.php?rest_route=%2Fwp%2Fv2%2Fcategories&post=35016"},{"taxonomy":"post_tag","embeddable":true,"href":"http:\/\/www.korhanyilmaz.com\/index.php?rest_route=%2Fwp%2Fv2%2Ftags&post=35016"}],"curies":[{"name":"wp","href":"https:\/\/api.w.org\/{rel}","templated":true}]}}