{"id":35010,"date":"2011-06-22T12:25:22","date_gmt":"2011-06-22T09:25:22","guid":{"rendered":"http:\/\/www.korhanyilmaz.com\/?p=35010"},"modified":"2011-07-10T23:46:18","modified_gmt":"2011-07-10T20:46:18","slug":"samdan-ankaraya-tepki","status":"publish","type":"post","link":"http:\/\/www.korhanyilmaz.com\/?p=35010","title":{"rendered":"\u015eam&#8217;dan Ankara&#8217;ya tepki!"},"content":{"rendered":"<p style=\"text-align: center;\"><a href=\"http:\/\/www.korhanyilmaz.com\/wp-content\/uploads\/2011\/06\/210.jpg\"  class=\"lightview\"><img loading=\"lazy\" decoding=\"async\" class=\"aligncenter size-full wp-image-35011\" src=\"http:\/\/www.korhanyilmaz.com\/wp-content\/uploads\/2011\/06\/210.jpg\" alt=\"\" width=\"420\" height=\"210\" \/><\/a><\/p>\n<p style=\"text-align: justify;\"><strong>Suriyeli Bakan: T\u00fcrkiye bak\u0131\u015f\u0131n\u0131 g\u00f6zden ge\u00e7irsin.<\/strong><\/p>\n<p style=\"text-align: justify;\">Cumhurba\u015fkan\u0131 Abdullah G\u00fcl\u2019\u00fcn Suriye y\u00f6netimine reform \u00e7a\u011fr\u0131s\u0131 yapmas\u0131, \u015eam\u2019\u0131 rahats\u0131z etti. Suriye D\u0131\u015fi\u015fleri Bakan\u0131 Velid Muallim, d\u00fcn d\u00fczenledi\u011fi bas\u0131n toplant\u0131s\u0131nda \u201cT\u00fcrkiye ile 850 kilometreden daha uzun s\u0131n\u0131r\u0131m\u0131z var. T\u00fcrkiye bizden etkilenir, biz T\u00fcrkiye\u2019den etkileniriz. Biz T\u00fcrkleri, dost ve kom\u015fu biliyoruz. Dost da zor zamanda laz\u0131m, ama bak\u0131\u015f a\u00e7\u0131lar\u0131n\u0131 g\u00f6zden ge\u00e7irmelerini istiyoruz\u201d dedi. <!--more--><\/p>\n<p style=\"text-align: justify;\"><strong>\u2018Ders almay\u0131z\u2019<\/strong><\/p>\n<p style=\"text-align: justify;\">Muallim, reform \u00e7a\u011fr\u0131lar\u0131na ili\u015fkin \u201cKimseden ders alm\u0131yoruz. Reformlar ger\u00e7ekle\u015fti\u011fi zaman demokrasi konusunda ba\u015fkalar\u0131na ders verece\u011fiz. Suriye kervan\u0131 y\u00fcr\u00fcyor\u201d de\u011ferlendirmesini yapt\u0131. Muallim, T\u00fcrkiye\u2019ye ka\u00e7an Suriyelilere geri d\u00f6nmeleri \u00e7a\u011fr\u0131s\u0131nda bulunarak, \u015f\u00f6yle dedi: \u201cOradaki \u00e7ad\u0131rlar ordu, Cisr E\u015f \u015eu\u011fur\u2019a girmeden bir hafta \u00f6nce kuruldu ve silahl\u0131 \u00f6rg\u00fctler insanlar\u0131 oraya gitmeye zorlad\u0131. Biz Bakanlar Kurulu olarak onlar\u0131n geri d\u00f6nmeleri i\u00e7in \u00e7a\u011fr\u0131da bulunduk. Y\u0131k\u0131lan evleri onarmak i\u00e7in ekip olu\u015fturduk. (Suriye) K\u0131z\u0131lay Ba\u015fkan\u0131 T\u00fcrkiye\u2019ye gitti, bu insanlar\u0131m\u0131z\u0131n geri d\u00f6nmesi konusunda yard\u0131mla\u015fmak \u00fczere. Cumhurba\u015fkan\u0131 da geri d\u00f6nmeleri i\u00e7in gereken garantileri verdi. Bizim T\u00fcrklerden ricam\u0131z, bunlar\u0131n d\u00f6n\u00fc\u015f\u00fc ile ilgili bize yard\u0131mc\u0131 olsunlar. Biz, onlar\u0131n g\u00fcvenli\u011fine kefiliz.\u201d<\/p>\n<p style=\"text-align: justify;\">\u201cBaz\u0131 emniyet g\u00fc\u00e7lerinin katledilmesi ve di\u011fer \u015feyler El Kaide\u2019yi g\u00f6steriyor\u201d diye konu\u015fan Muallim, Cisr E\u015f \u015eu\u011fur\u2019dan ka\u00e7an ve geri d\u00f6nenlerin tutukland\u0131\u011f\u0131na dair haberlerin do\u011fru olmad\u0131\u011f\u0131n\u0131 s\u00f6yledi.<\/p>\n<p style=\"text-align: justify;\"><strong>\u2018Avrupa\u2019y\u0131 sildik\u2019<\/strong><\/p>\n<p style=\"text-align: justify;\">Suriyeli Bakan, \u015f\u00f6yle devam etti: \u201c\u015eiddetin durmas\u0131n\u0131 isteyenler, \u00f6nce kendileri \u015fiddeti durdursun. D\u00fcnyada hi\u00e7bir ordu ve h\u00fck\u00fcmet yoktur ki kendi halk\u0131na kar\u015f\u0131 \u015fiddet kullanmak istesin. 2003\u2019ten beri d\u0131\u015f m\u00fcdahalelerle kar\u015f\u0131la\u015ft\u0131k. Krizin ba\u015flang\u0131c\u0131ndan bu yana hi\u00e7bir Avrupal\u0131 yetkili gelip bizimle durumu g\u00f6r\u00fc\u015fmedi. Bug\u00fcn Suriyelinin ya\u015fam\u0131n\u0131 hedef al\u0131yorlar. Harita \u00fczerinde Avrupa\u2019y\u0131 unutaca\u011f\u0131z, baz\u0131 diyaloglar\u0131 dondurduk hatta. G\u00fcneye ve do\u011fuya y\u00f6nelece\u011fiz. D\u00fcnya Avrupa\u2019dan ibaret de\u011fil.\u201d<\/p>\n<p style=\"text-align: justify;\"><a href=\"http:\/\/haber.gazetevatan.com\/samdan-ankaraya-tepki\/384933\/1\/Gundem\" target=\"_blank\">Kaynak : VATAN Gazetesi<\/a><\/p>\n<p style=\"text-align: justify;\">\n","protected":false},"excerpt":{"rendered":"<p style=\"text-align: center;\">\n<p style=\"text-align: justify;\">Suriyeli Bakan: T\u00fcrkiye bak\u0131\u015f\u0131n\u0131 g\u00f6zden ge\u00e7irsin.<\/p>\n<p style=\"text-align: justify;\">Cumhurba\u015fkan\u0131 Abdullah G\u00fcl\u2019\u00fcn Suriye y\u00f6netimine reform \u00e7a\u011fr\u0131s\u0131 yapmas\u0131, \u015eam\u2019\u0131 rahats\u0131z etti. Suriye D\u0131\u015fi\u015fleri Bakan\u0131 Velid Muallim, d\u00fcn d\u00fczenledi\u011fi bas\u0131n toplant\u0131s\u0131nda \u201cT\u00fcrkiye ile 850 kilometreden daha uzun s\u0131n\u0131r\u0131m\u0131z var. T\u00fcrkiye bizden etkilenir, biz T\u00fcrkiye\u2019den etkileniriz. Biz T\u00fcrkleri, dost ve kom\u015fu biliyoruz. Dost da <\/p>\n","protected":false},"author":1,"featured_media":0,"comment_status":"open","ping_status":"closed","sticky":false,"template":"","format":"standard","meta":{"footnotes":""},"categories":[105],"tags":[],"class_list":["post-35010","post","type-post","status-publish","format-standard","hentry","category-gundem","odd"],"_links":{"self":[{"href":"http:\/\/www.korhanyilmaz.com\/index.php?rest_route=\/wp\/v2\/posts\/35010","targetHints":{"allow":["GET"]}}],"collection":[{"href":"http:\/\/www.korhanyilmaz.com\/index.php?rest_route=\/wp\/v2\/posts"}],"about":[{"href":"http:\/\/www.korhanyilmaz.com\/index.php?rest_route=\/wp\/v2\/types\/post"}],"author":[{"embeddable":true,"href":"http:\/\/www.korhanyilmaz.com\/index.php?rest_route=\/wp\/v2\/users\/1"}],"replies":[{"embeddable":true,"href":"http:\/\/www.korhanyilmaz.com\/index.php?rest_route=%2Fwp%2Fv2%2Fcomments&post=35010"}],"version-history":[{"count":0,"href":"http:\/\/www.korhanyilmaz.com\/index.php?rest_route=\/wp\/v2\/posts\/35010\/revisions"}],"wp:attachment":[{"href":"http:\/\/www.korhanyilmaz.com\/index.php?rest_route=%2Fwp%2Fv2%2Fmedia&parent=35010"}],"wp:term":[{"taxonomy":"category","embeddable":true,"href":"http:\/\/www.korhanyilmaz.com\/index.php?rest_route=%2Fwp%2Fv2%2Fcategories&post=35010"},{"taxonomy":"post_tag","embeddable":true,"href":"http:\/\/www.korhanyilmaz.com\/index.php?rest_route=%2Fwp%2Fv2%2Ftags&post=35010"}],"curies":[{"name":"wp","href":"https:\/\/api.w.org\/{rel}","templated":true}]}}