{"id":35003,"date":"2011-06-22T15:17:04","date_gmt":"2011-06-22T12:17:04","guid":{"rendered":"http:\/\/www.korhanyilmaz.com\/?p=35003"},"modified":"2011-07-10T23:45:50","modified_gmt":"2011-07-10T20:45:50","slug":"%e2%80%98dicle%e2%80%99nin-78-bin-oyu-cope-gitmeyecek%e2%80%99","status":"publish","type":"post","link":"http:\/\/www.korhanyilmaz.com\/?p=35003","title":{"rendered":"\u2018Dicle\u2019nin 78 bin oyu \u00e7\u00f6pe gitmeyecek\u2019"},"content":{"rendered":"<p style=\"text-align: center;\"><a href=\"http:\/\/www.korhanyilmaz.com\/wp-content\/uploads\/2011\/06\/209.jpg\"  class=\"lightview\"><img loading=\"lazy\" decoding=\"async\" class=\"aligncenter size-full wp-image-35004\" src=\"http:\/\/www.korhanyilmaz.com\/wp-content\/uploads\/2011\/06\/209.jpg\" alt=\"\" width=\"420\" height=\"210\" \/><\/a><\/p>\n<p style=\"text-align: justify;\">YSK\u2019n\u0131n Hatip Dicle\u2019nin vekilli\u011fini d\u00fc\u015f\u00fcrmesinin ard\u0131ndan milletvekilli\u011fi kazanan AK Parti\u2019nin Diyarbak\u0131r aday\u0131 Oya Eronat, \u201cKimseyi siyasi partisine g\u00f6re ay\u0131rt etmeyece\u011fim. Diyarbak\u0131r halk\u0131n\u0131n tamam\u0131n\u0131 temsil edece\u011fim\u201d dedi.<!--more--><\/p>\n<p style=\"text-align: justify;\">BDP\u2019nin deste\u011fiyle Diyarbak\u0131r\u2019dan ba\u011f\u0131ms\u0131z milletvekili se\u00e7ilen Hatip Dicle\u2019nin Y\u00fcksek Se\u00e7im Kurulu (YSK) taraf\u0131ndan milletvekilli\u011finin d\u00fc\u015f\u00fcr\u00fclmesinin ard\u0131ndan, milletvekilli\u011fi kazanan AK Parti Diyarbak\u0131r 6\u2019nc\u0131 s\u0131ra aday\u0131 Oya Eronat karar i\u00e7in \u201cHeyecanla kar\u015f\u0131lad\u0131m, hakk\u0131mda hay\u0131rl\u0131s\u0131\u201d yorumunu yapt\u0131. D\u00fcn avukat\u0131 arac\u0131l\u0131\u011f\u0131yla Diyarbak\u0131r \u0130l Se\u00e7im Kurulu\u2019ndan mazbatas\u0131n\u0131 alan Eronat, Hatip Dicle\u2019ye oy verenlerin de vekili olaca\u011f\u0131n\u0131 s\u00f6yleyerek \u201cDiyarbak\u0131r\u2019\u0131n tamam\u0131n\u0131 temsil edece\u011fim. 78 bin oy \u00e7\u00f6pe gitmedi\u201d dedi.<\/p>\n<p style=\"text-align: justify;\"><strong>\u2018Hukuk her \u015feyin \u00fcst\u00fcnde\u2019<\/strong><\/p>\n<p style=\"text-align: justify;\">Oya Eronat, milletvekilli\u011fi s\u00fcresince Diyarbak\u0131r halk\u0131n\u0131n tamam\u0131n\u0131 teslim edece\u011fini s\u00f6yleyerek, \u015f\u00f6yle konu\u015ftu: \u201cO\u011flumu kaybettikten sonra her \u015feye nasip, k\u0131smet diyorum. Karar\u0131 heyecanla kar\u015f\u0131lad\u0131m, hakk\u0131mda hay\u0131rl\u0131s\u0131 olsun. Hatip Dicle\u2019nin yarg\u0131land\u0131\u011f\u0131 dosya hakk\u0131nda bilgim yok, hukuk da bilmem. Fakat bir ki\u015finin hakk\u0131nda kesinle\u015fmi\u015f bir bir ceza varsa o ki\u015fi se\u00e7ilmi\u015f de olsa ben adaletin sevgiden \u00f6nce gelmesi gerekti\u011fine inan\u0131yorum. Adalet her zaman \u00f6nde olmal\u0131. Hukuk her \u015feyin \u00fcst\u00fcndedir, ki\u015filere g\u00f6re hukuk yap\u0131lmaz. Milletvekilli\u011fim s\u00fcresince sadece bir noktaya odaklanmayaca\u011f\u0131m, memleketim Diyarbak\u0131r i\u00e7in de, Diyarbak\u0131r\u2019\u0131n \u00e7ocuklar\u0131 i\u00e7in de \u00e7al\u0131\u015faca\u011f\u0131m. Bir AK Partili olarak b\u00f6lgenin sorunlar\u0131n\u0131 biliyorum, partimin temposuna g\u00f6re \u00e7al\u0131\u015f\u0131p, elimden geleni yapaca\u011f\u0131m.\u201d<\/p>\n<p style=\"text-align: justify;\"><strong>\u2018Ba\u015fbakan da olsam unutamam\u2019<\/strong><\/p>\n<p style=\"text-align: justify;\">Eronat, siyasete at\u0131lma s\u00fcrecinin ise o\u011flunu kaybettikten sonra ba\u015flad\u0131\u011f\u0131n\u0131 belirtti ve ekledi: \u201cBenim \u00e7ok b\u00fcy\u00fck kay\u0131plar\u0131m var, ruhsal \u00e7\u00f6k\u00fcnt\u00fclerim devam ediyor. Evlat kaybetmenin yan\u0131na vekilli\u011fi kaybetmeyi koyam\u0131yorum bile. Ke\u015fke bir \u00e7ad\u0131r da ya\u015fasayd\u0131k, \u00e7ocu\u011fum yan\u0131mda olsayd\u0131. Ama ke\u015fke demek \u015feytana hizmettir. Allah bunu benim anl\u0131ma yazm\u0131\u015f, o\u011flum akl\u0131ma gelmiyor, \u00e7\u00fcnk\u00fc akl\u0131mdan hi\u00e7 \u00e7\u0131km\u0131yor. Belki en de\u011ferli varl\u0131\u011f\u0131m\u0131 kaybetmek beni siyasete itti. O\u011flumun \u00f6l\u00fcm\u00fcnden \u00f6nce siyasetle aktif olarak ilgilenmemi\u015ftim, sadece takip ettim. Ama \u015fimdi sadece \u00e7ocuklar i\u00e7in, Diyarbak\u0131rl\u0131 \u00e7ocuklar i\u00e7in bir \u015feyler yapmak, onlara hizmet etmek istiyorum. \u00d6zellikle bunun i\u00e7in vekilli\u011fi kaybetmek istemedim. Ba\u015fbakan da olsam unutamam ac\u0131lar\u0131m\u0131, hala y\u00fcre\u011fimde ya\u015f\u0131yorum, sonu\u00e7 benim lehime \u00e7\u0131ksa bile buradaki an\u0131lar\u0131mdan, o\u011flumdan, k\u00f6klerimden ayr\u0131lamam.\u201d<\/p>\n<p style=\"text-align: justify;\"><strong>O\u011eLUNU TER\u00d6R SALDIRISINDA KAYBETM\u0130\u015eT\u0130<\/strong><\/p>\n<p style=\"text-align: justify;\">1962 do\u011fumlu olan Oya Eronat, F\u0131rat \u00dcniversitesi M\u00fchendislik Mimarl\u0131k Fak\u00fcltesi \u0130n\u015faat M\u00fchendisli\u011fi b\u00f6l\u00fcm\u00fc mezunu. AK Parti Diyarbak\u0131r Yeni\u015fehir \u0130l\u00e7esi Tan\u0131t\u0131m ve Medya Ba\u015fkanl\u0131\u011f\u0131 g\u00f6revinde de bulunan Eronat, 3 Ocak 2008\u2019de Diyarbak\u0131r\u2019da bir dersane \u00f6n\u00fcnde meydana gelen ter\u00f6r sald\u0131r\u0131s\u0131nda hayat\u0131n\u0131 kaybeden Eren \u015eahin\u2019in annesi. Hain sald\u0131r\u0131ya o\u011flunu kurban veren Eronat, olay sonras\u0131nda \u201cVerin elinizi \u00f6peyim. Taziyelerimizi kabul edin\u201d diyen Diyarbak\u0131r B\u00fcy\u00fck\u015fehir Belediye Ba\u015fkan\u0131 Osman Baydemir\u2019e \u201cSizin ne ba\u015f sa\u011fl\u0131\u011f\u0131n\u0131z\u0131 kabul ediyorum, ne de taziyenizi. Buradan ayr\u0131l\u0131n\u201d \u015feklindeki tepkisiyle haf\u0131zalarda yer etmi\u015fti.<\/p>\n<p style=\"text-align: justify;\"><a href=\"http:\/\/haber.gazetevatan.com\/diclenin-78-bin-oyu-cope-gitmeyecek\/384967\/9\/Siyaset\" target=\"_blank\">Kaynak : VATAN Gazetesi<\/a><\/p>\n","protected":false},"excerpt":{"rendered":"<p style=\"text-align: center;\">\n<p style=\"text-align: justify;\">YSK\u2019n\u0131n Hatip Dicle\u2019nin vekilli\u011fini d\u00fc\u015f\u00fcrmesinin ard\u0131ndan milletvekilli\u011fi kazanan AK Parti\u2019nin Diyarbak\u0131r aday\u0131 Oya Eronat, \u201cKimseyi siyasi partisine g\u00f6re ay\u0131rt etmeyece\u011fim. Diyarbak\u0131r halk\u0131n\u0131n tamam\u0131n\u0131 temsil edece\u011fim\u201d dedi.<\/p>\n","protected":false},"author":1,"featured_media":0,"comment_status":"open","ping_status":"closed","sticky":false,"template":"","format":"standard","meta":{"footnotes":""},"categories":[105],"tags":[],"class_list":["post-35003","post","type-post","status-publish","format-standard","hentry","category-gundem","odd"],"_links":{"self":[{"href":"http:\/\/www.korhanyilmaz.com\/index.php?rest_route=\/wp\/v2\/posts\/35003","targetHints":{"allow":["GET"]}}],"collection":[{"href":"http:\/\/www.korhanyilmaz.com\/index.php?rest_route=\/wp\/v2\/posts"}],"about":[{"href":"http:\/\/www.korhanyilmaz.com\/index.php?rest_route=\/wp\/v2\/types\/post"}],"author":[{"embeddable":true,"href":"http:\/\/www.korhanyilmaz.com\/index.php?rest_route=\/wp\/v2\/users\/1"}],"replies":[{"embeddable":true,"href":"http:\/\/www.korhanyilmaz.com\/index.php?rest_route=%2Fwp%2Fv2%2Fcomments&post=35003"}],"version-history":[{"count":0,"href":"http:\/\/www.korhanyilmaz.com\/index.php?rest_route=\/wp\/v2\/posts\/35003\/revisions"}],"wp:attachment":[{"href":"http:\/\/www.korhanyilmaz.com\/index.php?rest_route=%2Fwp%2Fv2%2Fmedia&parent=35003"}],"wp:term":[{"taxonomy":"category","embeddable":true,"href":"http:\/\/www.korhanyilmaz.com\/index.php?rest_route=%2Fwp%2Fv2%2Fcategories&post=35003"},{"taxonomy":"post_tag","embeddable":true,"href":"http:\/\/www.korhanyilmaz.com\/index.php?rest_route=%2Fwp%2Fv2%2Ftags&post=35003"}],"curies":[{"name":"wp","href":"https:\/\/api.w.org\/{rel}","templated":true}]}}