{"id":34999,"date":"2011-06-22T22:10:12","date_gmt":"2011-06-22T19:10:12","guid":{"rendered":"http:\/\/www.korhanyilmaz.com\/?p=34999"},"modified":"2011-07-10T23:43:19","modified_gmt":"2011-07-10T20:43:19","slug":"coskun-ozari-hayatini-kaybetti","status":"publish","type":"post","link":"http:\/\/www.korhanyilmaz.com\/?p=34999","title":{"rendered":"Co\u015fkun \u00d6zar\u0131 hayat\u0131n\u0131 kaybetti"},"content":{"rendered":"<p style=\"text-align: center;\"><a href=\"http:\/\/www.korhanyilmaz.com\/wp-content\/uploads\/2011\/06\/208.jpg\"  class=\"lightview\"><img loading=\"lazy\" decoding=\"async\" class=\"aligncenter size-full wp-image-35000\" src=\"http:\/\/www.korhanyilmaz.com\/wp-content\/uploads\/2011\/06\/208.jpg\" alt=\"\" width=\"325\" height=\"195\" \/><\/a><\/p>\n<p style=\"text-align: justify;\">Galatasaray ve (A) Milli Futbol Tak\u0131m\u0131 eski teknik direkt\u00f6rlerinden, eski milli futbolcu ve spor yazar\u0131 Co\u015fkun \u00d6zar\u0131, vefat etti.<\/p>\n<p style=\"text-align: justify;\">Rahats\u0131zl\u0131\u011f\u0131 nedeniyle bir s\u00fcredir tedavi g\u00f6ren \u00d6zar\u0131, Amerikan Hastanesi&#8217;nde ya\u015fama g\u00f6zlerini yumdu.<\/p>\n<p style=\"text-align: justify;\">Co\u015fkun \u00d6zar\u0131&#8217;n\u0131n cenazesi, 24 Haziran Cuma g\u00fcn\u00fc Te\u015fvikiye Camii&#8217;nde k\u0131l\u0131nacak \u00f6\u011fle namaz\u0131n\u0131n ard\u0131ndan, Zincirlikuyu Mezarl\u0131\u011f\u0131&#8217;nda defnedilecek.<!--more--><\/p>\n<p style=\"text-align: justify;\"><strong>\u00d6ZARI&#8217;NIN \u00d6ZGE\u00c7M\u0130\u015e\u0130<\/strong><\/p>\n<p style=\"text-align: justify;\">1931 y\u0131l\u0131nda \u0130stanbul&#8217;da do\u011fan Co\u015fkun \u00d6zar\u0131, futbola Galatasaray&#8217;da ba\u015flad\u0131. Galatasaray Lisesi&#8217;nden mezun olan \u00d6zar\u0131, sar\u0131-k\u0131rm\u0131z\u0131l\u0131 tak\u0131mda savunma b\u00f6lgesinde g\u00f6rev yapt\u0131. \u00d6zar\u0131, Galatasaray&#8217;da 1954-1955, 1955-1956 ve 1957-1958 sezonlar\u0131nda \u0130stanbul Ligi \u015fampiyonlu\u011funu ya\u015fad\u0131.<\/p>\n<p style=\"text-align: justify;\">Milli formay\u0131 ilk kez 1955 y\u0131l\u0131nda Portekiz&#8217;e kar\u015f\u0131 giyen Co\u015fkun \u00d6zar\u0131, 5 kez (A), 1 kez de (B) Milli oldu.<\/p>\n<p style=\"text-align: justify;\">Aktif futbol ya\u015fant\u0131s\u0131n\u0131 1960 y\u0131l\u0131nda tamamlayan Co\u015fkun \u00d6zar\u0131, \u0130ngiltere&#8217;de antren\u00f6rl\u00fck e\u011fitimi g\u00f6rd\u00fckten sonra Galatasaray&#8217;da G\u00fcnd\u00fcz K\u0131l\u0131\u00e7&#8217;\u0131n yard\u0131mc\u0131l\u0131\u011f\u0131n\u0131 yapt\u0131. \u00d6zar\u0131, daha sonra sar\u0131-k\u0131rm\u0131z\u0131l\u0131 tak\u0131mda 1961-1963 (G\u00fcnd\u00fcz K\u0131l\u0131\u00e7 ile birlikte), 1970-1971 ve 1978-1979 y\u0131llar\u0131nda teknik direkt\u00f6rl\u00fck yapt\u0131.<\/p>\n<p style=\"text-align: justify;\">(A) Milli Tak\u0131m&#8217;da da 1972-1976, 1982-1984 ve 1985-1986 y\u0131llar\u0131nda \u00fc\u00e7 ayr\u0131 d\u00f6nem teknik direkt\u00f6rl\u00fck yapan \u00d6zar\u0131, milli tak\u0131m\u0131n ba\u015f\u0131nda toplam 54 ma\u00e7a \u00e7\u0131kt\u0131.<\/p>\n<p style=\"text-align: justify;\">Galatasaray ve milli tak\u0131m\u0131n yan\u0131 s\u0131ra, \u015eekerspor ve Adana Demirspor&#8217;da da teknik direkt\u00f6rl\u00fck yapan Co\u015fkun \u00d6zar\u0131, teknik adaml\u0131k kariyerini 1986&#8217;da noktalayarak spor yazarl\u0131\u011f\u0131na ba\u015flad\u0131.<\/p>\n<p style=\"text-align: justify;\">\u00d6zar\u0131, milli tak\u0131m ve Galatasaray ile ilgili yaz\u0131lar yazd\u0131.<\/p>\n<p style=\"text-align: justify;\"><a href=\"http:\/\/www.hurriyet.com.tr\/spor\/futbol\/18088808.asp?gid=381\" target=\"_blank\">Kaynak : H\u00fcrriyet<\/a><\/p>\n","protected":false},"excerpt":{"rendered":"<p style=\"text-align: center;\">\n<p style=\"text-align: justify;\">Galatasaray ve (A) Milli Futbol Tak\u0131m\u0131 eski teknik direkt\u00f6rlerinden, eski milli futbolcu ve spor yazar\u0131 Co\u015fkun \u00d6zar\u0131, vefat etti.<\/p>\n<p style=\"text-align: justify;\">Rahats\u0131zl\u0131\u011f\u0131 nedeniyle bir s\u00fcredir tedavi g\u00f6ren \u00d6zar\u0131, Amerikan Hastanesi&#8217;nde ya\u015fama g\u00f6zlerini yumdu.<\/p>\n<p style=\"text-align: justify;\">Co\u015fkun \u00d6zar\u0131&#8217;n\u0131n cenazesi, 24 Haziran Cuma g\u00fcn\u00fc Te\u015fvikiye Camii&#8217;nde k\u0131l\u0131nacak \u00f6\u011fle namaz\u0131n\u0131n ard\u0131ndan, Zincirlikuyu Mezarl\u0131\u011f\u0131&#8217;nda <\/p>\n","protected":false},"author":1,"featured_media":0,"comment_status":"open","ping_status":"closed","sticky":false,"template":"","format":"standard","meta":{"footnotes":""},"categories":[105],"tags":[],"class_list":["post-34999","post","type-post","status-publish","format-standard","hentry","category-gundem","odd"],"_links":{"self":[{"href":"http:\/\/www.korhanyilmaz.com\/index.php?rest_route=\/wp\/v2\/posts\/34999","targetHints":{"allow":["GET"]}}],"collection":[{"href":"http:\/\/www.korhanyilmaz.com\/index.php?rest_route=\/wp\/v2\/posts"}],"about":[{"href":"http:\/\/www.korhanyilmaz.com\/index.php?rest_route=\/wp\/v2\/types\/post"}],"author":[{"embeddable":true,"href":"http:\/\/www.korhanyilmaz.com\/index.php?rest_route=\/wp\/v2\/users\/1"}],"replies":[{"embeddable":true,"href":"http:\/\/www.korhanyilmaz.com\/index.php?rest_route=%2Fwp%2Fv2%2Fcomments&post=34999"}],"version-history":[{"count":0,"href":"http:\/\/www.korhanyilmaz.com\/index.php?rest_route=\/wp\/v2\/posts\/34999\/revisions"}],"wp:attachment":[{"href":"http:\/\/www.korhanyilmaz.com\/index.php?rest_route=%2Fwp%2Fv2%2Fmedia&parent=34999"}],"wp:term":[{"taxonomy":"category","embeddable":true,"href":"http:\/\/www.korhanyilmaz.com\/index.php?rest_route=%2Fwp%2Fv2%2Fcategories&post=34999"},{"taxonomy":"post_tag","embeddable":true,"href":"http:\/\/www.korhanyilmaz.com\/index.php?rest_route=%2Fwp%2Fv2%2Ftags&post=34999"}],"curies":[{"name":"wp","href":"https:\/\/api.w.org\/{rel}","templated":true}]}}