{"id":34995,"date":"2011-06-22T21:29:16","date_gmt":"2011-06-22T18:29:16","guid":{"rendered":"http:\/\/www.korhanyilmaz.com\/?p=34995"},"modified":"2011-07-10T23:43:47","modified_gmt":"2011-07-10T20:43:47","slug":"yuce-divanin-aglattigi-bakan","status":"publish","type":"post","link":"http:\/\/www.korhanyilmaz.com\/?p=34995","title":{"rendered":"Y\u00fcce Divan&#8217;\u0131n a\u011flatt\u0131\u011f\u0131 bakan"},"content":{"rendered":"<p style=\"text-align: center;\"><a href=\"http:\/\/www.korhanyilmaz.com\/wp-content\/uploads\/2011\/06\/207.jpg\"  class=\"lightview\"><img loading=\"lazy\" decoding=\"async\" class=\"aligncenter size-full wp-image-34996\" src=\"http:\/\/www.korhanyilmaz.com\/wp-content\/uploads\/2011\/06\/207.jpg\" alt=\"\" width=\"396\" height=\"180\" \/><\/a><\/p>\n<p style=\"text-align: justify;\">Eski bakan Sefa Giray hayata veda etti. Bug\u00fcn \u00fczerinden binlerce arac\u0131n ge\u00e7ti\u011fi otoyollar nedeniyle Y\u00fcce Divan\u2019da yarg\u0131lan\u0131p beraat eden Giray, bu dava nedeniyle gizlice a\u011flad\u0131\u011f\u0131n\u0131 s\u00f6ylemi\u015fti.<\/p>\n<p style=\"text-align: justify;\">ANKARA- T\u00fcrk siyasetinde \u2018\u2019\u0130stanbul Beyefendisi\u2019\u2019 olarak an\u0131lan Bay\u0131nd\u0131rl\u0131k \u0130skan, Milli Savunma ve D\u0131\u015fi\u015fleri Bakanl\u0131\u011f\u0131 g\u00f6revlerinde bulunan Sefa Giray, hayata veda etti ve Ankara\u2019n\u0131n Mogan g\u00f6l\u00fc k\u0131y\u0131s\u0131ndaki il\u00e7esi G\u00f6lba\u015f\u0131nda topra\u011fa verildi. <!--more--><\/p>\n<p style=\"text-align: justify;\">Turgut \u00d6zal ile birlikte politikaya at\u0131lan, Bay\u0131nd\u0131rl\u0131k \u0130skan Bakanl\u0131\u011f\u0131 d\u00f6neminde otoyol hamlesini ba\u015flat\u0131p Ankara \u0130stanbul otoyolu ile i\u015fe koyulan Giray, daha sonra bu ihalelerde \u2018\u2019Fahi\u015f fiyat ve g\u00f6revi ihmal\u2019\u2019 iddias\u0131yla Y\u00fcce Divan\u2019da yarg\u0131lan\u0131p beraat etmi\u015fti.<\/p>\n<p style=\"text-align: justify;\"><strong>2,5 YIL IZDIRAP \u00c7EKT\u0130M<\/strong><\/p>\n<p style=\"text-align: justify;\">Y\u00fcce Divan d\u00f6nemini, \u2018\u20192,5 y\u0131l \u0131zd\u0131rap \u00e7ektim\u2019\u2019 diyerek anlatan Giray, bu dava nedeniyle b\u00fcy\u00fck \u00fcz\u00fcnt\u00fc duydu. Yak\u0131nlar\u0131 Giray\u2019\u0131n Y\u00fcce Divan\u2019a sevk edilmesinin, \u2018\u2019Hayat\u0131ndan \u00f6m\u00fcr \u00e7ald\u0131\u011f\u0131n\u0131\u2019\u2019 belirtirken Giray da o g\u00fcnlerde \u2018\u2019A\u011flad\u0131\u011f\u0131n\u0131\u2019\u2019 itiraf etmi\u015fti.<\/p>\n<p style=\"text-align: justify;\">Giray, son r\u00f6portajlar\u0131ndan birini verdi\u011fi gazeteci-yazar Yavuz Donat\u2019a o g\u00fcnleri \u2018\u2019 Mu\u011fla&#8217;da otomobiline benzin al\u0131rken benzinci beni tan\u0131d\u0131 ve (Bu size yap\u0131lmamal\u0131yd\u0131) dedi. H\u0131\u00e7k\u0131rarak a\u011flad\u0131m\u2019\u2019 diye anlatt\u0131. Denizli&#8217;de ya\u015fad\u0131\u011f\u0131 bir olay\u0131 da anlatan Giray \u2018\u2019 Polis arabalar\u0131 \u00f6n\u00fcme, arkama tak\u0131ld\u0131&#8230; Beni Denizli \u00e7\u0131k\u0131\u015f\u0131na kadar ge\u00e7irdiler. Sonra polisler s\u0131raya girdi. (Sizi seviyoruz, beraat edece\u011finize inan\u0131yoruz ) deyince yine a\u011flamaya ba\u015flad\u0131m\u2019 dedi.<\/p>\n<p style=\"text-align: justify;\">Giray i\u00e7in TBMM ve Kocatepe camiinde t\u00f6ren d\u00fczenlendi. T\u00f6rene Ba\u015fbakan Yard\u0131mc\u0131s\u0131 Cemil \u00c7i\u00e7ek DP Genel Ba\u015fkan\u0131 Nam\u0131k Kemal Zeybek, eski bakanlar, H\u00fcsn\u00fc Do\u011fan, Kurtcebe Alptemo\u00e7in, Ali Bozer, Barlas Do\u011fu, Abdullah Tenekeci ile Milli Savunma Bakanl\u0131\u011f\u0131 M\u00fcste\u015far\u0131 Korgeneral \u00dcmit D\u00fcndar da kat\u0131ld\u0131.<\/p>\n<p style=\"text-align: justify;\"><a href=\"http:\/\/www.gazeteport.com.tr\/haber\/38921\/yuce_divanin_aglattigi_bakan\" target=\"_blank\">Kaynak : GAZETEPORT<\/a><\/p>\n","protected":false},"excerpt":{"rendered":"<p style=\"text-align: center;\">\n<p style=\"text-align: justify;\">Eski bakan Sefa Giray hayata veda etti. Bug\u00fcn \u00fczerinden binlerce arac\u0131n ge\u00e7ti\u011fi otoyollar nedeniyle Y\u00fcce Divan\u2019da yarg\u0131lan\u0131p beraat eden Giray, bu dava nedeniyle gizlice a\u011flad\u0131\u011f\u0131n\u0131 s\u00f6ylemi\u015fti.<\/p>\n<p style=\"text-align: justify;\">ANKARA- T\u00fcrk siyasetinde \u2018\u2019\u0130stanbul Beyefendisi\u2019\u2019 olarak an\u0131lan Bay\u0131nd\u0131rl\u0131k \u0130skan, Milli Savunma ve D\u0131\u015fi\u015fleri Bakanl\u0131\u011f\u0131 g\u00f6revlerinde bulunan Sefa Giray, hayata veda etti ve <\/p>\n","protected":false},"author":1,"featured_media":0,"comment_status":"open","ping_status":"closed","sticky":false,"template":"","format":"standard","meta":{"footnotes":""},"categories":[105],"tags":[],"class_list":["post-34995","post","type-post","status-publish","format-standard","hentry","category-gundem","odd"],"_links":{"self":[{"href":"http:\/\/www.korhanyilmaz.com\/index.php?rest_route=\/wp\/v2\/posts\/34995","targetHints":{"allow":["GET"]}}],"collection":[{"href":"http:\/\/www.korhanyilmaz.com\/index.php?rest_route=\/wp\/v2\/posts"}],"about":[{"href":"http:\/\/www.korhanyilmaz.com\/index.php?rest_route=\/wp\/v2\/types\/post"}],"author":[{"embeddable":true,"href":"http:\/\/www.korhanyilmaz.com\/index.php?rest_route=\/wp\/v2\/users\/1"}],"replies":[{"embeddable":true,"href":"http:\/\/www.korhanyilmaz.com\/index.php?rest_route=%2Fwp%2Fv2%2Fcomments&post=34995"}],"version-history":[{"count":0,"href":"http:\/\/www.korhanyilmaz.com\/index.php?rest_route=\/wp\/v2\/posts\/34995\/revisions"}],"wp:attachment":[{"href":"http:\/\/www.korhanyilmaz.com\/index.php?rest_route=%2Fwp%2Fv2%2Fmedia&parent=34995"}],"wp:term":[{"taxonomy":"category","embeddable":true,"href":"http:\/\/www.korhanyilmaz.com\/index.php?rest_route=%2Fwp%2Fv2%2Fcategories&post=34995"},{"taxonomy":"post_tag","embeddable":true,"href":"http:\/\/www.korhanyilmaz.com\/index.php?rest_route=%2Fwp%2Fv2%2Ftags&post=34995"}],"curies":[{"name":"wp","href":"https:\/\/api.w.org\/{rel}","templated":true}]}}