{"id":34988,"date":"2011-06-22T17:22:13","date_gmt":"2011-06-22T14:22:13","guid":{"rendered":"http:\/\/www.korhanyilmaz.com\/?p=34988"},"modified":"2011-07-10T22:52:28","modified_gmt":"2011-07-10T19:52:28","slug":"mayin-tuzagi-2-polis-sehit","status":"publish","type":"post","link":"http:\/\/www.korhanyilmaz.com\/?p=34988","title":{"rendered":"May\u0131n tuza\u011f\u0131: 2 polis \u015fehit"},"content":{"rendered":"<p style=\"text-align: center;\"><a href=\"http:\/\/www.korhanyilmaz.com\/wp-content\/uploads\/2011\/06\/204.jpg\"  class=\"lightview\"><img loading=\"lazy\" decoding=\"async\" class=\"aligncenter size-full wp-image-34989\" src=\"http:\/\/www.korhanyilmaz.com\/wp-content\/uploads\/2011\/06\/204.jpg\" alt=\"\" width=\"458\" height=\"238\" \/><\/a><\/p>\n<p style=\"text-align: justify;\">TUNCEL\u0130&#8217;nin Nazimiye \u0130l\u00e7esi yak\u0131nlar\u0131nda polis arac\u0131n\u0131n ge\u00e7i\u015fi s\u0131ras\u0131nda patlama meydana geldi. Patlamada polis Hakan Yavuz ile G\u00f6khan B\u00fcy\u00fckaslan \u015fehit oldu.<\/p>\n<p style=\"text-align: justify;\">TUNCEL\u0130\u2019nin Naz\u0131miye \u0130l\u00e7esi\u2019nde polis arac\u0131n\u0131n ge\u00e7isi s\u0131ras\u0131nda PKK\u2019l\u0131 ter\u00f6ristler, yola \u00f6nceden d\u00f6\u015fedi\u011fi may\u0131n\u0131 uzaktan kumanda ile infilak ettirdi. Patlamada ara\u00e7ta bulunan 2 polis memuru \u015fehit oldu. <!--more--><\/p>\n<p style=\"text-align: justify;\">Naz\u0131miye\u2019de PKK\u2019l\u0131 ter\u00f6ristlerin polis arac\u0131na y\u00f6nelik may\u0131nl\u0131 sald\u0131r\u0131s\u0131 il\u00e7eye 500 metre mesafedeki Dereova K\u00f6y\u00fc yolunda bug\u00fcn saat 11.45\u2019de meydana geldi. Naz\u0131miye \u0130l\u00e7e Emniyet M\u00fcd\u00fcrl\u00fc\u011f\u00fc\u2019ne ait resmi plakal\u0131 arac\u0131n ge\u00e7i\u015fi s\u0131ras\u0131nda ter\u00f6ristler yola daha \u00f6nceden tuzaklad\u0131\u011f\u0131 may\u0131n\u0131 uzaktan kumanda ile patlatt\u0131. B\u00fcy\u00fck bir g\u00fcr\u00fclt\u00fcyle meydana gelen patlamada ara\u00e7ta bulunan polis memurlar\u0131 Hakan Yavuz ile G\u00f6khan B\u00fcy\u00fckaslan \u015fehit oldu. \u015eiddetli patlamada arac\u0131n par\u00e7alar\u0131 200 metrelik bir alana yay\u0131ld\u0131. \u015eehitlerin cesetleri olay yeri inceleme ekipleri taraf\u0131ndan topland\u0131.<\/p>\n<p style=\"text-align: justify;\">Patlamada 2 metre derinlik, 3 metre de geni\u015fli\u011finde \u00e7ukur olu\u015ftu. Olay yerinde g\u00fcvenlik g\u00fc\u00e7leri \u00e7al\u0131\u015fmalar\u0131n\u0131 s\u00fcrd\u00fcr\u00fcrken, bir yandan sald\u0131r\u0131y\u0131p d\u00fczenleyip ka\u00e7an ter\u00f6ristleri etkisiz hale getirmek i\u00e7in geni\u015f kapsaml\u0131 operasyon ba\u015flat\u0131ld\u0131.<\/p>\n<p style=\"text-align: justify;\">Tunceli Jandarma B\u00f6lge Komutanl\u0131\u011f\u0131\u2019ndan kalkan 3 Sikorsky helikopterle ter\u00f6ristlerin ka\u00e7t\u0131\u011f\u0131 g\u00fczergahlara profesyonel askerler indirildi. B\u00f6lgede 2 Kobra helikopter de s\u00fcrekli u\u00e7u\u015f yaparak, ter\u00f6ristlerin bulunabilece\u011fi alanlar\u0131n bombalad\u0131. B\u00f6lgedeki operasyonlar s\u00fcrd\u00fcr\u00fcl\u00fcyor.<\/p>\n<p style=\"text-align: justify;\"><strong>POL\u0130S TELS\u0130ZLE UYARIMI\u015eTI<\/strong><\/p>\n<p style=\"text-align: justify;\"><a href=\"http:\/\/www.korhanyilmaz.com\/wp-content\/uploads\/2011\/06\/205.jpg\"  class=\"lightview\"><img loading=\"lazy\" decoding=\"async\" class=\"alignleft size-full wp-image-34990\" style=\"margin-left: 10px; margin-right: 10px;\" src=\"http:\/\/www.korhanyilmaz.com\/wp-content\/uploads\/2011\/06\/205.jpg\" alt=\"\" width=\"180\" height=\"247\" \/><\/a>Tunceli Emniyet M\u00fcd\u00fcrl\u00fc\u011f\u00fc\u2019n\u00fcn bug\u00fcn Naz\u0131miye \u0130l\u00e7esi\u2019nde 2 polis memurunun PKK\u2019n\u0131n may\u0131nl\u0131 sald\u0131r\u0131s\u0131nda \u015fehit olmadan \u00f6nce d\u00fcn gece t\u00fcm birimleri telsiz ononsuyla uyard\u0131\u011f\u0131 ortaya \u00e7\u0131kt\u0131. Tunceli Emniyet M\u00fcd\u00fcr\u00fc Ertan Yava\u015f\u2019\u0131n talimat\u0131yla d\u00fcn saat 24.00 s\u0131ralar\u0131nda haber merkezinden il ve il\u00e7elerdeki t\u00fcm birimlere yap\u0131lan acil anonsta, m\u00fcmk\u00fcn olunmad\u0131k\u00e7a belirli g\u00fczergahlar\u0131n d\u0131\u015f\u0131na \u00e7\u0131k\u0131lmamas\u0131 ve devriye g\u00f6revi yapan ekiplerin daha \u00e7ok polis noktalar\u0131 ve polis merkezleri yak\u0131n\u0131nda durmalar\u0131 istendi. Anonsta, b\u00fct\u00fcn polislerin \u00e7elik yelek giymeleri talimat\u0131 da verildi. Yap\u0131lan bu anonsa ra\u011fmen bug\u00fcn polis otosunun neden il\u00e7e d\u0131\u015f\u0131na \u00e7\u0131kt\u0131\u011f\u0131 konusunda hen\u00fcz bir a\u00e7\u0131klama yap\u0131lmad\u0131. Sald\u0131r\u0131yla ilgili savc\u0131l\u0131\u011f\u0131n da soru\u015fturmas\u0131 s\u00fcrd\u00fcr\u00fcl\u00fcyor.<\/p>\n<p style=\"text-align: justify;\"><strong>BA\u015eBAKAN&#8217;DAN BA\u015eSA\u011eLI\u011eI<\/strong><\/p>\n<p style=\"text-align: justify;\">Ba\u015fbakan Recep Tayyip Erdo\u011fan, Tunceli&#8217;de iki polisin ter\u00f6ristler taraf\u0131ndan d\u00f6\u015fenen may\u0131n\u0131n patlamas\u0131 sonucu \u015fehit olmas\u0131 nedeniyle \u0130\u00e7i\u015fleri Bakan\u0131 Osman G\u00fcne\u015f&#8217;e ba\u015fsa\u011fl\u0131\u011f\u0131 dile\u011finde bulundu.<\/p>\n<p style=\"text-align: justify;\">Ba\u015fbakanl\u0131k Bas\u0131n Merkezinden yap\u0131lan a\u00e7\u0131klamada, Ba\u015fbakan Erdo\u011fan&#8217;\u0131n, Tunceli&#8217;de ter\u00f6ristler taraf\u0131ndan d\u00f6\u015fenen may\u0131n\u0131n patlamas\u0131 sonucu iki polisin \u015fehit olmas\u0131 nedeniyle \u0130\u00e7i\u015fleri Bakan\u0131 Say\u0131n Osman G\u00fcne\u015f&#8217;e bir ba\u015fsa\u011fl\u0131\u011f\u0131 telgraf\u0131 g\u00f6nderdi\u011fi ve \u00fcz\u00fcnt\u00fclerini bildirdi\u011fi kaydedildi.<\/p>\n<p style=\"text-align: justify;\"><strong>\u0130\u00c7\u0130\u015eLER\u0130 BAKANI GEL\u0130YOR<\/strong><\/p>\n<p style=\"text-align: justify;\">PKK\u2019l\u0131 ter\u00f6ristlerin may\u0131nl\u0131 sald\u0131r\u0131s\u0131nda \u015fehit olan polis memurlar\u0131 30 ya\u015f\u0131ndaki Hakan Yavuz ile 24 ya\u015f\u0131ndaki G\u00f6khan B\u00fcy\u00fckarslan i\u00e7in bug\u00fcn Naz\u0131miye\u2019de t\u00f6ren d\u00fczenlenecek. T\u00f6rene \u0130\u00e7i\u015fleri Bakan\u0131 Osman G\u00fcne\u015f\u2019in de kat\u0131laca\u011f\u0131 belirtildi. T\u00f6renin ard\u0131ndan \u015fehit Yavuz\u2019un cenazesi memleketi Trabzon, B\u00fcy\u00fckarslan\u2019\u0131n cenazesi de memleketi Osmaniye\u2019ye g\u00f6nderilecek.<\/p>\n<p style=\"text-align: justify;\"><strong>KAD\u0130RL\u0130\u2019YE ATE\u015e D\u00dc\u015eT\u00dc<\/strong><\/p>\n<p style=\"text-align: justify;\"><a href=\"http:\/\/www.korhanyilmaz.com\/wp-content\/uploads\/2011\/06\/206.jpg\"  class=\"lightview\"><img loading=\"lazy\" decoding=\"async\" class=\"alignleft size-full wp-image-34991\" style=\"margin-left: 10px; margin-right: 10px;\" src=\"http:\/\/www.korhanyilmaz.com\/wp-content\/uploads\/2011\/06\/206.jpg\" alt=\"\" width=\"180\" height=\"247\" \/><\/a>Tunceli\u2019de meydana gelen patlamada \u015fehit olan evli ve 9 ayl\u0131k bir k\u0131z \u00e7ocu\u011fu babas\u0131 polis memuru G\u00f6khan B\u00fcy\u00fckarslan\u2019\u0131n ac\u0131 haberini ailesine Osmaniye Emniyet M\u00fcd\u00fcr\u00fc Tayfur Erdal Ceren ile Kadirli \u0130l\u00e7e Emniyet M\u00fcd\u00fcr\u00fcn\u00fc Anda\u00e7 \u00c7elebi verdi. Emniyet M\u00fcd\u00fcr\u00fc Ceren ile \u00c7elebi, beraberindeki sa\u011fl\u0131k ekipleriyle B\u00fcy\u00fckarslan\u2019\u0131n babas\u0131 65 ya\u015f\u0131ndaki Hamza B\u00fcy\u00fckarslan\u2019\u0131n Osmaniye\u2019nin Kadirli \u0130l\u00e7esi\u2019nin \u015eehit \u0130brahim Kundak\u00e7\u0131 Mahallesi\u2019ndeki evine geldi.<\/p>\n<p style=\"text-align: justify;\">2 katl\u0131 evin \u00f6n\u00fcne eskort ve sa\u011fl\u0131k ekipleriyle gelen Emniyet M\u00fcd\u00fcr\u00fc Ceren\u2019i kap\u0131da \u015fa\u015fk\u0131nl\u0131kla kar\u015f\u0131layan besici baba Hamza B\u00fcy\u00fckarslan ne oldu\u011funu anlamaya \u00e7al\u0131\u015farak &#8220;Hay\u0131rd\u0131r&#8221; dedi. Gazetecileri de g\u00f6r\u00fcnce akl\u0131na Tunceli\u2019de g\u00f6rev yapan o\u011flu gelen baban\u0131n sesi titredi, daha fazla soru soramad\u0131 i\u00e7eri girdi. Emniyet M\u00fcd\u00fcr\u00fc Ceren de, &#8220;O\u011flumuz \u015fehit oldu&#8221; diyebildi. Dizlerinin ba\u011f\u0131 \u00e7\u00f6z\u00fclen baba ile anne 60 ya\u015f\u0131ndaki Selbi B\u00fcy\u00fckarslan yere y\u0131\u011f\u0131ld\u0131. Bayg\u0131nl\u0131k ge\u00e7iren anne ve baba ile evde bulunan di\u011fer yak\u0131nlar\u0131na sa\u011fl\u0131k ekipleri hemen sakinle\u015ftirici i\u011fne yapt\u0131. G\u00f6zya\u015flar\u0131na bo\u011fulan anne, &#8220;Bir y\u0131ld\u0131r yolunu g\u00f6zl\u00fcyordum&#8221; diyerek a\u011f\u0131t yakt\u0131.<\/p>\n<p style=\"text-align: justify;\">Ac\u0131 haberi duyanlar\u0131n ak\u0131n etti\u011fi 2 katl\u0131 eve dev bir T\u00fcrk Bayra\u011f\u0131 da as\u0131ld\u0131. \u015eehidin cenazesi yar\u0131n Kadirli \u0130l\u00e7esi\u2019nde topra\u011fa verilecek.<\/p>\n<p style=\"text-align: justify;\"><strong>&#8220;K\u0130MSEN\u0130N YANINA KALMAYACAK&#8221;<\/strong><\/p>\n<p style=\"text-align: justify;\">\u0130\u00e7i\u015fleri Bakan\u0131 Osman G\u00fcne\u015f, Tunceli&#8217;deki polis arac\u0131na sald\u0131r\u0131yla ilgili olarak, \u201cOperasyonlar ba\u015flad\u0131. Hi\u00e7 kimsenin yapt\u0131\u011f\u0131 yan\u0131na kalmayacak\u201d dedi.<\/p>\n<p style=\"text-align: justify;\"><a href=\"http:\/\/www.hurriyet.com.tr\/gundem\/18085621.asp?gid=381\" target=\"_blank\">Kaynak : H\u00fcrriyet<\/a><\/p>\n","protected":false},"excerpt":{"rendered":"<p style=\"text-align: center;\">\n<p style=\"text-align: justify;\">TUNCEL\u0130&#8217;nin Nazimiye \u0130l\u00e7esi yak\u0131nlar\u0131nda polis arac\u0131n\u0131n ge\u00e7i\u015fi s\u0131ras\u0131nda patlama meydana geldi. Patlamada polis Hakan Yavuz ile G\u00f6khan B\u00fcy\u00fckaslan \u015fehit oldu.<\/p>\n<p style=\"text-align: justify;\">TUNCEL\u0130\u2019nin Naz\u0131miye \u0130l\u00e7esi\u2019nde polis arac\u0131n\u0131n ge\u00e7isi s\u0131ras\u0131nda PKK\u2019l\u0131 ter\u00f6ristler, yola \u00f6nceden d\u00f6\u015fedi\u011fi may\u0131n\u0131 uzaktan kumanda ile infilak ettirdi. Patlamada ara\u00e7ta bulunan 2 polis memuru \u015fehit oldu. <\/p>\n","protected":false},"author":1,"featured_media":0,"comment_status":"open","ping_status":"closed","sticky":false,"template":"","format":"standard","meta":{"footnotes":""},"categories":[105],"tags":[],"class_list":["post-34988","post","type-post","status-publish","format-standard","hentry","category-gundem","odd"],"_links":{"self":[{"href":"http:\/\/www.korhanyilmaz.com\/index.php?rest_route=\/wp\/v2\/posts\/34988","targetHints":{"allow":["GET"]}}],"collection":[{"href":"http:\/\/www.korhanyilmaz.com\/index.php?rest_route=\/wp\/v2\/posts"}],"about":[{"href":"http:\/\/www.korhanyilmaz.com\/index.php?rest_route=\/wp\/v2\/types\/post"}],"author":[{"embeddable":true,"href":"http:\/\/www.korhanyilmaz.com\/index.php?rest_route=\/wp\/v2\/users\/1"}],"replies":[{"embeddable":true,"href":"http:\/\/www.korhanyilmaz.com\/index.php?rest_route=%2Fwp%2Fv2%2Fcomments&post=34988"}],"version-history":[{"count":0,"href":"http:\/\/www.korhanyilmaz.com\/index.php?rest_route=\/wp\/v2\/posts\/34988\/revisions"}],"wp:attachment":[{"href":"http:\/\/www.korhanyilmaz.com\/index.php?rest_route=%2Fwp%2Fv2%2Fmedia&parent=34988"}],"wp:term":[{"taxonomy":"category","embeddable":true,"href":"http:\/\/www.korhanyilmaz.com\/index.php?rest_route=%2Fwp%2Fv2%2Fcategories&post=34988"},{"taxonomy":"post_tag","embeddable":true,"href":"http:\/\/www.korhanyilmaz.com\/index.php?rest_route=%2Fwp%2Fv2%2Ftags&post=34988"}],"curies":[{"name":"wp","href":"https:\/\/api.w.org\/{rel}","templated":true}]}}