{"id":34983,"date":"2011-06-22T21:15:25","date_gmt":"2011-06-22T18:15:25","guid":{"rendered":"http:\/\/www.korhanyilmaz.com\/?p=34983"},"modified":"2011-07-10T22:53:00","modified_gmt":"2011-07-10T19:53:00","slug":"hatip-dicle-protestosuna-polis-mudahalesi","status":"publish","type":"post","link":"http:\/\/www.korhanyilmaz.com\/?p=34983","title":{"rendered":"Hatip Dicle protestosuna polis m\u00fcdahalesi"},"content":{"rendered":"<p style=\"text-align: center;\"><a href=\"http:\/\/www.korhanyilmaz.com\/wp-content\/uploads\/2011\/06\/203.jpg\"  class=\"lightview\"><img loading=\"lazy\" decoding=\"async\" class=\"aligncenter size-full wp-image-34984\" src=\"http:\/\/www.korhanyilmaz.com\/wp-content\/uploads\/2011\/06\/203.jpg\" alt=\"\" width=\"345\" height=\"230\" \/><\/a><\/p>\n<p style=\"text-align: justify;\">Y\u00fcksek Se\u00e7im Kurulunun (YSK) Hatip Dicle&#8217;nin milletvekilli\u011finin d\u00fc\u015f\u00fcr\u00fclmesine ili\u015fkin karar\u0131n\u0131 protesto amac\u0131yla Beyo\u011flu&#8217;nda toplanan ve polis barikat\u0131n\u0131 a\u015fmaya \u00e7al\u0131\u015fan gruba polis m\u00fcdahale etti.<\/p>\n<p style=\"text-align: justify;\">Taksim Meydan\u0131&#8217;nda toplanan, Hatip Dicle&#8217;nin milletvekilli\u011finin YSK taraf\u0131ndan d\u00fc\u015f\u00fcr\u00fclmesini protesto eden \u00e7e\u015fitli sivil toplum kurulu\u015fu ve partilere \u00fcye bir grup, \u0130stiklal Caddesi&#8217;nden Beyo\u011flu&#8217;na y\u00fcr\u00fcmek istedi. <!--more--><\/p>\n<p style=\"text-align: justify;\">Polisin izin vermemesi \u00fczerine Tarlaba\u015f\u0131 Bulvar\u0131&#8217;na y\u00f6nelen grup \u00fcyeleri, polisin Beyo\u011flu Emniyet M\u00fcd\u00fcrl\u00fc\u011f\u00fcn\u00fcn \u00f6n\u00fcnde kurdu\u011fu barikat\u0131 a\u015fmaya \u00e7al\u0131\u015ft\u0131. \u00c7evik kuvvet ekipleri, gruba biber gaz\u0131 ve tazyikli suyla m\u00fcdahale etti.<\/p>\n<p style=\"text-align: justify;\">M\u00fcdahalenin ard\u0131ndan gruptakiler ara sokaklara ka\u00e7t\u0131. G\u00f6stericilerin bir b\u00f6l\u00fcm\u00fc, daha sonra Taksim Meydan\u0131&#8217;nda oturma eylemi yapt\u0131.<\/p>\n<p style=\"text-align: justify;\"><a href=\"http:\/\/www.cnnturk.com\/2011\/turkiye\/06\/22\/hatip.dicle.protestosuna.polis.mudahalesi\/620938.0\/index.html\" target=\"_blank\">Kaynak : CNN T\u00dcRK<\/a><\/p>\n","protected":false},"excerpt":{"rendered":"<p style=\"text-align: center;\">\n<p style=\"text-align: justify;\">Y\u00fcksek Se\u00e7im Kurulunun (YSK) Hatip Dicle&#8217;nin milletvekilli\u011finin d\u00fc\u015f\u00fcr\u00fclmesine ili\u015fkin karar\u0131n\u0131 protesto amac\u0131yla Beyo\u011flu&#8217;nda toplanan ve polis barikat\u0131n\u0131 a\u015fmaya \u00e7al\u0131\u015fan gruba polis m\u00fcdahale etti.<\/p>\n<p style=\"text-align: justify;\">Taksim Meydan\u0131&#8217;nda toplanan, Hatip Dicle&#8217;nin milletvekilli\u011finin YSK taraf\u0131ndan d\u00fc\u015f\u00fcr\u00fclmesini protesto eden \u00e7e\u015fitli sivil toplum kurulu\u015fu ve partilere \u00fcye bir grup, \u0130stiklal Caddesi&#8217;nden Beyo\u011flu&#8217;na y\u00fcr\u00fcmek istedi. <\/p>\n","protected":false},"author":1,"featured_media":0,"comment_status":"open","ping_status":"closed","sticky":false,"template":"","format":"standard","meta":{"footnotes":""},"categories":[105],"tags":[],"class_list":["post-34983","post","type-post","status-publish","format-standard","hentry","category-gundem","odd"],"_links":{"self":[{"href":"http:\/\/www.korhanyilmaz.com\/index.php?rest_route=\/wp\/v2\/posts\/34983","targetHints":{"allow":["GET"]}}],"collection":[{"href":"http:\/\/www.korhanyilmaz.com\/index.php?rest_route=\/wp\/v2\/posts"}],"about":[{"href":"http:\/\/www.korhanyilmaz.com\/index.php?rest_route=\/wp\/v2\/types\/post"}],"author":[{"embeddable":true,"href":"http:\/\/www.korhanyilmaz.com\/index.php?rest_route=\/wp\/v2\/users\/1"}],"replies":[{"embeddable":true,"href":"http:\/\/www.korhanyilmaz.com\/index.php?rest_route=%2Fwp%2Fv2%2Fcomments&post=34983"}],"version-history":[{"count":0,"href":"http:\/\/www.korhanyilmaz.com\/index.php?rest_route=\/wp\/v2\/posts\/34983\/revisions"}],"wp:attachment":[{"href":"http:\/\/www.korhanyilmaz.com\/index.php?rest_route=%2Fwp%2Fv2%2Fmedia&parent=34983"}],"wp:term":[{"taxonomy":"category","embeddable":true,"href":"http:\/\/www.korhanyilmaz.com\/index.php?rest_route=%2Fwp%2Fv2%2Fcategories&post=34983"},{"taxonomy":"post_tag","embeddable":true,"href":"http:\/\/www.korhanyilmaz.com\/index.php?rest_route=%2Fwp%2Fv2%2Ftags&post=34983"}],"curies":[{"name":"wp","href":"https:\/\/api.w.org\/{rel}","templated":true}]}}