{"id":3498,"date":"2009-02-23T08:38:00","date_gmt":"2009-02-23T06:38:00","guid":{"rendered":"http:\/\/www.korhanyilmaz.com\/?p=3498"},"modified":"2009-02-23T08:38:00","modified_gmt":"2009-02-23T06:38:00","slug":"istanbullular-gune-karla-basladi","status":"publish","type":"post","link":"http:\/\/www.korhanyilmaz.com\/?p=3498","title":{"rendered":"\u0130stanbullular g\u00fcne karla ba\u015flad\u0131"},"content":{"rendered":"<p><img loading=\"lazy\" decoding=\"async\" class=\"aligncenter size-full wp-image-3499\" title=\"\u0130stanbullular g\u00fcne karla ba\u015flad\u0131 \" src=\"http:\/\/www.korhanyilmaz.com\/wp-content\/uploads\/2009\/02\/24d7b325a96a514faaf909efr.jpg\" alt=\"\u0130stanbullular g\u00fcne karla ba\u015flad\u0131 \" width=\"200\" height=\"160\" \/><\/p>\n<p style=\"text-align: justify;\">Yap\u0131lan son de\u011ferlendirmelere g\u00f6re; \u00dclkemizin b\u00fcy\u00fck bir b\u00f6l\u00fcm\u00fcnde g\u00f6r\u00fclecek olan ya\u011f\u0131\u015flar\u0131n \u00f6\u011fle saatlerinden sonra Antalya, Alanya ve Anamur \u00e7evreleri ile zamanla Mersin ve Adana \u00e7evrelerinde kuvvetli olmas\u0131 bekleniyor.<\/p>\n<p style=\"text-align: justify;\"><strong>HAVA SICAKLI\u011eI:<\/strong> Kuzey ve i\u00e7 b\u00f6lgelerde 2 ila 4 derece artacak, di\u011fer yerlerde \u00f6nemli bir de\u011fi\u015fiklik olmayacak.<\/p>\n<p style=\"text-align: justify;\"><strong>R\u00dcZGAR: <\/strong>Genellikle kuzey ve kuzeydo\u011fu (Poyraz), g\u00fcney ve do\u011fu b\u00f6lgelerde g\u00fcney ve g\u00fcneybat\u0131 y\u00f6nlerden hafif, ara s\u0131ra orta kuvvette, kuzeybat\u0131 kesimlerde (Marmara ve Kuzey Ege k\u0131y\u0131lar\u0131) kuvvetli olarak esecek.<!--more--><strong>METEOROLOJ\u0130&#8217;DEN UYARILAR<\/strong><\/p>\n<p style=\"text-align: justify;\"><strong><\/strong><br \/>\n<strong>KUVVETL\u0130 YA\u011eI\u015e: <\/strong>Ya\u011f\u0131\u015flar\u0131n \u00f6\u011fle saatlerinden sonra Antalya, Alanya ve Anamur \u00e7evreleri ile zamanla Mersin ve Adana \u00e7evrelerinde kuvvetli olmas\u0131 beklendi\u011finden ya\u015fanabilecek olumsuz \u015fartlara kar\u015f\u0131 dikkatli ve tedbirli olunmas\u0131 gerekmektedir.\n<\/p>\n<p style=\"text-align: justify;\"><strong>BUZLANMA VE DON UYARISI: <\/strong>\u0130\u00e7 ve do\u011fu b\u00f6lgelerde (Trakya, \u0130\u00e7 Ege, \u0130\u00e7 Anadolu, Karadeniz&#8217;in i\u00e7 kesimleri ile Do\u011fu Anadolu) buzlanma ve don olay\u0131 beklendi\u011finden ya\u015fanabilecek olumsuz \u015fartlara kar\u015f\u0131 dikkatli ve tedbirli olunmas\u0131 gerekmektedir.<\/p>\n<p style=\"text-align: justify;\"><strong>KUVVETL\u0130 R\u00dcZGAR:<\/strong> Marmara ve Kuzey Ege k\u0131y\u0131lar\u0131nda kuzey ve kuzeydo\u011fu (Poyraz) y\u00f6nlerden kuvvetli olarak esmesi beklendi\u011finden ya\u015fanabilecek olumsuz \u015fartlara kar\u015f\u0131 dikkatli ve tedbirli olunmas\u0131 gerekmektedir.<\/p>\n<p style=\"text-align: justify;\"><strong>\u00c7I\u011e R\u0130SK\u0130: <\/strong>Do\u011fu Anadolu&#8217;nun kuzey ve do\u011fusu (Erzurum, Van, A\u011fr\u0131, Bitlis ve Hakkari ba\u015fta olmak \u00fczere) ile Do\u011fu Karadeniz&#8217;in i\u00e7 kesimlerinde (G\u00fcm\u00fc\u015fhane, Bayburt ve Artvin) y\u00fcksek ve e\u011fimli yerlerinde meydana gelebilecek muhtemel \u00e7\u0131\u011f tehlikesine kar\u015f\u0131 tedbirli olunmas\u0131 gerekmektedir.<\/p>\n<p style=\"text-align: justify;\"><strong>B\u00d6LGELER\u0130M\u0130ZDE HAVA<\/strong><br \/>\n<strong>MARMARA:<\/strong> Par\u00e7al\u0131 \u00e7ok bulutlu, Edirne d\u0131\u015f\u0131nda b\u00f6lgenin tamam\u0131 karla kar\u0131\u015f\u0131k ya\u011fmur ve kar ya\u011f\u0131\u015fl\u0131 ge\u00e7ecek. Ya\u011f\u0131\u015flar \u00f6\u011fle saatlerinden sonra bat\u0131s\u0131nda, zamanla b\u00f6lge genelinde etkisini kaybedecek. Trakya ile b\u00f6lgenin g\u00fcneydo\u011fusunda sabah ve gece saatlerinde buzlanma ve don olay\u0131 g\u00f6r\u00fclecek. R\u00fczgar; kuzey ve kuzeydo\u011fu (Poyraz) y\u00f6nlerden kuvvetli olarak esecek.\n<\/p>\n<p style=\"text-align: justify;\"><strong>ED\u0130RNE: <\/strong>Par\u00e7al\u0131 ve \u00e7ok bulutlu ge\u00e7ecek. R\u00fczgar; kuzey ve kuzeydo\u011fu (Poyraz) y\u00f6nlerden kuvvetli olarak esecek.<\/p>\n<p style=\"text-align: justify;\"><strong>\u0130STANBUL:<\/strong> \u00c7ok bulutlu, aral\u0131kl\u0131 karla kar\u0131\u015f\u0131k ya\u011fmur ve kar ya\u011f\u0131\u015fl\u0131 ge\u00e7ecek. Ya\u011f\u0131\u015flar ak\u015fam saatlerinde etkisini kaybedecek. R\u00fczgar; kuzey ve kuzeydo\u011fu (Poyraz) y\u00f6nlerden kuvvetli olarak esecek.<\/p>\n<p style=\"text-align: justify;\"><strong>KIRKLAREL\u0130:<\/strong> \u00c7ok bulutlu, aral\u0131kl\u0131 kar ya\u011f\u0131\u015fl\u0131 ge\u00e7ecek. Ya\u011f\u0131\u015flar \u00f6\u011fle saatlerinden sonra etkisini kaybedecek. R\u00fczgar; kuzey ve kuzeydo\u011fu (Poyraz) y\u00f6nlerden kuvvetli olarak esecek.<\/p>\n<p style=\"text-align: justify;\"><strong>KOCAEL\u0130: <\/strong>\u00c7ok bulutlu, aral\u0131kl\u0131 karla kar\u0131\u015f\u0131k ya\u011fmur ve kar ya\u011f\u0131\u015fl\u0131 ge\u00e7ecek. Ya\u011f\u0131\u015flar ak\u015fam saatlerinde etkisini kaybedecek. R\u00fczgar; kuzey ve kuzeydo\u011fu (Poyraz) y\u00f6nlerden kuvvetli olarak esecek.<\/p>\n<p style=\"text-align: justify;\"><strong>TEK\u0130RDA\u011e:<\/strong> \u00c7ok bulutlu, aral\u0131kl\u0131 karla kar\u0131\u015f\u0131k ya\u011fmur ve kar ya\u011f\u0131\u015fl\u0131 ge\u00e7ecek. Ya\u011f\u0131\u015flar \u00f6\u011fle saatlerinden sonra etkisini kaybedecek. R\u00fczgar; kuzey ve kuzeydo\u011fu (Poyraz) y\u00f6nlerden kuvvetli olarak esecek.<\/p>\n<p style=\"text-align: justify;\"><strong>EGE: <\/strong>\u00c7ok bulutlu, i\u00e7 kesimleri (Afyon, U\u015fak, K\u00fctahya ve Denizli) ve Mu\u011fla \u00e7evreleri aral\u0131kl\u0131 ya\u011f\u0131\u015fl\u0131 ge\u00e7ecek. Ya\u011f\u0131\u015flar karla kar\u0131\u015f\u0131k ya\u011fmur ve kar, Mu\u011fla ve Denizli \u00e7evrelerinde ya\u011fmur ve sa\u011fanak, y\u00fcksekleri karla kar\u0131\u015f\u0131k ya\u011fmur \u015feklinde olacak. Ya\u011f\u0131\u015flar ak\u015fam saatlerinden itibaren etkisini yitirecek. B\u00f6lgenin i\u00e7 kesimlerinde (Afyon, U\u015fak ve K\u00fctahya) sabah ve gece saatlerinde buzlanma ve don olay\u0131 g\u00f6r\u00fclecek. R\u00fczgar; Kuzey Ege k\u0131y\u0131lar\u0131nda kuzey ve kuzeydo\u011fu (Poyraz) y\u00f6nlerden kuvvetli olarak esecek.<\/p>\n<p style=\"text-align: justify;\"><strong>AKDEN\u0130Z:<\/strong> Par\u00e7al\u0131 \u00e7ok bulutlu, b\u00f6lge geneli aral\u0131kl\u0131 ya\u011f\u0131\u015fl\u0131 ge\u00e7ecek. Ya\u011f\u0131\u015flar; b\u00f6lgenin k\u0131y\u0131lar\u0131nda sa\u011fanak ve g\u00f6kg\u00fcr\u00fclt\u00fcl\u00fc sa\u011fanak, i\u00e7 kesimlerinde karla kar\u0131\u015f\u0131k ya\u011fmur ve kar \u015feklinde olacak. Ya\u011f\u0131\u015flar\u0131n \u00f6\u011fle saatlerinden sonra Antalya, Alanya ve Anamur \u00e7evreleri ile zamanla Mersin ve Adana \u00e7evrelerinde kuvvetli olmas\u0131 bekleniyor.<\/p>\n<p style=\"text-align: justify;\"><strong>\u0130\u00c7 ANADOLU: <\/strong>Par\u00e7al\u0131 \u00e7ok bulutlu, g\u00fcney ve bat\u0131s\u0131 ile gece saatlerinde b\u00f6lge geneli aral\u0131kl\u0131 kar ya\u011f\u0131\u015fl\u0131 ge\u00e7ecek. B\u00f6lge genelinde bu sabah ve gece saatlerinde buzlanma ve don olay\u0131 g\u00f6r\u00fclecek.<\/p>\n<p style=\"text-align: justify;\"><strong>BATI KARADEN\u0130Z: <\/strong>\u00c7ok bulutlu, Bolu, D\u00fczce ve Zonguldak \u00e7evreleri ile zamanla Karab\u00fck \u00e7evreleri aral\u0131kl\u0131 ya\u011f\u0131\u015fl\u0131 ge\u00e7ecek. Ya\u011f\u0131\u015flar; k\u0131y\u0131larda ya\u011fmur ve karla kar\u0131\u015f\u0131k ya\u011fmur, i\u00e7 kesimlerde kar \u015feklinde olacak. Ya\u011f\u0131\u015flar ak\u015fam saatlerinde etkisini yitirecek. B\u00f6lgenin i\u00e7 kesimlerinde (Bolu, Kastamonu ve Karab\u00fck) sabah ve gece saatlerinde buzlanma ve don olay\u0131 g\u00f6r\u00fclecek.<\/p>\n<p style=\"text-align: justify;\"><strong>ORTA ve DO\u011eU KARADEN\u0130Z:<\/strong> Par\u00e7al\u0131 ve \u00e7ok bulutlu, gece saatlerinde \u00c7orum, Amasya ve Tokat \u00e7evreleri ile ilk saatlerde Trabzon \u00e7evreleri karla kar\u0131\u015f\u0131k ya\u011fmur ve kar ya\u011f\u0131\u015fl\u0131 ge\u00e7ecek. B\u00f6lgenin i\u00e7 kesimlerinde (\u00c7orum, G\u00fcm\u00fc\u015fhane ve Bayburt) sabah ve gece saatlerinde buzlanma ve don olay\u0131 g\u00f6r\u00fclecek. Do\u011fu Karadeniz&#8217;in i\u00e7 kesimlerinin (G\u00fcm\u00fc\u015fhane, Bayburt ve Artvin) y\u00fcksek ve e\u011fimli yerlerinde meydana gelebilecek muhtemel \u00e7\u0131\u011f tehlikesine kar\u015f\u0131 tedbirli olunmas\u0131 gerekmektedir.<\/p>\n<p style=\"text-align: justify;\"><strong>DO\u011eU ANADOLU:<\/strong> \u00c7ok bulutlu, bat\u0131s\u0131 ile Erzurum, Mu\u015f, Bitlis ve \u015e\u0131rnak \u00e7evreleri ya\u011f\u0131\u015fl\u0131 ge\u00e7ecek. Ya\u011f\u0131\u015flar g\u00fcneybat\u0131s\u0131nda karla kar\u0131\u015f\u0131k ya\u011fmur, di\u011fer yerlerde kar \u015feklinde olacak. B\u00f6lge genelinde buzlanma ve don olay\u0131 g\u00f6r\u00fclecek. B\u00f6lgenin kuzey ve do\u011fu kesimlerinin (Erzurum, Van, A\u011fr\u0131, Bitlis ve Hakkari ba\u015fta olmak \u00fczere) y\u00fcksek ve e\u011fimli yerlerinde meydana gelebilecek muhtemel \u00e7\u0131\u011f tehlikesine kar\u015f\u0131 tedbirli olunmas\u0131 gerekmektedir.<\/p>\n<p style=\"text-align: justify;\"><strong>G\u00dcNEYDO\u011eU ANADOLU: <\/strong>\u00c7ok bulutlu, b\u00f6lge geneli aral\u0131kl\u0131 ya\u011fmur ve sa\u011fanak ya\u011f\u0131\u015fl\u0131 ge\u00e7ecek.<\/p>\n<p style=\"text-align: justify;\"><span style=\"color: #888888;\">Kaynak : Sabah Gazetesi<\/span><\/p>\n","protected":false},"excerpt":{"rendered":"<\/p>\n<p style=\"text-align: justify;\">Yap\u0131lan son de\u011ferlendirmelere g\u00f6re; \u00dclkemizin b\u00fcy\u00fck bir b\u00f6l\u00fcm\u00fcnde g\u00f6r\u00fclecek olan ya\u011f\u0131\u015flar\u0131n \u00f6\u011fle saatlerinden sonra Antalya, Alanya ve Anamur \u00e7evreleri ile zamanla Mersin ve Adana \u00e7evrelerinde kuvvetli olmas\u0131 bekleniyor.<\/p>\n<p style=\"text-align: justify;\">HAVA SICAKLI\u011eI: Kuzey ve i\u00e7 b\u00f6lgelerde 2 ila 4 derece artacak, di\u011fer yerlerde \u00f6nemli bir de\u011fi\u015fiklik olmayacak.<\/p>\n<p style=\"text-align: justify;\">R\u00dcZGAR: Genellikle kuzey <\/p>\n","protected":false},"author":1,"featured_media":0,"comment_status":"open","ping_status":"closed","sticky":false,"template":"","format":"standard","meta":{"footnotes":""},"categories":[7],"tags":[],"class_list":["post-3498","post","type-post","status-publish","format-standard","hentry","category-ekonomi","odd"],"_links":{"self":[{"href":"http:\/\/www.korhanyilmaz.com\/index.php?rest_route=\/wp\/v2\/posts\/3498","targetHints":{"allow":["GET"]}}],"collection":[{"href":"http:\/\/www.korhanyilmaz.com\/index.php?rest_route=\/wp\/v2\/posts"}],"about":[{"href":"http:\/\/www.korhanyilmaz.com\/index.php?rest_route=\/wp\/v2\/types\/post"}],"author":[{"embeddable":true,"href":"http:\/\/www.korhanyilmaz.com\/index.php?rest_route=\/wp\/v2\/users\/1"}],"replies":[{"embeddable":true,"href":"http:\/\/www.korhanyilmaz.com\/index.php?rest_route=%2Fwp%2Fv2%2Fcomments&post=3498"}],"version-history":[{"count":0,"href":"http:\/\/www.korhanyilmaz.com\/index.php?rest_route=\/wp\/v2\/posts\/3498\/revisions"}],"wp:attachment":[{"href":"http:\/\/www.korhanyilmaz.com\/index.php?rest_route=%2Fwp%2Fv2%2Fmedia&parent=3498"}],"wp:term":[{"taxonomy":"category","embeddable":true,"href":"http:\/\/www.korhanyilmaz.com\/index.php?rest_route=%2Fwp%2Fv2%2Fcategories&post=3498"},{"taxonomy":"post_tag","embeddable":true,"href":"http:\/\/www.korhanyilmaz.com\/index.php?rest_route=%2Fwp%2Fv2%2Ftags&post=3498"}],"curies":[{"name":"wp","href":"https:\/\/api.w.org\/{rel}","templated":true}]}}