{"id":34978,"date":"2011-06-22T19:19:19","date_gmt":"2011-06-22T16:19:19","guid":{"rendered":"http:\/\/www.korhanyilmaz.com\/?p=34978"},"modified":"2011-07-10T23:44:52","modified_gmt":"2011-07-10T20:44:52","slug":"altan-tan-halkimiz-hirsizlara-selam-vermemeli","status":"publish","type":"post","link":"http:\/\/www.korhanyilmaz.com\/?p=34978","title":{"rendered":"Altan Tan: Halk\u0131m\u0131z h\u0131rs\u0131zlara selam vermemeli"},"content":{"rendered":"<p style=\"text-align: center;\"><a href=\"http:\/\/www.korhanyilmaz.com\/wp-content\/uploads\/2011\/06\/202.jpg\"  class=\"lightview\"><img loading=\"lazy\" decoding=\"async\" class=\"aligncenter size-full wp-image-34979\" src=\"http:\/\/www.korhanyilmaz.com\/wp-content\/uploads\/2011\/06\/202.jpg\" alt=\"\" width=\"292\" height=\"201\" \/><\/a><\/p>\n<p style=\"text-align: justify;\">Diyarbak\u0131r&#8217;da toplanan yakla\u015f\u0131k 1000 BDP&#8217;li, Hatip Dicle&#8217;nin Y\u00fcksek Se\u00e7im Kurulu (YSK) taraf\u0131ndan milletvekilli\u011finin d\u00fc\u015f\u00fcr\u00fclmesini oturma eylemiyle protesto etti. <!--more--><\/p>\n<p style=\"text-align: justify;\">Kalabal\u0131\u011fa konu\u015fan, BDP&#8217;nin deste\u011fiyle Diyarbak\u0131r&#8217;dan milletvekili se\u00e7ilen Altan Tan, &#8220;E\u011fer sizde zerre kadar onur, vicdan, insaf varsa bu h\u0131rs\u0131zl\u0131\u011fa &#8216;Hay\u0131r&#8217; deyin. H\u0131rs\u0131z milletvekili istemiyoruz. Benim oyumu \u00e7alarak sokakta y\u00fcr\u00fcmemeliler. Halk\u0131m\u0131z, bu h\u0131rs\u0131zlara, utanmadan bir koltu\u011fa oturanlara selam vermemeli. B\u00fct\u00fcn AK Parti Diyarbak\u0131r milletvekilleri de bug\u00fcn bunu k\u0131namal\u0131, e\u011fer d\u00fczeltemiyorlarsa istifa etmeli&#8221; dedi.<\/p>\n<p style=\"text-align: justify;\">BDP&#8217;nin deste\u011fiyle Diyarbak\u0131r&#8217;dan ba\u011f\u0131ms\u0131z milletvekili se\u00e7ilen Hatip Dicle&#8217;nin YSK taraf\u0131ndan vekilli\u011finin d\u00fc\u015f\u00fcr\u00fclmesi Diyarbak\u0131r&#8217;da BDP&#8217;liler taraf\u0131ndan oturma eylemiyle protesto edildi. Merkez Yeni\u015fehir \u0130l\u00e7esi BDP \u00f6n\u00fcnde toplanan yakla\u015f\u0131k 1000 ki\u015fi, s\u0131k s\u0131k &#8216;Ya\u015fas\u0131n ba\u015fkan Apo&#8217;, &#8216;AKP \u015fa\u015f\u0131rma, sabr\u0131m\u0131z\u0131 ta\u015f\u0131rma&#8217;, &#8216;PKK halkt\u0131r halk burada&#8217; sloganlar\u0131 att\u0131.<\/p>\n<p style=\"text-align: justify;\">BDP Genel Ba\u015fkan Yard\u0131mc\u0131s\u0131 Filiz Ko\u00e7ali ile Tunceli&#8217;den ba\u011f\u0131ms\u0131z milletvekili se\u00e7ilemeyen sanat\u00e7\u0131 Ferhat Tun\u00e7&#8217;un konu\u015fmalar\u0131ndan sonra s\u00f6z alan Diyarbak\u0131r ba\u011f\u0131ms\u0131z milletvekili Altan Tan, AK Parti Diyarbak\u0131r milletvekillerine \u00e7a\u011fr\u0131da bulundu. \u0130kindi ezan\u0131n\u0131n okunmas\u0131 \u00fczerine ara verdi\u011fi konu\u015fmas\u0131na daha sonra devam eden Altan Tan, &#8220;Yarabbi bu ezan\u0131n y\u00fcz\u00fc h\u00fcrmetine, bu sahtekarlar\u0131n sahtekarl\u0131klar\u0131na bir son ver Yarabbi&#8221; deyince kalabal\u0131k &#8220;Amin&#8221; diyerek kar\u015f\u0131l\u0131k verdi. Dersim isyan\u0131n\u0131n lideri Seyit R\u0131za&#8217;n\u0131n as\u0131l\u0131rken s\u00f6yledi\u011fi, &#8220;Ben sizin hile ve oyunlar\u0131n\u0131zla ba\u015f edemedim bu bana dert oldu, ama siz de bize boyun e\u011fdiremediniz bu da size dert olsun&#8221; s\u00f6z\u00fcne at\u0131fta bulunan Tan, &#8220;\u0130nan\u0131n biz bunlar\u0131n yalanlar\u0131ndan, sahtekarl\u0131klar\u0131ndan, hilekarl\u0131klar\u0131ndan b\u0131kt\u0131k usand\u0131k. Ama sizlerin bu direni\u015finiz de bunlara dert oldu. Zehir z\u0131kk\u0131m olsun in\u015falah&#8221; dedi.<\/p>\n<p style=\"text-align: justify;\"><strong>Sava\u015f isteyenlerle bar\u0131\u015f isteyenlerin kavgas\u0131<\/strong><\/p>\n<p style=\"text-align: justify;\">Tan, K\u00fcrt siyaset\u00e7isinin tutuklanmas\u0131n\u0131n nedeninin halk\u0131n demokratik siyasal temsil \u00e7\u0131karmas\u0131n\u0131 engellemeye d\u00f6n\u00fck oldu\u011funu iddia etti. Tan, \u015f\u00f6yle dedi:<\/p>\n<p style=\"text-align: justify;\">&#8220;Se\u00e7imlerde &#8216;Sand\u0131klar\u0131 patlataca\u011f\u0131z&#8217; dediler. Ama se\u00e7imde sand\u0131klar ba\u015flar\u0131na \u00e7ald\u0131. Bu onlar\u0131 korkuttu. Bilgili, k\u00fclt\u00fcrl\u00fc, yetenekli ve kararl\u0131 36 ki\u015fininin Ankara&#8217;ya gelmesi maalesef sava\u015f isteyenleri bu sorunun \u00e7\u00f6z\u00fcm\u00fcn\u00fc istemeyenleri korkuttu. Hadise budur. Bu sava\u015f isteyenlerle bar\u0131\u015f isteyenlerin kavgas\u0131d\u0131r. Temelinde bu var. Mesele T\u00fcrkiye&#8217;nin art\u0131k Kemalizmi tasfiye etmesi gerekenlerle eski rejimin devam\u0131ndan yana olanlar\u0131n kavgas\u0131d\u0131r. Bunlar Ankara&#8217;ya gidip TBMM \u00e7at\u0131s\u0131 alt\u0131nda yeni bir anayasal m\u00fccadelenin verilmesini istemiyorlar. Bug\u00fcn Hatip beydir. Yar\u0131n bir ba\u015fkas\u0131d\u0131r. Gaye bu meseleyi \u00e7\u00f6z\u00fcm yoluna sokmamak, K\u00fcrtleri \u00e7at\u0131\u015fmaya ve silaha mecbur etmek.T\u00fcrkiye&#8217;yi demokratik bir hukuk devleti haline getirmemek. Yani meselenin esas\u0131 bu. Biz de diyoruz ki bak\u0131n bunu b\u00f6yle yapmay\u0131n.&#8221;<\/p>\n<p style=\"text-align: justify;\"><strong>K\u00fcrtler kavgadan, sava\u015ftan korkan bir halk de\u011fildir<\/strong><\/p>\n<p style=\"text-align: justify;\">K\u00fcrtler&#8217;in sava\u015ftan ve kavgadan korkacak bir halk olmad\u0131\u011f\u0131n\u0131 s\u00f6yleyen Tan, \u015f\u00f6yle devam etti: &#8220;Ama sava\u015f\u0131n, kavgan\u0131n kimseye faydas\u0131 yok. Gelin b\u00fct\u00fcn d\u00fcnyadaki demokratik devletler, milletler gibi bizde 21&#8217;nci Y\u00fczy\u0131l&#8217;da art\u0131k insanca ya\u015fabilmenin yolunu bulal\u0131m. Ama Ankara&#8217;daki bu sava\u015f baronlar\u0131 asla buna izin vermiyorlar. Ba\u015fbakan, Cumhurba\u015fkan\u0131 da diyorlar ya &#8216;Yarg\u0131 kararlar\u0131na m\u00fcdahale edilemez.&#8217; D\u00fcn ak\u015fam Mehdi Eker&#8217;e sordular o da dedi ki &#8216;Ben buna do\u011fru da diyemem yanl\u0131\u015f da diyemem.&#8217; E peki ne diyorsun? Bug\u00fcn Ba\u015fbakan birinci dereceden mesuld\u00fcr bu i\u015flerden. Sen 9 senedir siyasi partiler kanunu ve se\u00e7im kanunu de\u011fi\u015ftirmeme\u015fsin, \u0131srarla de\u011fi\u015ftirmemi\u015fsin. Ne kadar &#8216;Bu anti demokratiktir&#8217; demi\u015fsek de \u0131srarla hi\u00e7bir \u015feyi de\u011fi\u015ftirmedi. Bir demokratik oyunu oynuyorlar bir cemaatle el ele kendilerine laz\u0131m olan ne varsa de\u011fi\u015ftiriyorlar. Millete laz\u0131m olan, K\u00fcrtler&#8217;e laz\u0131m olan, M\u00fcsl\u00fcmanlar&#8217;a laz\u0131m olan ne varsa bunlar\u0131 de\u011fi\u015ftirmiyorlar.&#8221;<\/p>\n<p style=\"text-align: justify;\"><strong>&#8216;Mazbataya d\u00f6k\u00fclen kan yerdeyken AKP&#8217;ye 6. miletvekilini verdiler&#8217;<\/strong><\/p>\n<p style=\"text-align: justify;\">Hatip Dicle&#8217;nin YSK taraf\u0131ndan miletvekili\u011finin d\u00fc\u015f\u00fcr\u00fclmesinin tart\u0131\u015f\u0131ld\u0131\u011f\u0131 s\u0131rada Diyarbak\u0131r&#8217;dan AK Parti&#8217;ye 6&#8217;nc\u0131 milletvekilinin verilmesini ele\u015ftiren Tan, &#8220;Daha sevgili Mehmet Hatip Dicle&#8217;nin 77 bin k\u00fcs\u00fcr oyla mazbatas\u0131na d\u00f6k\u00fclen kan yerdeyken AK Parti&#8217;ye 6&#8217;nc\u0131 milletvekilli\u011fini verdiler burada. Diyarbak\u0131r milletvekillerine sesleniyoruz; E\u011fer sizde zerre kadar onur, vicdan, insaf varsa bu h\u0131rs\u0131zl\u0131\u011fa &#8216;Hay\u0131r&#8217; deyin. H\u0131rs\u0131z milletvekili istemiyoruz. Benim oyumu \u00e7alarak sokakta y\u00fcr\u00fcmemeliler. Halk\u0131m\u0131z, bu h\u0131rs\u0131zlara, h\u0131rs\u0131z yani bizim oyumuzu \u00e7alarak utanmadan bir koltu\u011fa oturanlara selam vermemeli, me\u015fru kabul etmemelidir. B\u00fct\u00fcn AK Parti Diyarbak\u0131r milletvekillerin bug\u00fcn bunu k\u0131namal\u0131, e\u011fer d\u00fczeltemiyorlarsa istifa etmeli. Yoksa bir yandan h\u0131rs\u0131zl\u0131k mal\u0131 oylar\u0131 cebine indirme bir yandan da timsah g\u00f6zya\u015flar\u0131 d\u00f6kmek hi\u00e7 birimiz kand\u0131ramayacak&#8221;<\/p>\n<p style=\"text-align: justify;\">Konu\u015fmalar\u0131n ard\u0131ndan bir s\u00fcre oturma eylemini s\u00fcrd\u00fcren gruptakiler, ard\u0131ndan da\u011f\u0131ld\u0131.<\/p>\n<p style=\"text-align: justify;\"><a href=\"http:\/\/www.cnnturk.com\/2011\/turkiye\/06\/22\/altan.tan.halkimiz.hirsizlara.selam.vermemeli\/620937.0\/index.html\" target=\"_blank\">Kaynak : CNN T\u00dcRK<\/a><\/p>\n","protected":false},"excerpt":{"rendered":"<p style=\"text-align: center;\">\n<p style=\"text-align: justify;\">Diyarbak\u0131r&#8217;da toplanan yakla\u015f\u0131k 1000 BDP&#8217;li, Hatip Dicle&#8217;nin Y\u00fcksek Se\u00e7im Kurulu (YSK) taraf\u0131ndan milletvekilli\u011finin d\u00fc\u015f\u00fcr\u00fclmesini oturma eylemiyle protesto etti. <\/p>\n","protected":false},"author":1,"featured_media":0,"comment_status":"open","ping_status":"closed","sticky":false,"template":"","format":"standard","meta":{"footnotes":""},"categories":[105],"tags":[],"class_list":["post-34978","post","type-post","status-publish","format-standard","hentry","category-gundem","odd"],"_links":{"self":[{"href":"http:\/\/www.korhanyilmaz.com\/index.php?rest_route=\/wp\/v2\/posts\/34978","targetHints":{"allow":["GET"]}}],"collection":[{"href":"http:\/\/www.korhanyilmaz.com\/index.php?rest_route=\/wp\/v2\/posts"}],"about":[{"href":"http:\/\/www.korhanyilmaz.com\/index.php?rest_route=\/wp\/v2\/types\/post"}],"author":[{"embeddable":true,"href":"http:\/\/www.korhanyilmaz.com\/index.php?rest_route=\/wp\/v2\/users\/1"}],"replies":[{"embeddable":true,"href":"http:\/\/www.korhanyilmaz.com\/index.php?rest_route=%2Fwp%2Fv2%2Fcomments&post=34978"}],"version-history":[{"count":0,"href":"http:\/\/www.korhanyilmaz.com\/index.php?rest_route=\/wp\/v2\/posts\/34978\/revisions"}],"wp:attachment":[{"href":"http:\/\/www.korhanyilmaz.com\/index.php?rest_route=%2Fwp%2Fv2%2Fmedia&parent=34978"}],"wp:term":[{"taxonomy":"category","embeddable":true,"href":"http:\/\/www.korhanyilmaz.com\/index.php?rest_route=%2Fwp%2Fv2%2Fcategories&post=34978"},{"taxonomy":"post_tag","embeddable":true,"href":"http:\/\/www.korhanyilmaz.com\/index.php?rest_route=%2Fwp%2Fv2%2Ftags&post=34978"}],"curies":[{"name":"wp","href":"https:\/\/api.w.org\/{rel}","templated":true}]}}