{"id":34973,"date":"2011-06-22T21:35:32","date_gmt":"2011-06-22T18:35:32","guid":{"rendered":"http:\/\/www.korhanyilmaz.com\/?p=34973"},"modified":"2011-07-10T22:53:25","modified_gmt":"2011-07-10T19:53:25","slug":"chp-antalyada-baykal-protestosu","status":"publish","type":"post","link":"http:\/\/www.korhanyilmaz.com\/?p=34973","title":{"rendered":"CHP Antalya&#8217;da Baykal protestosu"},"content":{"rendered":"<p style=\"text-align: center;\"><a href=\"http:\/\/www.korhanyilmaz.com\/wp-content\/uploads\/2011\/06\/201.jpg\"  class=\"lightview\"><img loading=\"lazy\" decoding=\"async\" class=\"aligncenter size-full wp-image-34974\" src=\"http:\/\/www.korhanyilmaz.com\/wp-content\/uploads\/2011\/06\/201.jpg\" alt=\"\" width=\"307\" height=\"236\" \/><\/a><\/p>\n<p style=\"text-align: justify;\">12 Haziran Milletvekilli\u011fi Genel se\u00e7imlerinde iktidar hedefini yakalayamayan ve Antalya&#8217;dan 5 milletvekili \u00e7\u0131karabilen CHP&#8217;de baz\u0131 partililer, ba\u015far\u0131s\u0131zl\u0131\u011f\u0131n sorumlusu olarak g\u00f6sterdikleri \u0130l Ba\u015fkan\u0131 \u00d6zer \u00dclken ve eski Genel Ba\u015fkan Deniz Baykal&#8217;a tepki g\u00f6sterdi. <!--more--><\/p>\n<p style=\"text-align: justify;\">CHP \u0130l binas\u0131 \u00f6n\u00fcnde toplanan yakla\u015f\u0131k 50 ki\u015filik grup, &#8220;Eskiye ra\u011fbet olsa bit pazar\u0131na Baykal ya\u011fard\u0131&#8221;, &#8220;Kemal \u00e7al\u0131\u015ft\u0131 Baykal haz\u0131ra kondu&#8221;, &#8220;Takke d\u00fc\u015ft\u00fc kel g\u00f6r\u00fcnd\u00fc, deniz bitti kara g\u00f6r\u00fcnd\u00fc&#8221; ifadelerinin bulundu\u011fu d\u00f6vizlerle eylem yapt\u0131. \u0130l Ba\u015fkan\u0131 \u00d6zer \u00dclken&#8217;e istifaya davet eden sloganlar atan grup, bas\u0131n a\u00e7\u0131klamas\u0131 yapt\u0131.<\/p>\n<p style=\"text-align: justify;\">Grup ad\u0131na konu\u015fan Bayram \u00c7atak, &#8220;Deniz Baykal&#8217;\u0131n \u00f6rg\u00fctlenme modeli &#8216;\u00f6rg\u00fcts\u00fcz \u00f6rg\u00fct modeli.&#8217; \u00c7a\u011f\u0131m\u0131z insan\u0131n\u0131n do\u011fas\u0131yla ruhu ile hayat\u0131n ger\u00e7ekli\u011fi ile ba\u011fda\u015fmayan bu arkaik model halen uygulan\u0131yor ve sonu\u00e7 &#8216;benim o\u011flum bina okur, d\u00f6ner d\u00f6ner yine okur.&#8217; On milletvekili \u00e7\u0131karaca\u011f\u0131z derken yar\u0131s\u0131na raz\u0131 olunur. Antalya&#8217;da 1 milyon 387 bin se\u00e7men var. CHP bu se\u00e7men kitlesinin yar\u0131s\u0131na yabanc\u0131. Daha \u00f6tesi kendi se\u00e7men kitlesine yabanc\u0131, daha \u00f6tesi kendi \u00f6rg\u00fct\u00fcne yabanc\u0131&#8221; diye konu\u015ftu. \u00d6n\u00fcm\u00fczdeki d\u00f6nemde CHP&#8217;de t\u00fcz\u00fck de\u011fi\u015fikli\u011fine gidilerek, halka d\u00f6n\u00fck, halkla bar\u0131\u015f\u0131k, donan\u0131ml\u0131 ve birikimli kadrolar\u0131n se\u00e7ilmesi i\u00e7in zemin olu\u015fturulmas\u0131n\u0131 talep eden grup, aksi halde Konyaalt\u0131 ve Muratpa\u015fa gibi il\u00e7elerde de CHP&#8217;nin \u00e7\u00f6k\u00fc\u015f ya\u015fayaca\u011f\u0131n\u0131 vurgulad\u0131.<\/p>\n<p style=\"text-align: justify;\"><strong>\u00dclken: Bunlar do\u011fal \u015feyler<\/strong><\/p>\n<p style=\"text-align: justify;\">Protestonun ard\u0131ndan bas\u0131n mensuplar\u0131na a\u00e7\u0131klama yapan CHP \u0130l Ba\u015fkan\u0131 \u00d6zer \u00dclken ise tepkileri \u015fu s\u00f6zlerle de\u011ferlendirdi:<\/p>\n<p style=\"text-align: justify;\">&#8220;Bir haftad\u0131r Facebook&#8217;ta bu \u00e7abay\u0131 g\u00f6sterenlerin, say\u0131lar\u0131 20-25 ki\u015fiyi ge\u00e7meyecek, i\u00e7lerinde parti \u00fcyemiz 4-5 ki\u015fi var. Bunlar do\u011fal \u015feyler, olabilecek \u015feyler. CHP&#8217;nin Antalya&#8217;da Deniz Baykal, yeni Genel Ba\u015fkan\u0131 Kemal K\u0131l\u0131\u00e7daro\u011flu ve CHP iradesi g\u00f6revinin ba\u015f\u0131nda. Sanal alemde gen\u00e7ler heyecanlar\u0131n\u0131 tatmin ediyorlar. Kendilerine te\u015fekk\u00fcr ediyorum. Bir demokrasi m\u00fccadelesinde, kendi \u00f6l\u00e7\u00fclerine g\u00f6re davran\u0131\u015flar\u0131n\u0131 seviyeli, d\u00fczeyli, sayg\u0131l\u0131 bir \u015fekilde terk ettiler gittiler.<\/p>\n<p style=\"text-align: justify;\"><a href=\"http:\/\/www.cnnturk.com\/2011\/turkiye\/06\/22\/chp.antalyada.baykal.protestosu\/620941.0\/index.html\" target=\"_blank\">Kaynak : CNN T\u00dcRK<\/a><\/p>\n","protected":false},"excerpt":{"rendered":"<p style=\"text-align: center;\">\n<p style=\"text-align: justify;\">12 Haziran Milletvekilli\u011fi Genel se\u00e7imlerinde iktidar hedefini yakalayamayan ve Antalya&#8217;dan 5 milletvekili \u00e7\u0131karabilen CHP&#8217;de baz\u0131 partililer, ba\u015far\u0131s\u0131zl\u0131\u011f\u0131n sorumlusu olarak g\u00f6sterdikleri \u0130l Ba\u015fkan\u0131 \u00d6zer \u00dclken ve eski Genel Ba\u015fkan Deniz Baykal&#8217;a tepki g\u00f6sterdi. <\/p>\n","protected":false},"author":1,"featured_media":0,"comment_status":"open","ping_status":"closed","sticky":false,"template":"","format":"standard","meta":{"footnotes":""},"categories":[105],"tags":[],"class_list":["post-34973","post","type-post","status-publish","format-standard","hentry","category-gundem","odd"],"_links":{"self":[{"href":"http:\/\/www.korhanyilmaz.com\/index.php?rest_route=\/wp\/v2\/posts\/34973","targetHints":{"allow":["GET"]}}],"collection":[{"href":"http:\/\/www.korhanyilmaz.com\/index.php?rest_route=\/wp\/v2\/posts"}],"about":[{"href":"http:\/\/www.korhanyilmaz.com\/index.php?rest_route=\/wp\/v2\/types\/post"}],"author":[{"embeddable":true,"href":"http:\/\/www.korhanyilmaz.com\/index.php?rest_route=\/wp\/v2\/users\/1"}],"replies":[{"embeddable":true,"href":"http:\/\/www.korhanyilmaz.com\/index.php?rest_route=%2Fwp%2Fv2%2Fcomments&post=34973"}],"version-history":[{"count":0,"href":"http:\/\/www.korhanyilmaz.com\/index.php?rest_route=\/wp\/v2\/posts\/34973\/revisions"}],"wp:attachment":[{"href":"http:\/\/www.korhanyilmaz.com\/index.php?rest_route=%2Fwp%2Fv2%2Fmedia&parent=34973"}],"wp:term":[{"taxonomy":"category","embeddable":true,"href":"http:\/\/www.korhanyilmaz.com\/index.php?rest_route=%2Fwp%2Fv2%2Fcategories&post=34973"},{"taxonomy":"post_tag","embeddable":true,"href":"http:\/\/www.korhanyilmaz.com\/index.php?rest_route=%2Fwp%2Fv2%2Ftags&post=34973"}],"curies":[{"name":"wp","href":"https:\/\/api.w.org\/{rel}","templated":true}]}}