{"id":34968,"date":"2011-06-22T15:45:39","date_gmt":"2011-06-22T12:45:39","guid":{"rendered":"http:\/\/www.korhanyilmaz.com\/?p=34968"},"modified":"2011-07-10T23:45:21","modified_gmt":"2011-07-10T20:45:21","slug":"dtkdan-tehlikeli-cagri","status":"publish","type":"post","link":"http:\/\/www.korhanyilmaz.com\/?p=34968","title":{"rendered":"DTK&#8217;dan tehlikeli \u00e7a\u011fr\u0131"},"content":{"rendered":"<p style=\"text-align: center;\"><a href=\"http:\/\/www.korhanyilmaz.com\/wp-content\/uploads\/2011\/06\/200.jpeg\"  class=\"lightview\"><img loading=\"lazy\" decoding=\"async\" class=\"aligncenter size-full wp-image-34969\" src=\"http:\/\/www.korhanyilmaz.com\/wp-content\/uploads\/2011\/06\/200.jpeg\" alt=\"\" width=\"407\" height=\"202\" \/><\/a><\/p>\n<p style=\"text-align: justify;\">Hatip Dicle&#8217;nin milletvekilli\u011finin d\u00fc\u015f\u00fcr\u00fcld\u00fc, DTK topland\u0131. Toplant\u0131n\u0131n ard\u0131ndan DTK taraf\u0131ndan yap\u0131lan a\u00e7\u0131klamada sert ifadeler kullan\u0131ld\u0131.<\/p>\n<p style=\"text-align: justify;\">Hatip Dicle&#8217; nin Diyarbak\u0131r&#8217;da en \u00e7ok oyu alan aday oldu\u011funun vurguland\u0131\u011f\u0131 a\u00e7\u0131klamada karar\u0131n hukuki olmad\u0131\u011f\u0131 savunuldu ve DTK&#8217;n\u0131n karar\u0131 tan\u0131mad\u0131\u011f\u0131 ilan edildi. <!--more--><\/p>\n<p style=\"text-align: justify;\">Karar\u0131n sadece YSK taraf\u0131ndan de\u011fil, devlet ve h\u00fck\u00fcmet taraf\u0131ndan verildi\u011finin iddia edildi\u011fi DTK bildirisinde, &#8220;AKP H\u00fck\u00fcmeti do\u011facak her t\u00fcrl\u00fc kaostan sorumludur&#8221; ifadesi kullan\u0131ld\u0131. Bildiride k\u00fcrt sorununa y\u00f6nelik bar\u0131\u015f\u00e7\u0131 \u00e7aban\u0131n engellendi\u011fi savunulurken, tehdit kokan a\u00e7\u0131klamalar da dikkat \u00e7ekti.<\/p>\n<p style=\"text-align: justify;\">AKP H\u00fck\u00fcmeti ve anamuhalefeti karar\u0131n geri al\u0131nmas\u0131 i\u00e7in TBMM&#8217;yi duruma acilen el koymaya davet eden DTK yetkilileri, BDP&#8217;ye de meclis grubunu bir an \u00f6nce toplay\u0131p, Meclis&#8217;e gitmeyeceklerini t\u00fcm d\u00fcnyaya a\u00e7\u0131kca deklare etmeye \u00e7a\u011f\u0131rd\u0131.<\/p>\n<p style=\"text-align: justify;\"><a href=\"http:\/\/siyaset.milliyet.com.tr\/dtk-dan-tehlikeli-cagri\/siyaset\/siyasetdetay\/22.06.2011\/1405465\/default.htm\" target=\"_blank\">Kaynak : Milliyet<\/a><\/p>\n<p style=\"text-align: justify;\">\n","protected":false},"excerpt":{"rendered":"<p style=\"text-align: center;\">\n<p style=\"text-align: justify;\">Hatip Dicle&#8217;nin milletvekilli\u011finin d\u00fc\u015f\u00fcr\u00fcld\u00fc, DTK topland\u0131. Toplant\u0131n\u0131n ard\u0131ndan DTK taraf\u0131ndan yap\u0131lan a\u00e7\u0131klamada sert ifadeler kullan\u0131ld\u0131.<\/p>\n<p style=\"text-align: justify;\">Hatip Dicle&#8217; nin Diyarbak\u0131r&#8217;da en \u00e7ok oyu alan aday oldu\u011funun vurguland\u0131\u011f\u0131 a\u00e7\u0131klamada karar\u0131n hukuki olmad\u0131\u011f\u0131 savunuldu ve DTK&#8217;n\u0131n karar\u0131 tan\u0131mad\u0131\u011f\u0131 ilan edildi. <\/p>\n","protected":false},"author":1,"featured_media":0,"comment_status":"open","ping_status":"closed","sticky":false,"template":"","format":"standard","meta":{"footnotes":""},"categories":[105],"tags":[],"class_list":["post-34968","post","type-post","status-publish","format-standard","hentry","category-gundem","odd"],"_links":{"self":[{"href":"http:\/\/www.korhanyilmaz.com\/index.php?rest_route=\/wp\/v2\/posts\/34968","targetHints":{"allow":["GET"]}}],"collection":[{"href":"http:\/\/www.korhanyilmaz.com\/index.php?rest_route=\/wp\/v2\/posts"}],"about":[{"href":"http:\/\/www.korhanyilmaz.com\/index.php?rest_route=\/wp\/v2\/types\/post"}],"author":[{"embeddable":true,"href":"http:\/\/www.korhanyilmaz.com\/index.php?rest_route=\/wp\/v2\/users\/1"}],"replies":[{"embeddable":true,"href":"http:\/\/www.korhanyilmaz.com\/index.php?rest_route=%2Fwp%2Fv2%2Fcomments&post=34968"}],"version-history":[{"count":0,"href":"http:\/\/www.korhanyilmaz.com\/index.php?rest_route=\/wp\/v2\/posts\/34968\/revisions"}],"wp:attachment":[{"href":"http:\/\/www.korhanyilmaz.com\/index.php?rest_route=%2Fwp%2Fv2%2Fmedia&parent=34968"}],"wp:term":[{"taxonomy":"category","embeddable":true,"href":"http:\/\/www.korhanyilmaz.com\/index.php?rest_route=%2Fwp%2Fv2%2Fcategories&post=34968"},{"taxonomy":"post_tag","embeddable":true,"href":"http:\/\/www.korhanyilmaz.com\/index.php?rest_route=%2Fwp%2Fv2%2Ftags&post=34968"}],"curies":[{"name":"wp","href":"https:\/\/api.w.org\/{rel}","templated":true}]}}