{"id":34963,"date":"2011-06-21T15:35:47","date_gmt":"2011-06-21T12:35:47","guid":{"rendered":"http:\/\/www.korhanyilmaz.com\/?p=34963"},"modified":"2011-07-10T23:47:05","modified_gmt":"2011-07-10T20:47:05","slug":"tuncelide-pkkya-buyuk-operasyon","status":"publish","type":"post","link":"http:\/\/www.korhanyilmaz.com\/?p=34963","title":{"rendered":"Tunceli&#8217;de PKK&#8217;ya b\u00fcy\u00fck operasyon"},"content":{"rendered":"<p style=\"text-align: center;\"><a href=\"http:\/\/www.korhanyilmaz.com\/wp-content\/uploads\/2011\/06\/0062.jpg\"  class=\"lightview\"><img loading=\"lazy\" decoding=\"async\" class=\"aligncenter size-full wp-image-34964\" src=\"http:\/\/www.korhanyilmaz.com\/wp-content\/uploads\/2011\/06\/0062.jpg\" alt=\"\" width=\"292\" height=\"205\" \/><\/a><\/p>\n<p style=\"text-align: justify;\">Tunceli-Erzincan karayolunu d\u00fcn \u00f6\u011fle saatlerinde keserek kimlik kontrol\u00fc yapt\u0131ktan sonra jandarma karakollar\u0131na ekmek ta\u015f\u0131yan 2 arac\u0131 ate\u015fe veren PKK&#8217;l\u0131 ter\u00f6ristleri etkisiz hale getirmek i\u00e7in ba\u015flat\u0131lan kapsaml\u0131 operasyon s\u00fcrd\u00fcr\u00fcl\u00fcyor.<\/p>\n<p style=\"text-align: justify;\">(DHA) &#8212; Tunceli-Erzincan karayolunu, d\u00fcn \u00f6\u011flen saatlerinde kesen kalabal\u0131k PKK&#8217;l\u0131 grubu, ara\u00e7lar\u0131 durdurarak kimlik kontrol\u00fc yapt\u0131. <!--more--><\/p>\n<p style=\"text-align: justify;\">Karakollara ekmek ta\u015f\u0131yan 2 arac\u0131 da ate\u015fe verdikten sonra ormanl\u0131k alana do\u011fru ka\u00e7an ter\u00f6ristleri etkisiz hale getirmek i\u00e7in d\u00fcn ba\u015flat\u0131lan hava destekli operasyonlar, bu sabah erken saatlerde b\u00f6lgeye sevkedilen \u00e7ok say\u0131da \u00f6zel e\u011fitimli profesyonel birliklerle geni\u015fletildi.<\/p>\n<p style=\"text-align: justify;\">Bu sabah saatlerinden itibaren g\u00fcvenlik g\u00fc\u00e7lerinin teknik cihazlar ile yapt\u0131klar\u0131 \u00e7al\u0131\u015fmalar sonucu yol kesen PKK&#8217;l\u0131 grubunun Kutuderesi Vadisi&#8217;nin i\u00e7 kesimlerine do\u011fru ka\u00e7arak ormanl\u0131k alanlarda gizlendikleri tespit edildi.<\/p>\n<p style=\"text-align: justify;\">Bunun \u00fczerine b\u00f6lgeye helikopterle \u00e7ok say\u0131da asker sevkedildi. Tunceli \u0130l Jandarma Komutanl\u0131\u011f\u0131 ve Tunceli 4&#8217;\u00fcnc\u00fc Komando Tugay Komutanl\u0131\u011f\u0131&#8217;ndan kalken \u00e7ok say\u0131da Sikorsky helikopter, Kutuderesi, G\u00fcle\u00e7, Uzunlar ve S\u00f6\u011f\u00fctl\u00fc \u00c7e\u015fme b\u00f6lgeleri, Erdo\u011fdu ile Ye\u015filkaya K\u00f6yleri k\u0131rsal alanlar\u0131na \u00e7ok say\u0131da \u00f6zel e\u011fitimli birlik indirdi.<\/p>\n<p style=\"text-align: justify;\">Ayr\u0131ca Tunceli merkez \u00c7icekli, Demirkap\u0131 ve Geyiksuyu b\u00f6lgelerinde de operasyon ba\u015flat\u0131l\u0131rken, Hozat \u0130l\u00e7esi k\u0131rsal alan\u0131nda da \u00e7ok say\u0131da askerin kat\u0131ld\u0131\u011f\u0131 operasyon, Tunceli il s\u0131n\u0131rlar\u0131n\u0131n tamam\u0131n\u0131 kapsayacak \u015fekilde geni\u015fletildi.<\/p>\n<p style=\"text-align: justify;\">Bu sabah ve \u00f6\u011fle saatlerinde iki Kobra helikopteri Kutuderesi&#8217;nin i\u00e7 kesimlerindeki derin vadileri yo\u011fun bombalad\u0131\u011f\u0131 belirtildi. Kutuderesi Vadisi&#8217;nde hakim tepelere indirilen \u00f6zel e\u011fitimli profesyonel birlikler, vadinin derinliklerindeki ormanl\u0131k alana do\u011fru ka\u00e7an PKK&#8217;l\u0131lar\u0131n izlerini s\u00fcrd\u00fc.<\/p>\n<p style=\"text-align: justify;\">\u00d6zel e\u011fitimli askerler, 35 dereceyi bulan s\u0131cak alt\u0131nda 40 kiloya varan techizatla takip ve arama operasyonlar\u0131n\u0131 s\u00fcrd\u00fcr\u00fcyor. PKK&#8217;l\u0131lar\u0131n uzaktan kumandal\u0131 bombal\u0131 sald\u0131r\u0131lar\u0131na kar\u015f\u0131 baz\u0131 askerler s\u0131rtlar\u0131nda, frekans bozucu seyyar jammer cihazlar\u0131n\u0131 ta\u015f\u0131d\u0131.<\/p>\n<p style=\"text-align: justify;\">\u00d6zel e\u011fitimli profesyonel birli\u011fe \u00f6nc\u00fcl\u00fck eden grup aras\u0131nda, may\u0131n ve bombal\u0131 tuzaklar\u0131 tespit etme \u00f6zelli\u011fine sahip k\u00f6pler de bulundu. May\u0131n ve patlay\u0131c\u0131 madde arama dedekt\u00f6rleri ve k\u00f6plerin arkas\u0131nda ise ani ve seri ate\u015f etme kabiliyetine sahip gruplar ile destek kuvvetleri de yanlardan geni\u015f alanda takip operasyonunu s\u00fcrd\u00fcrd\u00fcrd\u00fc.<\/p>\n<p style=\"text-align: justify;\"><a href=\"http:\/\/www.cnnturk.com\/2011\/turkiye\/06\/21\/tuncelide.pkkya.buyuk.operasyon\/620797.0\/index.html\" target=\"_blank\">Kaynak : CNN T\u00dcRK<\/a><\/p>\n","protected":false},"excerpt":{"rendered":"<p style=\"text-align: center;\">\n<p style=\"text-align: justify;\">Tunceli-Erzincan karayolunu d\u00fcn \u00f6\u011fle saatlerinde keserek kimlik kontrol\u00fc yapt\u0131ktan sonra jandarma karakollar\u0131na ekmek ta\u015f\u0131yan 2 arac\u0131 ate\u015fe veren PKK&#8217;l\u0131 ter\u00f6ristleri etkisiz hale getirmek i\u00e7in ba\u015flat\u0131lan kapsaml\u0131 operasyon s\u00fcrd\u00fcr\u00fcl\u00fcyor.<\/p>\n<p style=\"text-align: justify;\">(DHA) &#8212; Tunceli-Erzincan karayolunu, d\u00fcn \u00f6\u011flen saatlerinde kesen kalabal\u0131k PKK&#8217;l\u0131 grubu, ara\u00e7lar\u0131 durdurarak kimlik kontrol\u00fc yapt\u0131. <\/p>\n","protected":false},"author":1,"featured_media":0,"comment_status":"open","ping_status":"closed","sticky":false,"template":"","format":"standard","meta":{"footnotes":""},"categories":[105],"tags":[],"class_list":["post-34963","post","type-post","status-publish","format-standard","hentry","category-gundem","odd"],"_links":{"self":[{"href":"http:\/\/www.korhanyilmaz.com\/index.php?rest_route=\/wp\/v2\/posts\/34963","targetHints":{"allow":["GET"]}}],"collection":[{"href":"http:\/\/www.korhanyilmaz.com\/index.php?rest_route=\/wp\/v2\/posts"}],"about":[{"href":"http:\/\/www.korhanyilmaz.com\/index.php?rest_route=\/wp\/v2\/types\/post"}],"author":[{"embeddable":true,"href":"http:\/\/www.korhanyilmaz.com\/index.php?rest_route=\/wp\/v2\/users\/1"}],"replies":[{"embeddable":true,"href":"http:\/\/www.korhanyilmaz.com\/index.php?rest_route=%2Fwp%2Fv2%2Fcomments&post=34963"}],"version-history":[{"count":0,"href":"http:\/\/www.korhanyilmaz.com\/index.php?rest_route=\/wp\/v2\/posts\/34963\/revisions"}],"wp:attachment":[{"href":"http:\/\/www.korhanyilmaz.com\/index.php?rest_route=%2Fwp%2Fv2%2Fmedia&parent=34963"}],"wp:term":[{"taxonomy":"category","embeddable":true,"href":"http:\/\/www.korhanyilmaz.com\/index.php?rest_route=%2Fwp%2Fv2%2Fcategories&post=34963"},{"taxonomy":"post_tag","embeddable":true,"href":"http:\/\/www.korhanyilmaz.com\/index.php?rest_route=%2Fwp%2Fv2%2Ftags&post=34963"}],"curies":[{"name":"wp","href":"https:\/\/api.w.org\/{rel}","templated":true}]}}