{"id":34958,"date":"2011-06-21T17:02:05","date_gmt":"2011-06-21T14:02:05","guid":{"rendered":"http:\/\/www.korhanyilmaz.com\/?p=34958"},"modified":"2011-07-10T22:51:36","modified_gmt":"2011-07-10T19:51:36","slug":"savcidan-haberal-ve-balbayin-tahliye-talebine-ret","status":"publish","type":"post","link":"http:\/\/www.korhanyilmaz.com\/?p=34958","title":{"rendered":"Savc\u0131dan Haberal ve Balbay&#8217;\u0131n tahliye talebine ret"},"content":{"rendered":"<p style=\"text-align: center;\"><a href=\"http:\/\/www.korhanyilmaz.com\/wp-content\/uploads\/2011\/06\/0042.jpg\"  class=\"lightview\"><img loading=\"lazy\" decoding=\"async\" class=\"aligncenter size-full wp-image-34959\" src=\"http:\/\/www.korhanyilmaz.com\/wp-content\/uploads\/2011\/06\/0042.jpg\" alt=\"\" width=\"307\" height=\"236\" \/><\/a><\/p>\n<p style=\"text-align: justify;\">Savc\u0131lar, Haberal ve Balbay&#8217;\u0131n tahliye talebi i\u00e7in ret y\u00f6n\u00fcnde g\u00f6r\u00fc\u015f bildirdi. \u0130stanbul 13. A\u011f\u0131r Ceza Mahkemesi, tahliyelere ili\u015fkin talepleri yar\u0131n karara ba\u011flayacak.<\/p>\n<p style=\"text-align: justify;\">Ankara- Ergenekon Davas\u0131n\u0131n san\u0131\u011f\u0131 Prof. Dr. Mehmet Haberal ve Mustafa Balbay, Balyoz Davas\u0131 tutuklu san\u0131\u011f\u0131 emekli Korgeneral Engin Alan, mahkemelere ba\u015fvurarak tahliye talebinde bulundu. <!--more--><\/p>\n<p style=\"text-align: justify;\">24. D\u00f6nem Milletvekilli\u011fi Genel Se\u00e7imlerinde Zonguldak&#8217;tan milletvekili se\u00e7ilen ikinci Ergenekon davas\u0131n\u0131n tutuklu san\u0131\u011f\u0131 Prof. Dr. Haberal&#8217;\u0131n avukat\u0131, m\u00fcvekkilinin o\u011flu Erkan Haberal taraf\u0131ndan Zonguldak \u0130l Se\u00e7im Kurulundan al\u0131nan milletvekilli\u011fine ili\u015fkin mazbatayla tahliye isteminde bulundu. Haberal ile ilgili karar\u0131 \u0130stanbul 13. A\u011f\u0131r Ceza Mahkemesi verecek.<\/p>\n<p style=\"text-align: justify;\">Balbay&#8217;\u0131n mazbatas\u0131n\u0131 d\u00fcn \u0130zmir&#8217;den alan avukatlar\u0131, tahliye talebini bug\u00fcn 13. A\u011f\u0131r Ceza Mahkemesi&#8217;ne sundu. \u0130stanbul 13. A\u011f\u0131r Ceza Mahkemesi taraf\u0131ndan g\u00f6r\u00fclen \u0130kinci Ergenekon davas\u0131nda iki y\u0131l\u0131 a\u015fk\u0131n bir s\u00fcredir tutuklu yarg\u0131lanan ve CHP \u0130zmir 2. B\u00f6lge&#8217;den milletvekili se\u00e7ilen Mustafa Balbay&#8217;\u0131n Avukat\u0131 Mehmet \u0130pek, Be\u015fikta\u015f&#8217;taki \u0130stanbul Adliyesinin \u00f6n\u00fcnde bekleyen bas\u0131n mensuplar\u0131na yapt\u0131\u011f\u0131 a\u00e7\u0131klamada, &#8221;Daha \u00f6nce de hukuken Mustafa Balbay&#8217;\u0131n tutukluluk gerek\u00e7elerinin hakl\u0131 olmad\u0131\u011f\u0131n\u0131 d\u00fc\u015f\u00fcn\u00fcyorduk, yeni bir durum da ortaya \u00e7\u0131kt\u0131, milletvekili oldu. Yasama dokunulmazl\u0131\u011f\u0131ndan da yararlanmas\u0131 i\u00e7in anayasan\u0131n 83. maddesi \u00e7er\u00e7evesinde m\u00fcvekkilimin tahliyesini talep ettik. Art\u0131k karar\u0131 mahkeme verecek&#8221; diye konu\u015ftu.<\/p>\n<p style=\"text-align: justify;\">Avukat \u0130pek, &#8221;Dilek\u00e7enizde ka\u00e7ma \u015f\u00fcphesi olmad\u0131\u011f\u0131 gibi \u015feylerden bahsettiniz mi?&#8221; sorusuna kar\u015f\u0131l\u0131k &#8221;Tabii onlardan bahsettik. Zaten bize g\u00f6re, daha \u00f6nce de s\u00f6yledi\u011fim gibi tutuklulu\u011fun \u015fartlar\u0131 \u00f6nceden de yoktu. Bize g\u00f6re \u015fimdi yeni bir durum ortaya \u00e7\u0131kt\u0131 art\u0131k milletvekili olmas\u0131 nedeniyle. Bunlar\u0131 da belirten talebimizi mahkemeye sunduk. Art\u0131k karar\u0131 mahkeme verir&#8221; dedi.<\/p>\n<p style=\"text-align: justify;\">Daha \u00f6nceki genel se\u00e7imde ba\u011f\u0131ms\u0131z milletvekili se\u00e7ildikten sonra tahliye edilen Sabahat Tuncel hakk\u0131nda verilen karar\u0131 dilek\u00e7elerinde emsal karar olarak sunduklar\u0131n\u0131 ifade eden Mehmet \u0130pek, mahkemenin Prof. Dr. Mehmet Haberal ve m\u00fcvekkili Balbay ile ilgili tahliye taleplerini ayr\u0131 ayr\u0131 de\u011ferlendirece\u011fi kanaatinde oldu\u011funu bildirdi.<\/p>\n<p style=\"text-align: justify;\"><strong>Mahkemeye sunulan dilek\u00e7e<\/strong><\/p>\n<p style=\"text-align: justify;\">Balbay&#8217;\u0131n avukat\u0131 Mehmet \u0130pek taraf\u0131ndan haz\u0131rlanan, ikinci Ergenekon davas\u0131na bakan \u0130stanbul 13. A\u011f\u0131r Ceza Mahkemesine sunulan tahliye talepli 7 sayfal\u0131k dilek\u00e7ede, 2 y\u0131l\u0131 a\u015fk\u0131n s\u00fcreden beri tutuklu olan Balbay hakk\u0131nda yap\u0131lan t\u00fcm tahliye taleplerinin basmakal\u0131p ve hukuki temelden yoksun gerek\u00e7elerle reddedildi\u011fi belirtilerek, 24. d\u00f6nem genel se\u00e7iminde \u0130zmir&#8217;den milletvekili se\u00e7ilen Balbay&#8217;\u0131n d\u00fcn mazbatas\u0131n\u0131 alarak resmen milletvekilli\u011fi s\u0131fat\u0131n\u0131 kazand\u0131\u011f\u0131 kaydedildi.<\/p>\n<p style=\"text-align: justify;\">&#8221;M\u00fcvekkilimiz Mustafa Balbay&#8217;\u0131n milletvekili s\u0131fat\u0131n\u0131 kazanarak yasama dokunulmazl\u0131\u011f\u0131ndan yararlanmas\u0131 ve yarg\u0131lama tedbiri olmas\u0131na ra\u011fmen m\u00fcvekkilimiz y\u00f6n\u00fcnden \u00f6nceden cezaland\u0131rma arac\u0131na d\u00f6n\u00fc\u015fen tutukluluk halinin kald\u0131r\u0131lmas\u0131 gerekmektedir&#8221; denilen dilek\u00e7ede, Balbay&#8217;\u0131n anayasan\u0131n 83. maddesi gere\u011fince yasama dokunulmazl\u0131\u011f\u0131n\u0131 kazand\u0131\u011f\u0131, bu a\u015famadan sonra ka\u00e7ma, saklanma ve delilleri karartma \u015f\u00fcphelerinin tamamen ortadan kalkt\u0131\u011f\u0131, Balbay&#8217;\u0131n milletvekili se\u00e7ilmesi nedeniyle tutukluluk durumunun \u00f6zellikle de \u00f6l\u00e7\u00fcl\u00fcl\u00fck ilkesi bak\u0131m\u0131ndan yeniden de\u011ferlendirilmesinde zorunluluk bulundu\u011fu ve Balbay&#8217;\u0131n tutukluluk halinin devam\u0131n\u0131n CMK ile Avrupa \u0130nsan Haklar\u0131 Mahkemesi (A\u0130HM) i\u00e7tihatlar\u0131na ayk\u0131r\u0131 oldu\u011fu ifade edildi.<\/p>\n<p style=\"text-align: justify;\">Sadece su\u00e7 isnad\u0131yla aleyhine herhangi bir h\u00fck\u00fcm verilmemi\u015f Balbay&#8217;\u0131n milletin iradesini temsil edememesinin hukuka ve kamu vicdan\u0131na ayk\u0131r\u0131 oldu\u011fu belirtilen dilek\u00e7ede \u015funlar kaydedildi:<\/p>\n<p style=\"text-align: justify;\">&#8221;Ayr\u0131ca T\u00fcrk ulusunun vekili olarak tayin etti\u011fi m\u00fcvekkilimizin milletvekili g\u00f6revini yerine getirmemesi en ba\u015fta g\u00f6zetilmesi gereken kamu yarar\u0131n\u0131 da derinden etkilemektedir. Millet ad\u0131na karar veren bir makam ile milleti kar\u015f\u0131 kar\u015f\u0131ya getirmek gibi istenmeyecek bir sonucu do\u011furman\u0131n yarataca\u011f\u0131 toplumsal, sosyal ve siyasal krizin yarataca\u011f\u0131 zarar kar\u015f\u0131s\u0131nda, tutuklama ile elde edilecek, elde edildi\u011fi d\u00fc\u015f\u00fcn\u00fclen yarar kar\u015f\u0131la\u015ft\u0131r\u0131ld\u0131\u011f\u0131nda ortada \u00e7ok b\u00fcy\u00fck bir dengesizlik oldu\u011fu a\u00e7\u0131k\u00e7a g\u00f6r\u00fclmektedir.&#8221;<\/p>\n<p style=\"text-align: justify;\">Dilek\u00e7ede, Balbay&#8217;\u0131n millet iradesini temsil g\u00f6revine ba\u015flayabilmesi i\u00e7in anayasan\u0131n 81. maddesi uyar\u0131nca TBMM&#8217;de ant i\u00e7mesi gerekti\u011fi, milletvekili se\u00e7ildi\u011fi i\u00e7in ka\u00e7ma, saklanma ve delilleri karartma \u015f\u00fcphesinin ortadan kalkmas\u0131 ve Balbay&#8217;\u0131n 2 y\u0131l\u0131 a\u015fk\u0131n s\u00fcredir devam eden tutukluluk halinin tedbir niteli\u011fini yitirmi\u015f olmas\u0131 nedenleriyle emsal nitelikteki kararlar ile Yarg\u0131tay ve A\u0130HM&#8217;nin kararlar\u0131 da g\u00f6z \u00f6n\u00fcne al\u0131narak tahliye edilmesi istendi.<\/p>\n<p style=\"text-align: justify;\">\u0130stanbul 13. A\u011f\u0131r Ceza Mahkemesinin, Prof. Dr. Mehmet Haberal ile gazeteci Mustafa Balbay&#8217;\u0131n tahliyelerine ili\u015fkin talepleri yar\u0131n karara ba\u011flayaca\u011f\u0131 bildirildi.<\/p>\n<p style=\"text-align: justify;\"><strong>Engin Alan&#8217;\u0131n da dilek\u00e7esi mahkemede<\/strong><\/p>\n<p style=\"text-align: justify;\">MHP milletvekili Korgeneral Engin Alan&#8217;\u0131n da tahliye talebi avukat\u0131 Ayhan Nacak taraf\u0131ndan bug\u00fcn mahkemeye sunuldu.<\/p>\n<p style=\"text-align: justify;\">Silivri Cezaevi \u0130nfaz Kurumlar\u0131 Yerle\u015fkesinde olu\u015fturulan duru\u015fma salonuna gelen avukat Nacak, Balyoz Plan\u0131 davas\u0131na bakan \u0130stanbul 10. A\u011f\u0131r Ceza Mahkemesi heyeti ile g\u00f6r\u00fc\u015ft\u00fc.<\/p>\n<p style=\"text-align: justify;\">M\u00fcvekkili hakk\u0131ndaki tahliye talebini i\u00e7eren dilek\u00e7eyi mahkeme heyetine sunduktan sonra duru\u015fma salonun bulundu\u011fu binan\u0131n d\u0131\u015f\u0131nda bekleyen gazetecilerin sorular\u0131n\u0131 yan\u0131tlayan Nacak, dilek\u00e7e muhteviyat\u0131 hakk\u0131nda fazla bir a\u00e7\u0131klamada bulunmak istemedi\u011fini belirterek, &#8221;Daha \u00f6nce de s\u00f6yledi\u011fim gibi tutuklama bir tedbir karar\u0131d\u0131r. Halk\u0131n iradesiyle milletvekili se\u00e7ilmi\u015f bir ki\u015fi halk\u0131n g\u00fcvenini kazanm\u0131\u015f demektir. Mahkemelerimiz de zaten halk ad\u0131na yarg\u0131lama yapmaktad\u0131rlar. O nedenle halk iradesini uygun bir karar \u00e7\u0131kaca\u011f\u0131na zannediyorum&#8221; dedi.<\/p>\n<p style=\"text-align: justify;\">Bir gazetecinin &#8221;Karar ne zaman \u00e7\u0131kar?&#8221; diye sordu\u011fu Nacak, &#8221;Say\u0131n ba\u015fkan\u0131m\u0131z bu konuda acele bir karar verece\u011fini tahmin ediyorum. Onun s\u00fcresini etkileme gibi bir durumumuz s\u00f6z konusu olamaz&#8221; yan\u0131t\u0131n\u0131 verdi.<\/p>\n<p style=\"text-align: justify;\">Nacak, bir gazetecinin &#8221;Dilek\u00e7enizde Sebahat Tuncel \u00f6rne\u011fini verdiniz mi?&#8221; sorusuna da dilek\u00e7ede Tuncel \u00f6rne\u011fini vermedi\u011fini ifade ederek, Engin Alan&#8217;\u0131n ayr\u0131 ve m\u00fcstakil bir ki\u015fi oldu\u011funu belirtti.<\/p>\n<p style=\"text-align: justify;\">Bir gazetecinin &#8221;Milletvekili se\u00e7ilmesi tek ba\u015f\u0131na tahliye gerek\u00e7esi olamaz diyenler var. Sizin g\u00f6r\u00fc\u015f\u00fcn\u00fcz nedir?&#8221; diye sordu\u011fu Ayhan Nacak, \u015funlar\u0131 kaydetti:<\/p>\n<p style=\"text-align: justify;\">&#8221;Milletvekili se\u00e7ilmek tek ba\u015f\u0131na tahliye sebebi tabii ki olmaz. Tahliye sebepleri CMK&#8217;da say\u0131lm\u0131\u015ft\u0131r. Ama m\u00fcvekkilim hakk\u0131nda sadece bir iddianame d\u00fczenlenmi\u015f ve buna dayanarak tedbir mahiyetinde bir tutuklama karar\u0131 verilmi\u015ftir. Yasalarda, h\u00fck\u00fcm kesinle\u015finceye kadar ki\u015fi masum say\u0131l\u0131r. Yani iddianamenin d\u00fczenlenmi\u015f olmas\u0131 ki\u015finin su\u00e7lu say\u0131lmas\u0131n\u0131 gerektirmez. Halk\u0131n iradesiyle se\u00e7ilmi\u015f bir ki\u015fi var. Olay\u0131 bu \u015fekle indirgedi\u011fimiz zaman masumiyet karinesi gere\u011fince ve milletvekili se\u00e7ilmi\u015f olmas\u0131 bence tahliyeye neden olacakt\u0131r. Gerek\u00e7eler yaz\u0131l\u0131rken muhakkak ka\u00e7ma \u015f\u00fcphesi, delilleri karartma \u015f\u00fcphesinin olmad\u0131\u011f\u0131 da yaz\u0131lacakt\u0131r. Milletvekili se\u00e7ilen bir ki\u015fi ka\u00e7ar m\u0131?&#8221;<\/p>\n<p style=\"text-align: justify;\">Nacak, bir gazetecinin &#8221;Turhan \u00c7\u00f6mez \u00f6rne\u011fine ne diyeceksiniz?&#8221; sorusu \u00fczerine de onun emsal olarak al\u0131nmamas\u0131 gerekti\u011fini belirterek, \u015f\u00f6yle devam etti:<\/p>\n<p style=\"text-align: justify;\">&#8221;Engin Alan daha \u00f6nce yapm\u0131\u015f oldu\u011fu g\u00f6revler itibariyle ve daha \u00f6nce 4 kere tutukland\u0131 ve 4 kere de serbest b\u0131rak\u0131ld\u0131. O nedenle davan\u0131n hi\u00e7bir a\u015famas\u0131nda ve mahkeme heyetine kar\u015f\u0131 sayg\u0131s\u0131z davran\u0131\u015flarda veya ifadelerde bulunmaktan ka\u00e7\u0131nd\u0131k. Niye ka\u00e7\u0131nd\u0131k? Demokratik ve hukuk devletinde ya\u015fad\u0131\u011f\u0131m\u0131za g\u00f6re s\u00f6zlerimize ve hareketlerimize dikkat etmek zorunday\u0131z. Toplumu gerecek her t\u00fcrl\u00fc faaliyete hay\u0131r dememiz laz\u0131m.&#8221;<\/p>\n<p style=\"text-align: justify;\">Nacak, bir gazetecinin &#8221;E\u011fer tahliye konusunda ret karar\u0131 \u00e7\u0131karsa ne yapacaks\u0131n\u0131z?&#8221; sorusuna, &#8221;Bu a\u015famada milletvekili se\u00e7ilmi\u015f ve daha \u00f6nce yapt\u0131\u011f\u0131 g\u00f6revler nedeniyle de hi\u00e7bir zaman ka\u00e7may\u0131 veya delilleri karartmay\u0131 akl\u0131nda dahi ge\u00e7irmeyen, efsane olmu\u015f bir komutan hakk\u0131nda tutuklaman\u0131n devam edece\u011fini d\u00fc\u015f\u00fcnm\u00fcyorum&#8221; kar\u015f\u0131l\u0131\u011f\u0131n\u0131 verdi.<\/p>\n<p style=\"text-align: justify;\"><strong>Savc\u0131lar, tahliye talebine ret y\u00f6n\u00fcnde g\u00f6r\u00fc\u015f bildirdi<\/strong><\/p>\n<p style=\"text-align: justify;\">Savc\u0131lar, Ergenekon soru\u015fturmas\u0131 kapsam\u0131nda tutuklu bulunan ve CHP&#8217;den \u0130zmir Milletvekili se\u00e7ilen Mustafa Balbay ile CHP&#8217;den Zonguldak Milletvekili se\u00e7ilen Prof. Dr. Mehmet Haberal&#8217;\u0131n tahliye taleplerinin &#8220;reddi&#8221; konusunda g\u00f6r\u00fc\u015f bildirdi. Mehmet Haberal ve Mustafa Balbay hakk\u0131ndaki son karar\u0131 mahkeme verecek. Balbay ve Haberal avukatlar\u0131 arac\u0131l\u0131\u011f\u0131yla mazbatalar\u0131n\u0131 alm\u0131\u015f ve tahliye edilmeleri y\u00f6n\u00fcnde mahkemeye ba\u015fvuruda bulunmu\u015flard\u0131.<\/p>\n<p style=\"text-align: justify;\"><a href=\"http:\/\/www.cumhuriyet.com.tr\/?hn=254946&amp;kw=Savc%FDdan+Haberal+ve+Balbay%27%FDn+tahliye+talebine+ret\" target=\"_blank\">Kaynak : Cumhuriyet Haber Portal\u0131<\/a><\/p>\n","protected":false},"excerpt":{"rendered":"<p style=\"text-align: center;\">\n<p style=\"text-align: justify;\">Savc\u0131lar, Haberal ve Balbay&#8217;\u0131n tahliye talebi i\u00e7in ret y\u00f6n\u00fcnde g\u00f6r\u00fc\u015f bildirdi. \u0130stanbul 13. A\u011f\u0131r Ceza Mahkemesi, tahliyelere ili\u015fkin talepleri yar\u0131n karara ba\u011flayacak.<\/p>\n<p style=\"text-align: justify;\">Ankara- Ergenekon Davas\u0131n\u0131n san\u0131\u011f\u0131 Prof. Dr. Mehmet Haberal ve Mustafa Balbay, Balyoz Davas\u0131 tutuklu san\u0131\u011f\u0131 emekli Korgeneral Engin Alan, mahkemelere ba\u015fvurarak tahliye talebinde bulundu. <\/p>\n","protected":false},"author":1,"featured_media":0,"comment_status":"open","ping_status":"closed","sticky":false,"template":"","format":"standard","meta":{"footnotes":""},"categories":[105],"tags":[],"class_list":["post-34958","post","type-post","status-publish","format-standard","hentry","category-gundem","odd"],"_links":{"self":[{"href":"http:\/\/www.korhanyilmaz.com\/index.php?rest_route=\/wp\/v2\/posts\/34958","targetHints":{"allow":["GET"]}}],"collection":[{"href":"http:\/\/www.korhanyilmaz.com\/index.php?rest_route=\/wp\/v2\/posts"}],"about":[{"href":"http:\/\/www.korhanyilmaz.com\/index.php?rest_route=\/wp\/v2\/types\/post"}],"author":[{"embeddable":true,"href":"http:\/\/www.korhanyilmaz.com\/index.php?rest_route=\/wp\/v2\/users\/1"}],"replies":[{"embeddable":true,"href":"http:\/\/www.korhanyilmaz.com\/index.php?rest_route=%2Fwp%2Fv2%2Fcomments&post=34958"}],"version-history":[{"count":0,"href":"http:\/\/www.korhanyilmaz.com\/index.php?rest_route=\/wp\/v2\/posts\/34958\/revisions"}],"wp:attachment":[{"href":"http:\/\/www.korhanyilmaz.com\/index.php?rest_route=%2Fwp%2Fv2%2Fmedia&parent=34958"}],"wp:term":[{"taxonomy":"category","embeddable":true,"href":"http:\/\/www.korhanyilmaz.com\/index.php?rest_route=%2Fwp%2Fv2%2Fcategories&post=34958"},{"taxonomy":"post_tag","embeddable":true,"href":"http:\/\/www.korhanyilmaz.com\/index.php?rest_route=%2Fwp%2Fv2%2Ftags&post=34958"}],"curies":[{"name":"wp","href":"https:\/\/api.w.org\/{rel}","templated":true}]}}