{"id":34953,"date":"2011-06-21T14:31:02","date_gmt":"2011-06-21T11:31:02","guid":{"rendered":"http:\/\/www.korhanyilmaz.com\/?p=34953"},"modified":"2011-07-10T22:51:10","modified_gmt":"2011-07-10T19:51:10","slug":"caylari-domuz-kaniyla-renklendirmisler","status":"publish","type":"post","link":"http:\/\/www.korhanyilmaz.com\/?p=34953","title":{"rendered":"\u00c7aylar\u0131 domuz kan\u0131yla renklendirmi\u015fler!"},"content":{"rendered":"<p style=\"text-align: center;\"><a href=\"http:\/\/www.korhanyilmaz.com\/wp-content\/uploads\/2011\/06\/0031.jpg\"  class=\"lightview\"><img loading=\"lazy\" decoding=\"async\" class=\"aligncenter size-full wp-image-34954\" src=\"http:\/\/www.korhanyilmaz.com\/wp-content\/uploads\/2011\/06\/0031.jpg\" alt=\"\" width=\"307\" height=\"236\" \/><\/a><\/p>\n<p style=\"text-align: justify;\">Van \u0130l Jandarma Komutanl\u0131\u011f\u0131 Ka\u00e7ak\u00e7\u0131l\u0131k ve Organize Su\u00e7larla M\u00fccadele \u015eubesi&#8217;nce son y\u0131llar\u0131n en kapsaml\u0131 \u00e7ay ka\u00e7ak\u00e7\u0131l\u0131\u011f\u0131 operasyonu ger\u00e7ekle\u015ftirildi. 49 ayr\u0131 noktaya yap\u0131lan e\u015f zamanl\u0131 operasyonlarda aralar\u0131nda polis, jandarma ve kamu \u00e7al\u0131\u015fanlar\u0131n\u0131n da bulundu\u011fu 32 ki\u015fi \u00e7ay ve kuruyemi\u015f ka\u00e7ak\u00e7\u0131l\u0131\u011f\u0131ndan g\u00f6zalt\u0131na al\u0131nd\u0131.<!--more--><\/p>\n<p style=\"text-align: justify;\">(DHA) &#8212; Van G\u00fcrp\u0131nar Cumhuriyet Savc\u0131l\u0131\u011f\u0131&#8217;nca y\u00fcr\u00fct\u00fclen soru\u015fturma kapsam\u0131nda, Van \u0130l Jandarma Komutanl\u0131\u011f\u0131 Ka\u00e7ak\u00e7\u0131l\u0131k ve Organize Su\u00e7larla M\u00fccadele \u015eubesi ekiplerinin koordinasyonunda ger\u00e7ekle\u015ftirilen operasyona, aralar\u0131nda r\u00fctbelilerin de bulundu\u011fu yakla\u015f\u0131k 300 asker kat\u0131ld\u0131.<\/p>\n<p style=\"text-align: justify;\">6 ayl\u0131k teknik takip sonucu \u00f6nceki g\u00fcn operasyon i\u00e7in d\u00fc\u011fmeye bas\u0131ld\u0131. Jandarma operasyon kapsam\u0131nda 49 ayr\u0131 noktaya e\u015f zamanl\u0131 bask\u0131nlar yapt\u0131. Bask\u0131nlarda aralar\u0131nda polis, asker ve kamu g\u00f6revlilerini de bulundu\u011fu 32 ki\u015fi g\u00f6zalt\u0131na al\u0131nd\u0131.<\/p>\n<p style=\"text-align: justify;\">Operasyonun yap\u0131ld\u0131\u011f\u0131 Van merkez, G\u00fcrp\u0131nar, Ba\u015fkale \u0130l\u00e7esi, Hakkari merkez ve Y\u00fcksekova \u0130l\u00e7esi, Adana, Mersin, Rize ve \u015e\u0131rnak&#8217;ta g\u00f6zalt\u0131na al\u0131nanlar Van&#8217;\u0131n G\u00fcrp\u0131nar il\u00e7esine getirildi.<\/p>\n<p style=\"text-align: justify;\"><strong>Domuz kan\u0131yla renklendirmi\u015fler<\/strong><\/p>\n<p style=\"text-align: justify;\">T\u00fcrkiye&#8217;nin en b\u00fcy\u00fck ka\u00e7ak \u00e7ay operasyonunda ele ge\u00e7irilen \u00e7aylar\u0131n \u0130ran&#8217;dan getirilip Hakkari&#8217;nin Y\u00fcksekova \u0130l\u00e7esi Esendere s\u0131n\u0131r kap\u0131s\u0131ndan ge\u00e7irildi\u011fi ve buradaki baz\u0131 personelin de ka\u00e7ak\u00e7\u0131l\u0131\u011fa r\u00fc\u015fvet kar\u015f\u0131l\u0131\u011f\u0131nda g\u00f6z yumdu\u011fu belirtildi.<\/p>\n<p style=\"text-align: justify;\">TIR&#8217;lar dolusu \u00e7aylar\u0131n Adana&#8217;da bir fabrikada harmanland\u0131\u011f\u0131 ve \u00e7aya domuz kan\u0131yla renk verildi\u011fi kaydedildi.<\/p>\n<p style=\"text-align: justify;\">G\u00f6zalt\u0131na al\u0131nanlar aras\u0131nda Rize \u00c7ay Borsas\u0131&#8217;ndan bir yetkilinin de oldu\u011fu ve ka\u00e7ak \u00e7aylar\u0131 ge\u00e7mi\u015fe d\u00f6n\u00fck haz\u0131rlad\u0131\u011f\u0131 faturalarla yasalm\u0131\u015f gibi g\u00f6sterdi\u011fi belirtilirken, oparasyon s\u0131ras\u0131da ele ge\u00e7en \u00e7aylar\u0131n insan sa\u011fl\u0131\u011f\u0131 i\u00e7in b\u00fcy\u00fck riskler olu\u015fturdu\u011fu yap\u0131lan analizlerle ortay\u0131 \u00e7\u0131kt\u0131.<\/p>\n<p style=\"text-align: justify;\">Ah\u0131rlarda tezekler aras\u0131nda saklanan \u00e7aylar\u0131n al\u0131nan numunelerin analisinde &#8216;sa\u011fl\u0131\u011fa uygun olmad\u0131\u011f\u0131&#8217; belirlenirken, kamu g\u00f6revlilerine \u00e7aylar\u0131n naklinin yap\u0131labilmesi i\u00e7in r\u00fc\u015fvet olarak BMW marka otomobil verildi\u011fi \u00f6ne s\u00fcr\u00fcld\u00fc.<\/p>\n<p style=\"text-align: justify;\">Jandarmadaki ilk sorgular\u0131n\u0131n ard\u0131ndan sa\u011fl\u0131k kontrol\u00fcnden ge\u00e7irilen 32 \u015f\u00fcpheli, Van&#8217;\u0131n G\u00fcrp\u0131nar \u0130l\u00e7esi&#8217;nde geni\u015f g\u00fcvenlik \u00f6nlemleri alt\u0131nda adliyeye getirildi.<\/p>\n<p style=\"text-align: justify;\"><a href=\"http:\/\/www.cnnturk.com\/2011\/turkiye\/06\/21\/caylari.domuz.kaniyla.renklendirmisler\/620789.0\/index.html\" target=\"_blank\">Kaynak : CNN T\u00dcRK<\/a><\/p>\n","protected":false},"excerpt":{"rendered":"<p style=\"text-align: center;\">\n<p style=\"text-align: justify;\">Van \u0130l Jandarma Komutanl\u0131\u011f\u0131 Ka\u00e7ak\u00e7\u0131l\u0131k ve Organize Su\u00e7larla M\u00fccadele \u015eubesi&#8217;nce son y\u0131llar\u0131n en kapsaml\u0131 \u00e7ay ka\u00e7ak\u00e7\u0131l\u0131\u011f\u0131 operasyonu ger\u00e7ekle\u015ftirildi. 49 ayr\u0131 noktaya yap\u0131lan e\u015f zamanl\u0131 operasyonlarda aralar\u0131nda polis, jandarma ve kamu \u00e7al\u0131\u015fanlar\u0131n\u0131n da bulundu\u011fu 32 ki\u015fi \u00e7ay ve kuruyemi\u015f ka\u00e7ak\u00e7\u0131l\u0131\u011f\u0131ndan g\u00f6zalt\u0131na al\u0131nd\u0131.<\/p>\n","protected":false},"author":1,"featured_media":0,"comment_status":"open","ping_status":"closed","sticky":false,"template":"","format":"standard","meta":{"footnotes":""},"categories":[105],"tags":[],"class_list":["post-34953","post","type-post","status-publish","format-standard","hentry","category-gundem","odd"],"_links":{"self":[{"href":"http:\/\/www.korhanyilmaz.com\/index.php?rest_route=\/wp\/v2\/posts\/34953","targetHints":{"allow":["GET"]}}],"collection":[{"href":"http:\/\/www.korhanyilmaz.com\/index.php?rest_route=\/wp\/v2\/posts"}],"about":[{"href":"http:\/\/www.korhanyilmaz.com\/index.php?rest_route=\/wp\/v2\/types\/post"}],"author":[{"embeddable":true,"href":"http:\/\/www.korhanyilmaz.com\/index.php?rest_route=\/wp\/v2\/users\/1"}],"replies":[{"embeddable":true,"href":"http:\/\/www.korhanyilmaz.com\/index.php?rest_route=%2Fwp%2Fv2%2Fcomments&post=34953"}],"version-history":[{"count":0,"href":"http:\/\/www.korhanyilmaz.com\/index.php?rest_route=\/wp\/v2\/posts\/34953\/revisions"}],"wp:attachment":[{"href":"http:\/\/www.korhanyilmaz.com\/index.php?rest_route=%2Fwp%2Fv2%2Fmedia&parent=34953"}],"wp:term":[{"taxonomy":"category","embeddable":true,"href":"http:\/\/www.korhanyilmaz.com\/index.php?rest_route=%2Fwp%2Fv2%2Fcategories&post=34953"},{"taxonomy":"post_tag","embeddable":true,"href":"http:\/\/www.korhanyilmaz.com\/index.php?rest_route=%2Fwp%2Fv2%2Ftags&post=34953"}],"curies":[{"name":"wp","href":"https:\/\/api.w.org\/{rel}","templated":true}]}}