{"id":34944,"date":"2011-06-21T14:01:17","date_gmt":"2011-06-21T11:01:17","guid":{"rendered":"http:\/\/www.korhanyilmaz.com\/?p=34944"},"modified":"2011-07-10T23:47:42","modified_gmt":"2011-07-10T20:47:42","slug":"adanada-aytac-duraka-sok-baskin","status":"publish","type":"post","link":"http:\/\/www.korhanyilmaz.com\/?p=34944","title":{"rendered":"Adana&#8217;da Ayta\u00e7 Durak&#8217;a \u015fok bask\u0131n"},"content":{"rendered":"<p style=\"text-align: center;\"><a href=\"http:\/\/www.korhanyilmaz.com\/wp-content\/uploads\/2011\/06\/0022.jpg\"  class=\"lightview\"><img loading=\"lazy\" decoding=\"async\" class=\"aligncenter size-full wp-image-34945\" src=\"http:\/\/www.korhanyilmaz.com\/wp-content\/uploads\/2011\/06\/0022.jpg\" alt=\"\" width=\"292\" height=\"224\" \/><\/a><\/p>\n<p style=\"text-align: justify;\">\u0130\u00e7i\u015fleri Bakan\u0131 Osman G\u00fcne\u015f, eski Adana B\u00fcy\u00fck\u015fehir Belediye Ba\u015fkan\u0131 Ayta\u00e7 Durak hakk\u0131ndaki iddialarla ilgili operasyonda, 17 ki\u015finin g\u00f6zalt\u0131na al\u0131nd\u0131\u011f\u0131n\u0131 bildirdi.<\/p>\n<p style=\"text-align: justify;\">\u0130\u00e7i\u015fleri Bakanl\u0131\u011f\u0131 karar\u0131yla Adana B\u00fcy\u00fck\u015fehir Belediye Ba\u015fkanl\u0131\u011f\u0131 g\u00f6revinden uzakla\u015ft\u0131r\u0131lan Ayta\u00e7 Durak ile Belediye Meclis Ba\u015fkanvekili Mustafa Tuncel&#8217;in evlerinde polis ekipleri arama yapt\u0131. <!--more--><\/p>\n<p style=\"text-align: justify;\">Arama sonunda Mustafa Tuncel g\u00f6zalt\u0131na al\u0131nd\u0131.<\/p>\n<p style=\"text-align: justify;\">Adana Emniyet M\u00fcd\u00fcrl\u00fc\u011f\u00fc Ka\u00e7ak\u00e7\u0131l\u0131k ve Organize Su\u00e7larla M\u00fccadele \u015eube M\u00fcd\u00fcrl\u00fc\u011f\u00fc ekipleri, sabah saatlerinde Durak&#8217;\u0131n Mithat Sara\u00e7o\u011flu Caddesi&#8217;ndeki evine gelerek, arama yapmaya ba\u015flad\u0131.<\/p>\n<p style=\"text-align: justify;\">Ekipler, ayn\u0131 saatlerde mevcut Belediye Meclis Ba\u015fkan Vekili Mustafa Tuncel&#8217;in evi, Adana Demirspor kul\u00fcp binas\u0131 ile B\u00fcy\u00fck\u015fehir Belediye binas\u0131nda da arama ba\u015flatt\u0131.<\/p>\n<p style=\"text-align: justify;\">Baz\u0131 evraka el konulurken 17 ki\u015fi g\u00f6zalt\u0131na al\u0131nd\u0131.<\/p>\n<p style=\"text-align: justify;\">Aramalara KOM \u015eube M\u00fcd\u00fcrl\u00fc\u011f\u00fcn\u00fcn yan\u0131 s\u0131ra \u0130stihbarat \u015eube M\u00fcd\u00fcrl\u00fc\u011f\u00fc ekiplerinin de destek verdi\u011fi g\u00f6zlendi.<\/p>\n<p style=\"text-align: justify;\">Bu arada, \u00d6zel Yetkili Savc\u0131l\u0131k talimat\u0131yla ba\u015flat\u0131lan soru\u015fturma kapsam\u0131nda eski B\u00fcy\u00fck\u015fehir Belediyesi Genel Sekreteri Hasan G\u00fcl\u015fen&#8217;in de g\u00f6zalt\u0131na al\u0131nanlar aras\u0131nda bulundu\u011fu ve gizlilik karar\u0131 oldu\u011fu i\u00e7in hen\u00fcz avukatlara da bilgi verilmedi\u011fi \u00f6\u011frenildi.<\/p>\n<p style=\"text-align: justify;\"><strong>Durak: &#8220;Benimle u\u011fra\u015fanlar&#8230;&#8221;<\/strong><\/p>\n<p style=\"text-align: justify;\">Evinde yakla\u015f\u0131k 5 saat boyunca arama yap\u0131lan Durak, araman\u0131n bitmesinin ard\u0131ndan, apartman\u0131n bah\u00e7esine inerek bas\u0131n mensuplar\u0131na a\u00e7\u0131klama yapt\u0131.<\/p>\n<p style=\"text-align: justify;\">Durak, hayat\u0131 boyunca haram\u0131 ve helali g\u00f6zetti\u011fini, kul hakk\u0131n\u0131n ne oldu\u011funu \u00e7ok iyi bildi\u011fini ve bo\u011faz\u0131ndan hi\u00e7bir haram lokman\u0131n ge\u00e7medi\u011fini belirterek, \u015funlar\u0131 s\u00f6yledi: &#8220;Bu son se\u00e7imde ve daha \u00f6nceki se\u00e7imlerde de de\u011fi\u015fik partilerden aday oldum. Ben prensip sahibi adam\u0131m. Belediyede partilerin programlar\u0131ndan ziyade, kendi prensiplerim egemen oldu. &#8216;Siyasi ayr\u0131cal\u0131\u011f\u0131 belediyeye sokmayaca\u011f\u0131m&#8217; s\u00f6z\u00fcm belediyede as\u0131l\u0131 durur.<\/p>\n<p style=\"text-align: justify;\">G\u00f6revden al\u0131nd\u0131\u011f\u0131mdan bu yana 15 ayd\u0131r, 28&#8217;i m\u00fclkiye ba\u015f m\u00fcfetti\u015fi olmak \u00fczere 65 m\u00fcfetti\u015f ara\u015ft\u0131rma yap\u0131yor. Allah&#8217;a \u015f\u00fck\u00fcr y\u00fcz k\u0131zart\u0131c\u0131, beni mahcup edici bir iddia dahi yok ortada. Sadece dedikodu var. D\u00fcr\u00fcst olmasam, Adanal\u0131 beni tan\u0131masa, se\u00e7er miydi? T\u00fcrkiye&#8217;de belediyecili\u011fin en \u00f6nde geleni benim. T\u00fcrkiye Belediyeler Birli\u011finin ba\u015fkanl\u0131\u011f\u0131n\u0131 en uzun s\u00fcre yapan benim. Bug\u00fcne kadar benimle u\u011fra\u015fanlar siyaseten mevta oldu.<\/p>\n<p style=\"text-align: justify;\">B\u00fct\u00fcn bunlar\u0131n sonucunda Ba\u015fbakan kendi a\u00e7\u0131s\u0131ndan hakl\u0131, &#8216;aday olma&#8217; dedi. Ben de Adana&#8217;ya geldim, anket yapt\u0131m. Vatanda\u015f da &#8216;istedi\u011fin partiden aday ol&#8217; dedi. Ben de siyasilerle g\u00f6r\u00fc\u015ft\u00fcm, MHP ile anla\u015ft\u0131k, oradan aday oldum ve se\u00e7imi kazand\u0131m. Affedersiniz, bu defa Ba\u015fbakan\u0131 aldatanlar oldu. \u0130kna edenler oldu, &#8216;Se\u00e7imi Ayta\u00e7 Durak&#8217;s\u0131z da kazan\u0131r\u0131z&#8217; diye. Kazanamad\u0131lar. Ne yapay\u0131m kabahat bende mi? Bir kabahat ar\u0131yorsan\u0131z, kabahat Adanal\u0131larda.&#8221;<\/p>\n<p style=\"text-align: justify;\">Durak, Tuncel&#8217;in g\u00f6zalt\u0131na al\u0131nmas\u0131yla ilgili soruya &#8220;\u0130fade mi veriyor tutuklan\u0131yor mu ona ben kar\u0131\u015fmam&#8221; \u015feklinde yan\u0131t verirken, evinde neden arama yap\u0131ld\u0131\u011f\u0131yla ilgili sorular\u0131 ise yan\u0131ts\u0131z b\u0131rakt\u0131.<\/p>\n<p style=\"text-align: justify;\">Durak daha sonra apartmana girerek evine gitti.<\/p>\n<p style=\"text-align: justify;\"><strong>17 ki\u015fi g\u00f6zalt\u0131nda<\/strong><\/p>\n<p style=\"text-align: justify;\">\u0130\u00e7i\u015fleri Bakan\u0131 Osman G\u00fcne\u015f, eski Adana B\u00fcy\u00fck\u015fehir Belediye Ba\u015fkan\u0131 Ayta\u00e7 Durak hakk\u0131ndaki iddialarla ilgili operasyonda, 17 ki\u015finin g\u00f6zalt\u0131na al\u0131nd\u0131\u011f\u0131n\u0131 bildirdi.<\/p>\n<p style=\"text-align: justify;\">G\u00fcne\u015f, &#8220;\u0130llerimiz AB&#8217;ye haz\u0131rlan\u0131yor program\u0131 proje teklif \u00e7a\u011fr\u0131s\u0131&#8221; protokol imza t\u00f6reni \u00f6ncesi gazetecilerin sorular\u0131n\u0131 yan\u0131tlad\u0131.<\/p>\n<p style=\"text-align: justify;\">&#8220;Adana&#8217;da polisin ger\u00e7ekle\u015ftirdi\u011fi operasyon&#8221; ile ilgili soru \u00fczerine Bakan G\u00fcne\u015f, operasyonun Cumhuriyet Ba\u015fsavc\u0131s\u0131n\u0131n nezaretinde ve mahkeme karar\u0131na ba\u011fl\u0131 olarak yap\u0131ld\u0131\u011f\u0131n\u0131 belirterek, sadece Ayta\u00e7 Durak de\u011fil, bir \u00e7ok ki\u015finin evinde ve i\u015f yerinde arama yap\u0131ld\u0131\u011f\u0131n\u0131 s\u00f6yledi.<\/p>\n<p style=\"text-align: justify;\">\u0130\u00e7i\u015fleri Bakan\u0131 G\u00fcne\u015f, operasyonun tamamen kendilerinin d\u0131\u015f\u0131nda oldu\u011funu ifade ederek, &#8220;Birtak\u0131m yolsuzluk iddialar\u0131 var, birtak\u0131m haks\u0131z kazan\u00e7 elde etme iddialar\u0131 var. Bu konuyla alakal\u0131, Cumhuriyet Savc\u0131s\u0131n\u0131n elinde ne t\u00fcr belgeler, bilgiler var bunu bilemiyoruz. \u015eu anda 17 ki\u015fi var g\u00f6zalt\u0131na al\u0131nan&#8221; diye konu\u015ftu.<\/p>\n<p style=\"text-align: justify;\"><a href=\"http:\/\/www.cnnturk.com\/2011\/turkiye\/06\/21\/adanada.aytac.duraka.sok.baskin\/620723.0\/index.html\" target=\"_blank\">Kaynak : CNN T\u00dcRK<\/a><\/p>\n","protected":false},"excerpt":{"rendered":"<p style=\"text-align: center;\">\n<p style=\"text-align: justify;\">\u0130\u00e7i\u015fleri Bakan\u0131 Osman G\u00fcne\u015f, eski Adana B\u00fcy\u00fck\u015fehir Belediye Ba\u015fkan\u0131 Ayta\u00e7 Durak hakk\u0131ndaki iddialarla ilgili operasyonda, 17 ki\u015finin g\u00f6zalt\u0131na al\u0131nd\u0131\u011f\u0131n\u0131 bildirdi.<\/p>\n<p style=\"text-align: justify;\">\u0130\u00e7i\u015fleri Bakanl\u0131\u011f\u0131 karar\u0131yla Adana B\u00fcy\u00fck\u015fehir Belediye Ba\u015fkanl\u0131\u011f\u0131 g\u00f6revinden uzakla\u015ft\u0131r\u0131lan Ayta\u00e7 Durak ile Belediye Meclis Ba\u015fkanvekili Mustafa Tuncel&#8217;in evlerinde polis ekipleri arama yapt\u0131. <\/p>\n","protected":false},"author":1,"featured_media":0,"comment_status":"open","ping_status":"closed","sticky":false,"template":"","format":"standard","meta":{"footnotes":""},"categories":[105],"tags":[],"class_list":["post-34944","post","type-post","status-publish","format-standard","hentry","category-gundem","odd"],"_links":{"self":[{"href":"http:\/\/www.korhanyilmaz.com\/index.php?rest_route=\/wp\/v2\/posts\/34944","targetHints":{"allow":["GET"]}}],"collection":[{"href":"http:\/\/www.korhanyilmaz.com\/index.php?rest_route=\/wp\/v2\/posts"}],"about":[{"href":"http:\/\/www.korhanyilmaz.com\/index.php?rest_route=\/wp\/v2\/types\/post"}],"author":[{"embeddable":true,"href":"http:\/\/www.korhanyilmaz.com\/index.php?rest_route=\/wp\/v2\/users\/1"}],"replies":[{"embeddable":true,"href":"http:\/\/www.korhanyilmaz.com\/index.php?rest_route=%2Fwp%2Fv2%2Fcomments&post=34944"}],"version-history":[{"count":0,"href":"http:\/\/www.korhanyilmaz.com\/index.php?rest_route=\/wp\/v2\/posts\/34944\/revisions"}],"wp:attachment":[{"href":"http:\/\/www.korhanyilmaz.com\/index.php?rest_route=%2Fwp%2Fv2%2Fmedia&parent=34944"}],"wp:term":[{"taxonomy":"category","embeddable":true,"href":"http:\/\/www.korhanyilmaz.com\/index.php?rest_route=%2Fwp%2Fv2%2Fcategories&post=34944"},{"taxonomy":"post_tag","embeddable":true,"href":"http:\/\/www.korhanyilmaz.com\/index.php?rest_route=%2Fwp%2Fv2%2Ftags&post=34944"}],"curies":[{"name":"wp","href":"https:\/\/api.w.org\/{rel}","templated":true}]}}