{"id":34939,"date":"2011-06-21T13:19:35","date_gmt":"2011-06-21T10:19:35","guid":{"rendered":"http:\/\/www.korhanyilmaz.com\/?p=34939"},"modified":"2011-07-10T23:48:07","modified_gmt":"2011-07-10T20:48:07","slug":"mhp-kosk-restlesmesi","status":"publish","type":"post","link":"http:\/\/www.korhanyilmaz.com\/?p=34939","title":{"rendered":"MHP-K\u00f6\u015fk restle\u015fmesi"},"content":{"rendered":"<p style=\"text-align: center;\"><a href=\"http:\/\/www.korhanyilmaz.com\/wp-content\/uploads\/2011\/06\/0012.jpg\"  class=\"lightview\"><img loading=\"lazy\" decoding=\"async\" class=\"aligncenter size-full wp-image-34940\" src=\"http:\/\/www.korhanyilmaz.com\/wp-content\/uploads\/2011\/06\/0012.jpg\" alt=\"\" width=\"292\" height=\"199\" \/><\/a><\/p>\n<p style=\"text-align: justify;\">MHP ile \u00c7ankaya K\u00f6\u015fk\u00fc aras\u0131nda restle\u015fme s\u00fcr\u00fcyor. &#8220;MHP&#8217;nin uzun s\u00fcre sessiz kalmas\u0131 d\u00fc\u015f\u00fcnd\u00fcr\u00fcc\u00fc&#8221; ele\u015ftirisine Cumhurba\u015fkan\u0131 Abdullah G\u00fcl&#8217;den yan\u0131t geldi. Vatan gazetesine konu\u015fan Cumhurba\u015fkan\u0131, &#8220;A\u00e7\u0131klamay\u0131 yad\u0131rg\u0131yorum&#8221; dedi. \u00dcstelik Bah\u00e7eli&#8217;nin &#8220;Cumhurba\u015fkan\u0131 ile g\u00f6r\u00fc\u015fmedik&#8221; s\u00f6zlerinin tersine G\u00fcl, o d\u00f6nem MHP&#8217;nin \u00fcst d\u00fczey bir yetkilisi ile g\u00f6r\u00fc\u015fme yapt\u0131\u011f\u0131n\u0131 a\u00e7\u0131klad\u0131. <!--more--><\/p>\n<p style=\"text-align: justify;\">Tarih 20 May\u0131s 2011. 12 Haziran se\u00e7imleri \u00f6ncesi CNN T\u00dcRK&#8217;te Liderler Zirvesi program\u0131. MHP Genel Ba\u015fkan\u0131 Devlet Bah\u00e7eli, &#8220;Bizim Say\u0131n Cumhurba\u015fkan\u0131&#8217;yla bir temas\u0131m\u0131z olmad\u0131. Partimizden birilerinin de g\u00f6r\u00fc\u015ft\u00fc\u011f\u00fcn\u00fc sanm\u0131yorum&#8221; dedi.<\/p>\n<p style=\"text-align: justify;\">Bu s\u00f6zlerden yakla\u015f\u0131k bir ay sonra MHP&#8217;den gelen &#8220;uzun s\u00fcre sessiz kalmas\u0131 d\u00fc\u015f\u00fcnd\u00fcr\u00fcc\u00fc&#8221; ele\u015ftirisine tepki g\u00f6steren Cumhurba\u015fkan\u0131 G\u00fcl bir g\u00f6r\u00fc\u015fmeye ili\u015fkin ayr\u0131nt\u0131l\u0131 bilgi verdi.<\/p>\n<p style=\"text-align: justify;\">Dan\u0131\u015fman\u0131 Ahmet Sever arac\u0131l\u0131\u011f\u0131yla Vatan Gazetesi Ankara Temsilcisi Bilal \u00c7etin&#8217;in sorular\u0131n\u0131 yan\u0131tlayan G\u00fcl, MHP liderinin a\u00e7\u0131klamas\u0131n\u0131 yad\u0131rgad\u0131\u011f\u0131n\u0131 s\u00f6yledi.<\/p>\n<p style=\"text-align: justify;\">K\u00f6\u015fk&#8217;ten yap\u0131lan a\u00e7\u0131klamada \u015f\u00f6yle denildi:<\/p>\n<p style=\"text-align: justify;\">&#8211; &#8220;MHP ile ilgili kasetler daha ortaya \u00e7\u0131kmadan \u015fantaj ve tehdit ba\u015flad\u0131\u011f\u0131nda o g\u00fcn\u00fcn \u00fcst d\u00fczey bir y\u00f6neticisi Say\u0131n Cumhurba\u015fkan\u0131&#8217;ndan randevu al\u0131p ziyaretine gelmi\u015ftir. &#8220;<\/p>\n<p style=\"text-align: justify;\">&#8211; &#8220;O MHP y\u00f6neticisinin konuyla ilgili endi\u015felerini payla\u015fmas\u0131 \u00fczerine Say\u0131n Cumhurba\u015fkan\u0131, devletin ilgili birimlerini \u00e7a\u011f\u0131rarak bu konuya \u00f6zel hassasiyet g\u00f6sterilmesini ve gerekli \u00f6nlemlerin s\u00fcratle al\u0131nmas\u0131n\u0131 istemi\u015ftir.<\/p>\n<p style=\"text-align: justify;\"><strong>Bu y\u00f6netici kim?<\/strong><\/p>\n<p style=\"text-align: justify;\">Peki Devlet Bah\u00e7eli&#8217;nin olmad\u0131 dedi\u011fi bu g\u00f6r\u00fc\u015fmeyi yapan y\u00f6netici kim? Bilal \u00c7etin isim vermedi ama Ankara kulislerinde dola\u015fan iddialara g\u00f6re o isim partinin eski Genel Sekreteri Cihan Pa\u00e7ac\u0131.<\/p>\n<p style=\"text-align: justify;\">Kaset iddialar\u0131 nedeniyle istifa eden y\u00f6neticilerden biri olan Pa\u00e7ac\u0131&#8217;n\u0131n o g\u00f6r\u00fc\u015fmeyi Genel Ba\u015fkan Bah\u00e7eli&#8217;nin bilgisi dahilinde yapt\u0131\u011f\u0131 belirtiliyor.<\/p>\n<p style=\"text-align: justify;\"><a href=\"http:\/\/www.cnnturk.com\/2011\/yazarlar\/06\/21\/mhp.kosk.restlesmesi\/620783.0\/index.html\" target=\"_blank\">Kaynak : CNN T\u00dcRK<\/a><\/p>\n","protected":false},"excerpt":{"rendered":"<p style=\"text-align: center;\">\n<p style=\"text-align: justify;\">MHP ile \u00c7ankaya K\u00f6\u015fk\u00fc aras\u0131nda restle\u015fme s\u00fcr\u00fcyor. &#8220;MHP&#8217;nin uzun s\u00fcre sessiz kalmas\u0131 d\u00fc\u015f\u00fcnd\u00fcr\u00fcc\u00fc&#8221; ele\u015ftirisine Cumhurba\u015fkan\u0131 Abdullah G\u00fcl&#8217;den yan\u0131t geldi. Vatan gazetesine konu\u015fan Cumhurba\u015fkan\u0131, &#8220;A\u00e7\u0131klamay\u0131 yad\u0131rg\u0131yorum&#8221; dedi. \u00dcstelik Bah\u00e7eli&#8217;nin &#8220;Cumhurba\u015fkan\u0131 ile g\u00f6r\u00fc\u015fmedik&#8221; s\u00f6zlerinin tersine G\u00fcl, o d\u00f6nem MHP&#8217;nin \u00fcst d\u00fczey bir yetkilisi ile g\u00f6r\u00fc\u015fme yapt\u0131\u011f\u0131n\u0131 a\u00e7\u0131klad\u0131. <\/p>\n","protected":false},"author":1,"featured_media":0,"comment_status":"open","ping_status":"closed","sticky":false,"template":"","format":"standard","meta":{"footnotes":""},"categories":[105],"tags":[],"class_list":["post-34939","post","type-post","status-publish","format-standard","hentry","category-gundem","odd"],"_links":{"self":[{"href":"http:\/\/www.korhanyilmaz.com\/index.php?rest_route=\/wp\/v2\/posts\/34939","targetHints":{"allow":["GET"]}}],"collection":[{"href":"http:\/\/www.korhanyilmaz.com\/index.php?rest_route=\/wp\/v2\/posts"}],"about":[{"href":"http:\/\/www.korhanyilmaz.com\/index.php?rest_route=\/wp\/v2\/types\/post"}],"author":[{"embeddable":true,"href":"http:\/\/www.korhanyilmaz.com\/index.php?rest_route=\/wp\/v2\/users\/1"}],"replies":[{"embeddable":true,"href":"http:\/\/www.korhanyilmaz.com\/index.php?rest_route=%2Fwp%2Fv2%2Fcomments&post=34939"}],"version-history":[{"count":0,"href":"http:\/\/www.korhanyilmaz.com\/index.php?rest_route=\/wp\/v2\/posts\/34939\/revisions"}],"wp:attachment":[{"href":"http:\/\/www.korhanyilmaz.com\/index.php?rest_route=%2Fwp%2Fv2%2Fmedia&parent=34939"}],"wp:term":[{"taxonomy":"category","embeddable":true,"href":"http:\/\/www.korhanyilmaz.com\/index.php?rest_route=%2Fwp%2Fv2%2Fcategories&post=34939"},{"taxonomy":"post_tag","embeddable":true,"href":"http:\/\/www.korhanyilmaz.com\/index.php?rest_route=%2Fwp%2Fv2%2Ftags&post=34939"}],"curies":[{"name":"wp","href":"https:\/\/api.w.org\/{rel}","templated":true}]}}