{"id":34932,"date":"2011-06-20T22:23:48","date_gmt":"2011-06-20T19:23:48","guid":{"rendered":"http:\/\/www.korhanyilmaz.com\/?p=34932"},"modified":"2011-07-10T22:50:32","modified_gmt":"2011-07-10T19:50:32","slug":"gulden-esad-yorumu-yetmez-ama-evet","status":"publish","type":"post","link":"http:\/\/www.korhanyilmaz.com\/?p=34932","title":{"rendered":"G\u00fcl&#8217;den Esad yorumu: Yetmez ama evet"},"content":{"rendered":"<p style=\"text-align: center;\"><a href=\"http:\/\/www.korhanyilmaz.com\/wp-content\/uploads\/2011\/06\/100.jpg\"  class=\"lightview\"><img loading=\"lazy\" decoding=\"async\" class=\"aligncenter size-full wp-image-34933\" src=\"http:\/\/www.korhanyilmaz.com\/wp-content\/uploads\/2011\/06\/100.jpg\" alt=\"\" width=\"307\" height=\"236\" \/><\/a><\/p>\n<p style=\"text-align: justify;\">Cumhurba\u015fkan\u0131 Abdullah G\u00fcl, Suriye Devlet Ba\u015fkan\u0131 Be\u015f\u015far Esad&#8217;\u0131n bug\u00fcnk\u00fc konu\u015fmas\u0131n\u0131, 12 Eyl\u00fcl halk oylamas\u0131nda kullan\u0131lan &#8220;Yetmez ama evet&#8221; s\u00f6z\u00fcyle de\u011ferlendirirken, &#8220;Esad&#8217;\u0131n &#8216;Her \u015fey de\u011fi\u015fti, \u00e7ok partili sisteme ge\u00e7iyoruz, Suriye halk\u0131n\u0131n iradesi neyse her\u015fey o \u015fekilde d\u00fczenlenecektir ve bu ge\u00e7i\u015fi ben yapaca\u011f\u0131m&#8217; diye net ve kesin s\u00f6ylemesi laz\u0131m&#8221; dedi.<!--more--><\/p>\n<p style=\"text-align: justify;\">Cumhurba\u015fkan\u0131 G\u00fcl, Anadolu Medeniyetleri M\u00fczesi&#8217;ndeki Ankara \u00dcniversitesi Solistleri taraf\u0131ndan verilecek konsere geli\u015finde gazetecilerin g\u00fcndeme ili\u015fkin sorular\u0131n\u0131 yan\u0131tlad\u0131.<\/p>\n<p style=\"text-align: justify;\">Se\u00e7imden sonraki s\u00fcrece ili\u015fkin de\u011ferlendirmesinin sorulmas\u0131 \u00fczerine Cumhurba\u015fkan\u0131 G\u00fcl, se\u00e7imin geride kald\u0131\u011f\u0131n\u0131 ve T\u00fcrkiye&#8217;nin \u00f6n\u00fcnde \u00f6nemli meseleler bulundu\u011funu ifade etti.<\/p>\n<p style=\"text-align: justify;\">&#8220;Meseleleri memleketin sahipleri, halk\u0131n yetki verdi\u011fi insanlar yoluna koyacak&#8221; diyen G\u00fcl, bu ortam\u0131n yakla\u015ft\u0131\u011f\u0131n\u0131 s\u00f6yledi.<\/p>\n<p style=\"text-align: justify;\">Se\u00e7imin s\u0131cakl\u0131\u011f\u0131n\u0131n, heyecan\u0131n\u0131n, duygusall\u0131\u011f\u0131n\u0131n ortadan kalkmas\u0131 i\u00e7in zamana ihtiya\u00e7 oldu\u011funa dikkati \u00e7eken G\u00fcl, &#8220;Bu s\u00fcre i\u00e7inde eminim ki herkes onu da yap\u0131yordur. Meclis a\u00e7\u0131ld\u0131\u011f\u0131nda inan\u0131yorum ki herkes b\u00fcy\u00fck bir sorumluluk duygusu i\u00e7inde \u00fclkemizi daha g\u00fc\u00e7l\u00fc yapmak ve halk\u0131n beklentilerini kar\u015f\u0131lamak i\u00e7in i\u015fbirli\u011fi yapacakt\u0131r. Bundan hi\u00e7 teredd\u00fct\u00fcm yok&#8221; diye konu\u015ftu.<\/p>\n<p style=\"text-align: justify;\"><strong>&#8220;Temiz bir ba\u015flang\u0131\u00e7 olmal\u0131&#8221;<\/strong><\/p>\n<p style=\"text-align: justify;\">Cumhurba\u015fkan\u0131 G\u00fcl, Meclis topland\u0131\u011f\u0131nda ant i\u00e7meyle ilgili bir sorun ya\u015fan\u0131p ya\u015fanmayaca\u011f\u0131n\u0131n sorulmas\u0131 \u00fczerine \u015f\u00f6yle konu\u015ftu: &#8220;Zannetmiyorum, olmamas\u0131 laz\u0131m. Ant i\u00e7me, Meclis&#8217;in a\u00e7\u0131lmas\u0131&#8230; Herkes yemin edecek, herkes milletvekili olacak. Sonra farkl\u0131 g\u00f6r\u00fc\u015flerin, b\u00f6lgelerden gelecek sorunlar\u0131n tart\u0131\u015f\u0131labilmesi laz\u0131m. Ortada b\u00fcy\u00fck bir imkan var. Bu b\u00fcy\u00fck imkan nedir? T\u00fcrkiye&#8217;de demokrasinin nas\u0131l \u00e7al\u0131\u015ft\u0131\u011f\u0131n\u0131, nas\u0131l k\u00f6kle\u015fti\u011fini g\u00f6steriyor. En farkl\u0131, ayk\u0131r\u0131 fikirleri olanlar\u0131n bile arkas\u0131nda belli bir halk deste\u011fi varsa Meclis&#8217;e gelebildi\u011fini g\u00f6steriyor. Bu, T\u00fcrkiye&#8217;de t\u0131kan\u0131kl\u0131\u011f\u0131n olmad\u0131\u011f\u0131n\u0131, b\u00fct\u00fcn yollar\u0131n a\u00e7\u0131k oldu\u011funu, herkesin demokratik bir s\u00fcre\u00e7 i\u00e7erisinde TBMM&#8217;ye gelebildi\u011fini g\u00f6sterir. Buraya gelen insanlar\u0131n onun mehabetine uygun hareket etmesi laz\u0131m, her \u015feyden \u00f6nce. Herkesin \u00f6nce bunu bilmesi laz\u0131m ki, orada s\u00f6yledi\u011fi dikkate al\u0131nabilsin. Bunlar\u0131n olabilmesi i\u00e7in de her \u015feyden \u00f6nce herkesin usule, metoda uygun davranmas\u0131 gerekir. Kim k\u00f6pr\u00fcleri at\u0131c\u0131 davran\u0131rsa hem halk nezdinde itibar kaybeder hem \u00e7ok yanl\u0131\u015f yapar. \u00c7\u00fcnk\u00fc konu\u015fma ortam\u0131n\u0131 zehirlemi\u015f olur. Buna hi\u00e7 m\u00fcsaade etmemek gerekir. Eminim ki, ben kimsenin yapmayaca\u011f\u0131 kanaatindeyim. Bu dersler eskiden \u00e7ok al\u0131nd\u0131. \u015eimdi temiz bir ba\u015flang\u0131\u00e7 olmal\u0131 ve hep beraber halk\u0131n se\u00e7ti\u011fi parlamentoya sayg\u0131 g\u00f6stermek gerekir.&#8221;<\/p>\n<p style=\"text-align: justify;\">Cumhurba\u015fkan\u0131 G\u00fcl, d\u00fcn ve bug\u00fcn baz\u0131 yabanc\u0131 gazetecilere verdi\u011fi m\u00fclakatlarda 50 milyon ki\u015finin se\u00e7imlerde hakimlerin denetiminde ve parti temsilcilerinin bulundu\u011fu ortamda oy verdi\u011fini s\u00f6yledi\u011fini aktard\u0131. Sand\u0131klar\u0131n saat 17.00&#8217;de a\u00e7\u0131ld\u0131\u011f\u0131n\u0131 ve T\u00fcrkiye&#8217;nin se\u00e7im sonucunu saat 21.00&#8217;de g\u00f6rd\u00fc\u011f\u00fcn\u00fc anlatan G\u00fcl, &#8220;T\u00fcrkiye, nereden nereye geldi. B\u00fcy\u00fck bir \u00f6rnek&#8221; dedi.<\/p>\n<p style=\"text-align: justify;\">Se\u00e7ime kat\u0131l\u0131m oran\u0131n\u0131n y\u00fczde 87 oldu\u011funun ve halk\u0131n y\u00fczde 95&#8217;inin iradesinin Meclis&#8217;e yans\u0131d\u0131\u011f\u0131n\u0131n alt\u0131n\u0131 \u00e7izen G\u00fcl, &#8220;Demokrasinin iki ilkesi \u00e7ok konu\u015fulur. Kat\u0131l\u0131mc\u0131 demokrasi ve temsili demokrasi. T\u00fcrk halk\u0131 bu iki terminolojiyi ger\u00e7ekle\u015ftirdi. Bundan sonra yap\u0131lacak \u015fey nedir? Herkesin farkl\u0131 fikri, d\u00fc\u015f\u00fcncesi neyse, otursun, konu\u015fsun&#8221; dedi.<\/p>\n<p style=\"text-align: justify;\">Cumhurba\u015fkan\u0131 G\u00fcl, MHP Genel Ba\u015fkan\u0131 Devlet Bah\u00e7eli&#8217;nin, kaset iddialar\u0131yla ilgili kendisine y\u00f6nelik ele\u015ftirilerinin hat\u0131rlat\u0131lmas\u0131 \u00fczerine, &#8220;Bu konuda s\u00f6yleyeceklerimi s\u00f6yledim&#8221; ifadesini kulland\u0131. Yeni d\u00f6nemde bir uzla\u015fma ihtiyac\u0131 do\u011fmas\u0131 halinde \u00fczerine d\u00fc\u015fen bir g\u00f6rev olursa devreye girip girmeyece\u011fi sorusunu, &#8220;Gerekirse tabii ki&#8221; diye yan\u0131tlayan Cumhurba\u015fkan\u0131 G\u00fcl, Meclis&#8217;in a\u00e7\u0131l\u0131\u015f\u0131nda yapaca\u011f\u0131 konu\u015fmas\u0131nda T\u00fcrkiye&#8217;nin o g\u00fcnk\u00fc ihtiya\u00e7lar\u0131 ve dikkat \u00e7ekmek istedi\u011fi konular\u0131 dile getirece\u011fini s\u00f6yledi.<\/p>\n<p style=\"text-align: justify;\"><strong>Esad&#8217;\u0131n konu\u015fmas\u0131<\/strong><\/p>\n<p style=\"text-align: justify;\">Cumhurba\u015fkan\u0131 G\u00fcl, Suriye Devlet Ba\u015fkan\u0131 Be\u015f\u015far Esad&#8217;\u0131n konu\u015fmas\u0131n\u0131 nas\u0131l de\u011ferlendirdi\u011fi sorusu \u00fczerine, Esad&#8217;\u0131n konu\u015fmas\u0131n\u0131 izledi\u011fini bildirdi. Esad&#8217;\u0131n konu\u015fmas\u0131n\u0131, T\u00fcrkiye&#8217;de 12 Eyl\u00fcl halk oylamas\u0131yla kabul edilen Anayasa de\u011fi\u015fikli\u011fi s\u00fcrecinde baz\u0131 kesimlerin kulland\u0131\u011f\u0131 &#8220;Yetmez ama evet&#8221; s\u00f6z\u00fcyle de\u011ferlendiren G\u00fcl, \u015f\u00f6yle devam etti:<\/p>\n<p style=\"text-align: justify;\">&#8220;Yapmak istiyor ama, &#8216;Her \u015fey de\u011fi\u015fti, \u00e7ok partili sisteme ge\u00e7iyoruz, Suriye halk\u0131n\u0131n iradesi neyse her \u015fey o \u015fekilde d\u00fczenlenecektir ve bu ge\u00e7i\u015fi ben yapaca\u011f\u0131m&#8217; diye net ve kesin s\u00f6ylemesi laz\u0131m. Bunu dedi\u011fi andan itibaren t\u00fcm olaylar\u0131n \u00f6n\u00fcne ge\u00e7ebilece\u011fi ve her \u015feyi kontrol alt\u0131na alabilece\u011fini tahmin ediyorum. Belki bunlar\u0131 sat\u0131r aralar\u0131nda s\u00f6yl\u00fcyor, ama, \u00e7ok a\u00e7\u0131k s\u00f6ylemesi laz\u0131m.&#8217;Zaman\u0131 geldi. Her yerde oldu\u011fu gibi Suriye halk\u0131 da birikimi olan medeni,<\/p>\n<p style=\"text-align: justify;\">g\u00f6rg\u00fcl\u00fc bir halk. Yapaca\u011f\u0131m\u0131z \u015fey, \u00e7ok partili sisteme ge\u00e7ece\u011fiz. B\u00fct\u00fcn evrensel, demokratik kriterlere uygun se\u00e7imleri yapaca\u011f\u0131z ve halk ne diyorsa, bundan sonrao olacak ve bu de\u011fi\u015fime ben \u00f6nderlik yap\u0131yorum&#8217; dedi\u011fi andan itibaren, hemtoparlar, hem \u00fclkesine en b\u00fcy\u00fck hizmeti yapm\u0131\u015f olur.&#8221;<\/p>\n<p style=\"text-align: justify;\"><a href=\"http:\/\/www.cnnturk.com\/2011\/turkiye\/06\/20\/gulden.esad.yorumu.yetmez.ama.evet\/620717.0\/index.html\" target=\"_blank\">Kaynak : CNN T\u00dcRK<\/a><\/p>\n","protected":false},"excerpt":{"rendered":"<p style=\"text-align: center;\">\n<p style=\"text-align: justify;\">Cumhurba\u015fkan\u0131 Abdullah G\u00fcl, Suriye Devlet Ba\u015fkan\u0131 Be\u015f\u015far Esad&#8217;\u0131n bug\u00fcnk\u00fc konu\u015fmas\u0131n\u0131, 12 Eyl\u00fcl halk oylamas\u0131nda kullan\u0131lan &#8220;Yetmez ama evet&#8221; s\u00f6z\u00fcyle de\u011ferlendirirken, &#8220;Esad&#8217;\u0131n &#8216;Her \u015fey de\u011fi\u015fti, \u00e7ok partili sisteme ge\u00e7iyoruz, Suriye halk\u0131n\u0131n iradesi neyse her\u015fey o \u015fekilde d\u00fczenlenecektir ve bu ge\u00e7i\u015fi ben yapaca\u011f\u0131m&#8217; diye net ve kesin s\u00f6ylemesi laz\u0131m&#8221; dedi.<\/p>\n","protected":false},"author":1,"featured_media":0,"comment_status":"open","ping_status":"closed","sticky":false,"template":"","format":"standard","meta":{"footnotes":""},"categories":[105],"tags":[],"class_list":["post-34932","post","type-post","status-publish","format-standard","hentry","category-gundem","odd"],"_links":{"self":[{"href":"http:\/\/www.korhanyilmaz.com\/index.php?rest_route=\/wp\/v2\/posts\/34932","targetHints":{"allow":["GET"]}}],"collection":[{"href":"http:\/\/www.korhanyilmaz.com\/index.php?rest_route=\/wp\/v2\/posts"}],"about":[{"href":"http:\/\/www.korhanyilmaz.com\/index.php?rest_route=\/wp\/v2\/types\/post"}],"author":[{"embeddable":true,"href":"http:\/\/www.korhanyilmaz.com\/index.php?rest_route=\/wp\/v2\/users\/1"}],"replies":[{"embeddable":true,"href":"http:\/\/www.korhanyilmaz.com\/index.php?rest_route=%2Fwp%2Fv2%2Fcomments&post=34932"}],"version-history":[{"count":0,"href":"http:\/\/www.korhanyilmaz.com\/index.php?rest_route=\/wp\/v2\/posts\/34932\/revisions"}],"wp:attachment":[{"href":"http:\/\/www.korhanyilmaz.com\/index.php?rest_route=%2Fwp%2Fv2%2Fmedia&parent=34932"}],"wp:term":[{"taxonomy":"category","embeddable":true,"href":"http:\/\/www.korhanyilmaz.com\/index.php?rest_route=%2Fwp%2Fv2%2Fcategories&post=34932"},{"taxonomy":"post_tag","embeddable":true,"href":"http:\/\/www.korhanyilmaz.com\/index.php?rest_route=%2Fwp%2Fv2%2Ftags&post=34932"}],"curies":[{"name":"wp","href":"https:\/\/api.w.org\/{rel}","templated":true}]}}