{"id":34924,"date":"2011-06-20T20:56:08","date_gmt":"2011-06-20T17:56:08","guid":{"rendered":"http:\/\/www.korhanyilmaz.com\/?p=34924"},"modified":"2011-07-10T22:49:15","modified_gmt":"2011-07-10T19:49:15","slug":"yargitay-savcilarini-yeni-bassavci-istememis","status":"publish","type":"post","link":"http:\/\/www.korhanyilmaz.com\/?p=34924","title":{"rendered":"Yarg\u0131tay savc\u0131lar\u0131n\u0131 yeni Ba\u015fsavc\u0131 istememi\u015f!"},"content":{"rendered":"<p style=\"text-align: center;\"><a href=\"http:\/\/www.korhanyilmaz.com\/wp-content\/uploads\/2011\/06\/0991.jpg\"  class=\"lightview\"><img loading=\"lazy\" decoding=\"async\" class=\"aligncenter size-full wp-image-34929\" src=\"http:\/\/www.korhanyilmaz.com\/wp-content\/uploads\/2011\/06\/0991.jpg\" alt=\"\" width=\"420\" height=\"210\" \/><\/a><\/p>\n<p style=\"text-align: justify;\">32 il ve 52 il\u00e7enin ba\u015fsavc\u0131s\u0131 de\u011fi\u015fti. 40 YARSAV \u00fcyesi istemedi\u011fi yere g\u00f6nderildi.<\/p>\n<p style=\"text-align: justify;\"><strong>Yeni Ba\u015fsavc\u0131 Hasan Erbil\u2019in HSYK\u2019ya \u00e7al\u0131\u015fmak istemedi\u011fi savc\u0131lar\u0131n yer ald\u0131\u011f\u0131 bir liste verdi\u011fi ortaya \u00e7\u0131kt\u0131.<\/strong><\/p>\n<p style=\"text-align: justify;\">HSYK\u2019NIN Adli ve \u0130dari Yarg\u0131 Yaz Kararnamesi ile ba\u015fsavc\u0131l\u0131klar ve ba\u015fsavc\u0131 vekilliklerinde kapsaml\u0131 de\u011fi\u015fimler oldu. Bir\u00e7ok ba\u015fsavc\u0131 ve ba\u015fsavc\u0131 vekili, d\u00fcz savc\u0131 olarak atan\u0131rken, yerlerine d\u00fcz savc\u0131 olarak g\u00f6rev yapan yeni isimler getirildi. YARSAV, \u00d6mer Faruk Emina\u011fao\u011flu, Hasan Ali Atay, Zekeriya Sevimli, Ahmet Ta\u015fyurt, Ru\u015fen G\u00fcltekin gibi 40\u2019a yak\u0131n YARSAV \u00fcyesinin kararname ile ba\u015fka illere atand\u0131\u011f\u0131n\u0131 a\u00e7\u0131klad\u0131.<!--more--><\/p>\n<p style=\"text-align: justify;\">Kararname ile 32\u2019si il olmak \u00fczere 84 ba\u015fsavc\u0131l\u0131\u011fa yeni atama yap\u0131ld\u0131. \u0130zmir, Kocaeli, U\u015fak, Eski\u015fehir, Denizli, Samsun, Edirne, Bal\u0131kesir, Trabzon, Malatya, Bilecik, K\u0131r\u0131kkale, K\u00fctahya, Diyarbak\u0131r, \u00c7anakkale, \u00c7ank\u0131r\u0131, Aksaray, Sakarya, Ni\u011fde, Hatay, Manisa, Antalya, Yozgat, Siirt, Kars, Sivas, Ad\u0131yaman, Batman, Gaziantep, Kilis, Tunceli, Van ba\u015fsavc\u0131lar\u0131 de\u011fi\u015fti. 15 ilin ba\u015fsavc\u0131s\u0131 tenzili r\u00fctbeye u\u011frat\u0131ld\u0131. HSYK ayr\u0131ca 24 Ba\u015fsavc\u0131 Vekilli\u011fi i\u00e7in de yeni isimler belirledi. Demokrat Yarg\u0131 Genel Sekreteri Kemal \u015eahin, Ankara Kazan\u2019dan K\u00fc\u00e7\u00fck\u00e7ekmece H\u00e2kimli\u011fine atand\u0131. Ankara savc\u0131lar\u0131ndan Ali Velio\u011flu Adana, Osman Nuri Ye\u011feno\u011flu Kocaeli, Zihni Aslan Samsun, Ferhan \u00d6zdemir Gaziantep, Kaz\u0131m \u015e\u0131ngar Sivas, Ali Eker Yasan Malatya, Adil Acar Erzurum M. \u015eahin Tanr\u0131\u00f6ver Kayseri, Halil Ac\u0131o\u011flu Sivas, Salim Demirci Kahramanmara\u015f\u2019a atand\u0131. Ankara hakimlerinden Rabia Mollao\u011flu \u00d6zt\u00fcrk Zonguldak, Funda Ba\u015ft\u0131mar (G\u00f6lba\u015f\u0131) Diyarbak\u0131r\u2019a g\u00f6nderildi.<\/p>\n<p style=\"text-align: justify;\"><strong>Yeni ba\u015fsavc\u0131 istemedi<\/strong><\/p>\n<p style=\"text-align: justify;\">Kararnameyle 16 Yarg\u0131tay savc\u0131s\u0131 ile 18 Yarg\u0131tay tetkik hakimi ba\u015fta \u0130stanbul olmak \u00fczere \u00e7e\u015fitli illere da\u011f\u0131t\u0131ld\u0131. Edinilen bilgiye g\u00f6re HSYK\u2019n\u0131n Yarg\u0131tay savc\u0131lar\u0131n\u0131n g\u00f6rev yerlerini de\u011fi\u015ftirmesine Yarg\u0131tay Ba\u015fsavc\u0131l\u0131\u011f\u0131\u2019ndan HSYK\u2019ya g\u00f6nderilen bir liste etkili oldu. Ge\u00e7en ay se\u00e7ilen Ba\u015fsavc\u0131 Hasan Erbil\u2019in birlikte \u00e7al\u0131\u015fmak istemedi\u011fi isimleri HSYK\u2019ya bildirerek, atamalar\u0131n yap\u0131lmas\u0131n\u0131 sa\u011flad\u0131\u011f\u0131 belirtildi. Buna g\u00f6re Yarg\u0131tay Cumhuriyet Savc\u0131lar\u0131 \u0130brahim \u00d6calan Bak\u0131rk\u00f6y, Mehmet Mahir Kara \u0130stanbul, Kamil Uzman Zonguldak, Ufuk \u015eim\u015fek Bursa, Hasan Ali Atay Adana, Ali Elbeyli Kayseri, Mustafa Aksu Gebze, B\u00fclent Savtok Mersin, Yusuf Sar\u0131bay K. \u00c7ekmece, Ru\u015fen G\u00fcltekin Gaziantep, Ahmet Ta\u015fyurt \u015e. Urfa, Fatih Y\u0131lmaz Diyarbak\u0131r Savc\u0131l\u0131\u011f\u0131 g\u00f6revine atand\u0131. Yarg\u0131tay savc\u0131lar\u0131ndan \u00d6mer Faruk Emina\u011fao\u011flu \u0130stanbul, Zekeriya Sevimli \u00dcsk\u00fcdar, \u0130dris Ta\u015fcan Gaziantep, Aysel Sevcan Bak\u0131rk\u00f6y hakimi oldular. Yarg\u0131tay tetkik hakimleri Zehra \u015eener ve Tahsin \u015eener Bak\u0131rk\u00f6y, Ercan Turan \u0130zmir, Zeynep K\u0131l\u0131\u00e7 \u00dcmraniye, Giray Algan G\u00f6lba\u015f\u0131, Feyza Sar\u0131soy Kad\u0131k\u00f6y, Fatma Seyhan Kele\u015f Sincan, Fatma Duru Kad\u0131k\u00f6y, Semra Turan \u0130zmir, Mine Ar\u0131soy, Mehmet Uslu, Alpaslan Uz, Aytekin \u00d6zanl\u0131 ve Sava\u015f \u00c7elik \u0130stanbul, Suzan Polat Do\u011fubeyaz\u0131t, H\u00fcseyin Mecek Batman, Hazmi Emirhasano\u011flu Ordu hakimi olurken Cesur Aykul D\u00fczce Savc\u0131l\u0131\u011f\u0131\u2019na getirildi.<\/p>\n<p style=\"text-align: justify;\"><span style=\"color: #993300; font-size: medium;\"><strong>\u0130\u015fte yeni ba\u015fsavc\u0131lar<\/strong><\/span><\/p>\n<p style=\"text-align: justify;\">\u0130zmir Ba\u015fsavc\u0131s\u0131 Emin \u00d6zler Kocaeli, Menderes Ba\u015fsavc\u0131s\u0131 Ali Bayram U\u015fak, Samsun Ba\u015fsavc\u0131s\u0131 Canip Yeti\u015fir Kocaeli, Edirne Ba\u015fsavc\u0131s\u0131 Selami Hatipo\u011flu Bal\u0131kesir, Sincan Ba\u015fsavc\u0131s\u0131 Sinan Alkan Denizli, K\u0131r\u0131kkale Ba\u015fsavc\u0131s\u0131 Metin Yand\u0131rmaz Bursa, Sultanbeyli Ba\u015fsavc\u0131s\u0131 H\u00fcseyin \u00c7\u0131nar K\u00fctahya, Diyarbak\u0131r Ba\u015fsavc\u0131s\u0131 Durdu Kavak \u0130zmir, Silivri Ba\u015fsavc\u0131s\u0131 Orhan Usta Sakarya, Malatya Ba\u015fsavc\u0131 Vekili Muzaffer Say\u0131n Malatya, Ak\u015fehir Ba\u015fsavc\u0131s\u0131 Hayrettin Ak\u00e7il Ni\u011fde, Hatay Ba\u015fsavc\u0131s\u0131 Yavuz Y\u0131ld\u0131r\u0131m Manisa, Sar\u0131yer Ba\u015fsavc\u0131s\u0131 H\u00fcseyin Ba\u015f Antalya, Yozgat Ba\u015fsavc\u0131s\u0131 Ali Yeldan Samsun, \u00c7ar\u015famba Ba\u015fsavc\u0131s\u0131 Musa Durmaz K\u0131r\u0131kkale, Tarsus Ba\u015fsavc\u0131s\u0131 Adem Kul Trabzon, HSYK tetkik hakimi Metin Durgun Yozgat, Kars Ba\u015fsavc\u0131s\u0131 Adem Yazar Hatay, Akhisar Ba\u015fsavc\u0131s\u0131 Hasan Ayd\u0131n Sivas, \u00c7orlu Ba\u015fsavc\u0131s\u0131 U\u011fur Yi\u011fitbilek Edirne, Turgutlu Ba\u015fsavc\u0131s\u0131 Mehmet Togay \u00c7ank\u0131r\u0131, Ad\u0131yaman Ba\u015fsavc\u0131s\u0131 Orhan \u00c7eting\u00fcl Eski\u015fehir, Batman Ba\u015fsavc\u0131s\u0131 MUstafa Peker Gaziantep, Kilis Ba\u015fsavc\u0131s\u0131 Salih \u00c7okal \u00c7anakkale, Kozan Ba\u015fsavc\u0131s\u0131 \u0130lker \u00c7etin Diyarbak\u0131r, Siliri Savc\u0131s\u0131 Hamza \u00d6zey Tunceli, Boyabat Ba\u015fsavc\u0131s\u0131 Muhammet Emre Ejder Batman, Fatsa Ba\u015fsavc\u0131s\u0131 Ahmet \u00c7i\u00e7ekli Kilis, Van Ba\u015fsavc\u0131 Vekili Osman Nuri G\u00fcler Van, Ermenek Ba\u015fsavc\u0131s\u0131 Mustafa K\u00f6yl\u00fc Kars, Erzincan Savc\u0131s\u0131 Faruk B\u00fcy\u00fckkaramuklu Ad\u0131yaman Ba\u015fsavc\u0131s\u0131 oldular.<\/p>\n<p style=\"text-align: justify;\"><strong>Tenzili r\u00fctbeler<\/strong><\/p>\n<p style=\"text-align: justify;\">U\u015fak Ba\u015fsavc\u0131s\u0131 \u00dcnal Karabeyo\u011flu \u00dcsk\u00fcdar, Bilecik Ba\u015fsavc\u0131s\u0131 Harun Y\u0131lmaz K\u00fc\u00e7\u00fck\u00e7ekmece, \u00c7anakkale Ba\u015fasvc\u0131s\u0131 Fevzi Arg\u0131\u00e7 Antalya, \u00c7ank\u0131r\u0131 Ba\u015fsavc\u0131s\u0131 Kemal Esengin Bak\u0131rk\u00f6y, Aksaray Ba\u015fsavc\u0131s\u0131 Durmu\u015f A. \u00d6zbek \u0130zmir, Siirt Ba\u015fsavc\u0131s\u0131 Mustafa Karam\u0131k B\u00fcy\u00fck\u00e7ekmece, Denizli Ba\u015fsavc\u0131s\u0131 Kaz\u0131m Arapo\u011flu \u0130zmir Savc\u0131s\u0131, Bal\u0131kesir Ba\u015fsavc\u0131s\u0131 Sinan Ku\u015f Kartal, Malatya Ba\u015fsavc\u0131s\u0131 Ali Ceyhun Ceylan Bak\u0131rk\u00f6y\u2019e d\u00fcz savc\u0131 olarak atand\u0131. Eski\u015fehir Ba\u015fsavc\u0131s\u0131 Ekrem Ayd\u0131ner Kad\u0131k\u00f6y, Tunceli Ba\u015fsavc\u0131s\u0131 Hayati Keskin ise Bodrum\u2019a Ba\u015fsavc\u0131 olarak atan\u0131rken Kocaeli Ba\u015fsavc\u0131s\u0131 Fatih \u00d6zdemir Sultanbeyli Ba\u015fsavc\u0131s\u0131, Trabzon Ba\u015fsavc\u0131s\u0131 G\u00f6khan Karaburun ise \u0130zmir Ba\u015fsavc\u0131 Vekili oldu.<\/p>\n<p style=\"text-align: justify;\"><strong>\u0130stanbul\u2019a da operasyon<\/strong><\/p>\n<p style=\"text-align: justify;\">\u0130stanbul Ba\u015fsavc\u0131 Vekilliklerine Bak\u0131rk\u00f6y Savc\u0131s\u0131 Ali Cengiz Hac\u0131osmano\u011flu ile \u0130stanbul Savc\u0131s\u0131 \u0130smet Erdo\u011fan getirilirken ba\u015fsavc\u0131 vekillerinden H\u00fcseyin Y\u0131ld\u0131z Bak\u0131rk\u00f6y\u2019e d\u00fcz savc\u0131 olarak, Fuat Ar\u0131 ise K\u00fc\u00e7\u00fck\u00e7ekmece Ba\u015fsavc\u0131s\u0131 olarak atand\u0131.<\/p>\n<p style=\"text-align: justify;\">Sar\u0131yer Savc\u0131s\u0131 Faz\u0131l Arslanalp Bak\u0131rk\u00f6y Ba\u015fsavc\u0131 Vekili, Bak\u0131rk\u00f6y Ba\u015fsavc\u0131 Vekili Mehmet Salih Sol \u0130stanbul Savc\u0131s\u0131, K\u00fc\u00e7\u00fck\u00e7ekmece Ba\u015fsavc\u0131s\u0131 \u0130brahim Ethem Dikmen \u0130stanbul Savc\u0131s\u0131, Adana Ba\u015fsavc\u0131 Vekili Y\u0131lmaz Akta\u015f Bak\u0131rk\u00f6y Savc\u0131s\u0131, Kocaeli Ba\u015fsavc\u0131 Vekili \u0130smet Acar Kartal Savc\u0131s\u0131, \u00dcsk\u00fcdar Ba\u015fsavc\u0131 Vekili Osman \u00d6zt\u00fcrk Zonguldak Savc\u0131s\u0131, Antalya Ba\u015fsavc\u0131 Vekili \u015eenol Y\u0131lmaz Bak\u0131rk\u00f6y Savc\u0131s\u0131, \u00d6demi\u015f Ba\u015fsavc\u0131s\u0131 Mehmet \u00c7il \u00dcmraniye Savc\u0131s\u0131, \u0130stanbul Savc\u0131s\u0131 \u0130skender G\u00f6rg\u00fcl\u00fc Kartal Ba\u015fsavc\u0131 Vekili, Denizli Ba\u015fsavc\u0131 Vekili Cengiz Topel \u00c7ift\u00e7io\u011flu Gaziosmanpa\u015fa Savc\u0131s\u0131, \u0130stanbul Savc\u0131s\u0131 Ali Haydar \u0130zmir Ba\u015fsavc\u0131 Vekili, \u015ei\u015fli Savc\u0131s\u0131 Mustafa Da\u011f B\u00fcy\u00fck\u00e7ekmece Ba\u015fsavc\u0131 Vekili, Sar\u0131yer Savc\u0131s\u0131 Bayram K\u00f6ro\u011flu Bak\u0131rk\u00f6y Ba\u015fsavc\u0131 Vekilli\u011fine getirildi.<\/p>\n<p style=\"text-align: justify;\"><span style=\"font-size: medium;\"><strong><span style=\"color: #993300;\">Demokrat Yarg\u0131: Nefret eylemi<\/span><\/strong><\/span><\/p>\n<p style=\"text-align: justify;\">HSYK\u2019n\u0131n Kazan hakimi iken talesbi olmamas\u0131na ra\u011fmen K\u00fc\u00e7\u00fck\u00e7ekmece\u2019ye tayinini \u00e7\u0131kard\u0131\u011f\u0131 Demokrat Yarg\u0131 Derne\u011fi Genel Sekreteri Kemal \u015eahin ise ataman\u0131n \u201cs\u00fcrg\u00fcn\u201d oldu\u011funu belirterek, \u201cHSYK\u2019n\u0131n bu uygulamalar\u0131n\u0131 nefret eylemleriyle, ayr\u0131mc\u0131l\u0131k eylemleriyle m\u00fccadele eden komisyonlar\u0131n mercek alt\u0131na almas\u0131 laz\u0131m. Kendisinden olmayan herkes cezaland\u0131r\u0131l\u0131yor. Yeni HSYK bu uygulamalarla hakim ve savc\u0131lar aras\u0131ndaki sosyal bar\u0131\u015f\u0131 da bozmu\u015f durumda\u201d dedi.<\/p>\n<p style=\"text-align: justify;\"><strong>YARSAV: K\u0131y\u0131m operasyonu<\/strong><\/p>\n<p style=\"text-align: justify;\">YARSAV Genel Sekreteri Leyla K\u00f6ksal Tarhan, Hakimler ve Savc\u0131lar Y\u00fcksek Kurulunun (HSYK) d\u00fcn yay\u0131nlanan yaz kararnamesinin, \u201cyarg\u0131y\u0131 ele ge\u00e7irme ve k\u0131y\u0131m operasyonu\u201d oldu\u011funu s\u00f6yledi. Tarhan, \u201cYARSAV\u2019\u0131n ba\u015fta kurucu ba\u015fkan\u0131 olmak \u00fczere, kurucu \u00fcyeleri ve ilk y\u00fcr\u00fctme organ\u0131nda yer alan y\u00f6neticileri, talepleri olmadan atanm\u0131\u015ft\u0131r. Siyasal iktidar\u0131n taraf oldu\u011fu davalarda g\u00f6rev yapan yarg\u0131\u00e7 ve savc\u0131lar terfi ettirilmi\u015f, siyasal iktidara ayk\u0131r\u0131 kararlara imza atan yarg\u0131\u00e7 ve savc\u0131lar s\u00fcrg\u00fcne tabi tutulmu\u015flard\u0131r\u201d dedi.<\/p>\n<p style=\"text-align: justify;\"><a href=\"http:\/\/haber.gazetevatan.com\/yargitay-savcilarini-yeni-bassavci-istememis\/384611\/1\/Gundem\" target=\"_blank\">Kaynak : VATAN Gazetesi<\/a><\/p>\n","protected":false},"excerpt":{"rendered":"<p style=\"text-align: center;\">\n<p style=\"text-align: justify;\">32 il ve 52 il\u00e7enin ba\u015fsavc\u0131s\u0131 de\u011fi\u015fti. 40 YARSAV \u00fcyesi istemedi\u011fi yere g\u00f6nderildi.<\/p>\n<p style=\"text-align: justify;\">Yeni Ba\u015fsavc\u0131 Hasan Erbil\u2019in HSYK\u2019ya \u00e7al\u0131\u015fmak istemedi\u011fi savc\u0131lar\u0131n yer ald\u0131\u011f\u0131 bir liste verdi\u011fi ortaya \u00e7\u0131kt\u0131.<\/p>\n<p style=\"text-align: justify;\">HSYK\u2019NIN Adli ve \u0130dari Yarg\u0131 Yaz Kararnamesi ile ba\u015fsavc\u0131l\u0131klar ve ba\u015fsavc\u0131 vekilliklerinde kapsaml\u0131 de\u011fi\u015fimler oldu. Bir\u00e7ok ba\u015fsavc\u0131 ve <\/p>\n","protected":false},"author":1,"featured_media":0,"comment_status":"open","ping_status":"closed","sticky":false,"template":"","format":"standard","meta":{"footnotes":""},"categories":[105],"tags":[],"class_list":["post-34924","post","type-post","status-publish","format-standard","hentry","category-gundem","odd"],"_links":{"self":[{"href":"http:\/\/www.korhanyilmaz.com\/index.php?rest_route=\/wp\/v2\/posts\/34924","targetHints":{"allow":["GET"]}}],"collection":[{"href":"http:\/\/www.korhanyilmaz.com\/index.php?rest_route=\/wp\/v2\/posts"}],"about":[{"href":"http:\/\/www.korhanyilmaz.com\/index.php?rest_route=\/wp\/v2\/types\/post"}],"author":[{"embeddable":true,"href":"http:\/\/www.korhanyilmaz.com\/index.php?rest_route=\/wp\/v2\/users\/1"}],"replies":[{"embeddable":true,"href":"http:\/\/www.korhanyilmaz.com\/index.php?rest_route=%2Fwp%2Fv2%2Fcomments&post=34924"}],"version-history":[{"count":0,"href":"http:\/\/www.korhanyilmaz.com\/index.php?rest_route=\/wp\/v2\/posts\/34924\/revisions"}],"wp:attachment":[{"href":"http:\/\/www.korhanyilmaz.com\/index.php?rest_route=%2Fwp%2Fv2%2Fmedia&parent=34924"}],"wp:term":[{"taxonomy":"category","embeddable":true,"href":"http:\/\/www.korhanyilmaz.com\/index.php?rest_route=%2Fwp%2Fv2%2Fcategories&post=34924"},{"taxonomy":"post_tag","embeddable":true,"href":"http:\/\/www.korhanyilmaz.com\/index.php?rest_route=%2Fwp%2Fv2%2Ftags&post=34924"}],"curies":[{"name":"wp","href":"https:\/\/api.w.org\/{rel}","templated":true}]}}