{"id":34917,"date":"2011-06-20T13:25:35","date_gmt":"2011-06-20T10:25:35","guid":{"rendered":"http:\/\/www.korhanyilmaz.com\/?p=34917"},"modified":"2011-07-10T23:49:17","modified_gmt":"2011-07-10T20:49:17","slug":"yemin-ederiz-ama-bagli-da-kalmayiz","status":"publish","type":"post","link":"http:\/\/www.korhanyilmaz.com\/?p=34917","title":{"rendered":"&#8216;Yemin ederiz ama ba\u011fl\u0131 da kalmay\u0131z&#8217;"},"content":{"rendered":"<p style=\"text-align: center;\"><a href=\"http:\/\/www.korhanyilmaz.com\/wp-content\/uploads\/2011\/06\/0971.jpg\"  class=\"lightview\"><img loading=\"lazy\" decoding=\"async\" class=\"aligncenter size-full wp-image-34920\" src=\"http:\/\/www.korhanyilmaz.com\/wp-content\/uploads\/2011\/06\/0971.jpg\" alt=\"\" width=\"420\" height=\"210\" \/><\/a><\/p>\n<p style=\"text-align: justify;\">BDP\u2019li \u015eerafettin El\u00e7i, Meclis\u2019teki yemin t\u00f6reninde \u2018kriz olu\u015fturmak\u2019 istemediklerini s\u00f6yledi; bulduklar\u0131 form\u00fcl\u00fc de bu s\u00f6zlerle \u00f6zetledi.<\/p>\n<p style=\"text-align: justify;\">BDP bu kez TBMM\u2019de kriz \u00e7\u0131karmayacaklar\u0131n\u0131, ancak edecekleri yemine de ba\u011fl\u0131 kalmayacaklar\u0131n\u0131 \u015fimdiden ilan etti. Diyarbak\u0131r\u2019dan ba\u011f\u0131ms\u0131z milletvekili olan \u015eerafettin El\u00e7i, \u201cMilletvekili yemini \u0131rk\u00e7\u0131, fa\u015fizan, T\u00fcrk \u015foven anlay\u0131\u015f\u0131yla haz\u0131rlanm\u0131\u015f. G\u00fcr\u00fclt\u00fc pat\u0131rt\u0131 \u00e7\u0131kartma niyetimiz yok. K\u00fcrs\u00fcden o yemini okuruz. Ama ba\u011fl\u0131 kalmay\u0131z\u201d dedi. <!--more--><\/p>\n<p style=\"text-align: justify;\">KCK davas\u0131ndan tutukluyken milletvekili se\u00e7ilen arkada\u015flar\u0131n\u0131n serbest b\u0131rak\u0131lmamalar\u0131 halinde TBMM\u2019ye gelmeyeceklerini ve Meclis\u2019i tan\u0131mayacaklar\u0131n\u0131 ilan eden BDP destekli ba\u011f\u0131ms\u0131z milletvekillerinden, \u015fimdi de \u201cyemin itiraz\u0131\u201d geldi. Yemin t\u00f6renine kat\u0131lmalar\u0131 halinde Anayasa\u2019da yer alan milletvekili and\u0131n\u0131 herhangi bir \u015fekilde de\u011fi\u015ftirmeden aynen okuyup, yemin t\u00f6reninde herhangi bir tart\u0131\u015fmaya meydan vermeyeceklerini ifade eden ba\u011f\u0131ms\u0131zlardan, \u201cyemini ederiz, ama bizi ba\u011flamaz\u201d \u00e7\u0131k\u0131\u015f\u0131 geldi.<\/p>\n<p style=\"text-align: justify;\"><strong>Metni aynen okuyaca\u011f\u0131z<\/strong><\/p>\n<p style=\"text-align: justify;\">BDP deste\u011fiyle Diyarbak\u0131r\u2019dan ba\u011f\u0131ms\u0131z milletvekili se\u00e7ilen \u015eerafettin El\u00e7i, d\u00fcn se\u00e7im \u00e7al\u0131\u015fmalar\u0131nda kendisine destek olan ekibe Diyarbak\u0131r Yeni\u015fehir Belediyesi\u2019nin piknik alan\u0131nda yemek verdi. El\u00e7i burada yapt\u0131\u011f\u0131 konu\u015fmada, \u201cParlamentoda edilecek yemini kabul etmemiz m\u00fcmk\u00fcn de\u011fil. Bu yemin fa\u015fizan bir anlay\u0131\u015fla, sadece T\u00fcrk \u015foven anlay\u0131\u015f\u0131yla haz\u0131rlanm\u0131\u015f bir yemindir. Hi\u00e7bir zaman bu yemin bizim kabullenece\u011fimiz, benimseyece\u011fimiz, siyasi m\u00fccadele olarak ba\u011fl\u0131 kalaca\u011f\u0131m\u0131z bir yemin de\u011fil. Bunu herkes b\u00f6yle bilsin. Anayasa\u2019n\u0131n tamam\u0131n\u0131 de\u011fi\u015ftirmek istedi\u011fimiz gibi bu yeminin de de\u011fi\u015fmesi i\u00e7in m\u00fccadele verece\u011fiz\u201d dedi.<\/p>\n<p style=\"text-align: justify;\"><strong>Yemin edenler de uymuyor<\/strong><\/p>\n<p style=\"text-align: justify;\">Diyarbak\u0131r\u2019dan yapt\u0131\u011f\u0131 bu a\u00e7\u0131klamayla ilgili VATAN\u2019\u0131n sorular\u0131n\u0131 yan\u0131tlayan El\u00e7i, \u00f6n\u00fcm\u00fczdeki hafta ger\u00e7ekle\u015fmesi beklenen yemin t\u00f6reninde k\u00fcrs\u00fcden Anayasa\u2019daki metni aynen okuyaca\u011f\u0131n\u0131, metin d\u0131\u015f\u0131na \u00e7\u0131kmayaca\u011f\u0131n\u0131 herhangi bir ekleme yapmayaca\u011f\u0131n\u0131 s\u00f6yledi. \u201cYemin metni neyse Anayasa\u2019n\u0131n gere\u011fi neyse onun gere\u011fini yerine getirece\u011fiz. Bununla ilgili bir g\u00fcr\u00fclt\u00fc pat\u0131rt\u0131 \u00e7\u0131kartmaya niyetimiz yok\u201d diyen El\u00e7i, yeminin kendisini ba\u011flamayaca\u011f\u0131 y\u00f6n\u00fcndeki g\u00f6r\u00fc\u015f\u00fcn\u00fc tekrar vurgularken, \u201cHi\u00e7 kimse de bu metni savunamaz. Zaten hi\u00e7 kimse ba\u011fl\u0131 de\u011fil ki o metne. CHP\u2019liler yemin ediyor, Atat\u00fcrk ilkelerinde devrimcilik yok mu? CHP\u2019nin devrimcili\u011fi mi kald\u0131? Devlet\u00e7ilik var. CHP\u2019liler devlet\u00e7i mi? MHP ve AKP\u2019liler i\u00e7in de ayn\u0131 \u015fey. O yemine kimse ba\u011fl\u0131 de\u011fil. Yemini edenlerin hi\u00e7birisi o yeminin gere\u011fini yerine getirmiyor\u201d \u015feklinde konu\u015ftu.<\/p>\n<p style=\"text-align: justify;\"><strong>Sak\u0131k da destek verdi<\/strong><\/p>\n<p style=\"text-align: justify;\">BDP destekli Ba\u011f\u0131ms\u0131z Milletvekili S\u0131rr\u0131 Sak\u0131k da El\u00e7i\u2019nin g\u00f6r\u00fc\u015flerine destek verdi. Yemin t\u00f6reninde herhangi bir olay \u00e7\u0131kartmayacaklar\u0131n\u0131 vurgulayan Sak\u0131k, \u201c1991\u2019de de yeminin herkesi kucaklamad\u0131\u011f\u0131n\u0131 \u0131rk\u00e7\u0131 bir yemin oldu\u011funu s\u00f6ylemi\u015ftik. Halen bu g\u00f6r\u00fc\u015f\u00fcm\u00fcz devam ediyor. D\u00fcnya de\u011fi\u015fiyor T\u00fcrkiye de\u011fi\u015fmiyor. Bizim verdi\u011fimiz kavgan\u0131n nedeni de bu \u00e7o\u011fulculuk yok, i\u00e7inde tek kimlik var. Sorunlar\u0131m\u0131z\u0131 \u00e7\u00f6zmeyen bu i\u015fte. Toplumun her kesimini kucaklayacak bir toplumsal s\u00f6zle\u015fme niteli\u011finde Anayasa de\u011fi\u015fsin diyoruz\u201d dedi.<\/p>\n<p style=\"text-align: justify;\"><strong>DYP\u2019deyken etmi\u015fti \u015fimdi ne de\u011fi\u015fti?<\/strong><\/p>\n<p style=\"text-align: justify;\">TBMM eski Ba\u015fkanlar\u0131ndan \u0130smet Sezgin ise, \u015eerafettin El\u00e7i\u2019nin \u201cyemin bizi ba\u011flamaz\u201d \u00e7\u0131k\u0131\u015f\u0131yla ilgili VATAN\u2019a \u015funlar\u0131 s\u00f6yledi: \u201c\u015eerafettin El\u00e7i Bey DYP Milletvekili olarak bu yemini yapt\u0131lar. Bu yemin \u00e7er\u00e7evesinde g\u00f6revlerini ifa ettiler. O tarihten bu yana ne ge\u00e7ti ki bu yeminin gere\u011fini yapmayaca\u011f\u0131m diyebiliyor. Yemine uymayaca\u011f\u0131m demeyi yak\u0131\u015ft\u0131ramad\u0131m.\u201d<\/p>\n<p style=\"text-align: justify;\"><strong>\u0130\u015eTE BDP\u2019N\u0130N TEPK\u0130 G\u00d6STERD\u0130\u011e\u0130 S\u00d6ZLER<\/strong><\/p>\n<p style=\"text-align: justify;\">82\u2019de yemine \u2018<strong>B\u00fcy\u00fck T\u00fcrk milleti<\/strong>\u2019 eklendi<\/p>\n<p style=\"text-align: justify;\">1982 Anayasa\u2019s\u0131yla, milletvekilinin yemin metninde kapsaml\u0131 de\u011fi\u015fiklik yap\u0131ld\u0131. Yemin metnine \u201cAtat\u00fcrk ilke ve ink\u0131laplar\u0131na ba\u011fl\u0131 kalma\u201d, \u201cAnayasa\u2019ya sadakatten ay\u0131rlamama\u201d ve \u201cB\u00fcy\u00fck T\u00fcrk Milleti \u00f6n\u00fcnde\u201d ifadeleri 82 Anayasas\u0131 ile konuldu.<\/p>\n<p style=\"text-align: justify;\">BDP k\u00f6kenli ba\u011f\u0131ms\u0131z milletvekillerinin \u201cetnik kimlikten s\u0131yr\u0131lmas\u0131n\u0131\u201d istedi\u011fi yemin metni 1961 Anayasas\u0131\u2019nda \u015f\u00f6yleydi: \u201cDevletin ba\u011f\u0131ms\u0131zl\u0131\u011f\u0131n\u0131, vatan\u0131n ve milletin b\u00fct\u00fcnl\u00fc\u011f\u00fcn\u00fc koruyaca\u011f\u0131ma; milletin kay\u0131ts\u0131z \u015farts\u0131z egemenli\u011fine, demokratik ve laik cumhuriyet ilkelerine ba\u011fl\u0131 kalaca\u011f\u0131ma ve halk\u0131n mutlulu\u011fu i\u00e7in \u00e7al\u0131\u015faca\u011f\u0131ma namusum \u00fczerine s\u00f6z veririm.\u201d<\/p>\n<p style=\"text-align: justify;\"><strong>Zana\u2019n\u0131n K\u00fcrt\u00e7e yemini Meclis\u2019i aya\u011fa kald\u0131rm\u0131\u015ft\u0131<\/strong><\/p>\n<p style=\"text-align: justify;\"><a href=\"http:\/\/www.korhanyilmaz.com\/wp-content\/uploads\/2011\/06\/098.jpg\"  class=\"lightview\"><img loading=\"lazy\" decoding=\"async\" class=\"alignleft size-full wp-image-34918\" style=\"margin-left: 10px; margin-right: 10px;\" src=\"http:\/\/www.korhanyilmaz.com\/wp-content\/uploads\/2011\/06\/098.jpg\" alt=\"\" width=\"250\" height=\"167\" \/><\/a>Leyla Zana, 1991 y\u0131l\u0131nda TBMM k\u00fcrs\u00fcs\u00fcne ba\u015f\u0131nda \u2018sar\u0131-ye\u015fil-k\u0131rm\u0131z\u0131\u2019 bir bantla \u00e7\u0131km\u0131\u015f, yeminin sonunda K\u00fcrt\u00e7e, \u201cBu yemini T\u00fcrk ve K\u00fcrt halklar\u0131n\u0131n karde\u015fli\u011fi i\u00e7in ediyorum\u201d demi\u015fti. \u0130lk K\u00fcrt kad\u0131n Milletvekili olarak TBMM k\u00fcrs\u00fcs\u00fcne \u00e7\u0131kan Zana, yemini K\u00fcrt\u00e7e edince, Parlamento birbirine girmi\u015f, k\u0131z\u0131lca k\u0131yamet kopmu\u015ftu.<\/p>\n<p style=\"text-align: justify;\"><strong>Dicle savunmas\u0131n\u0131 s\u00f6zl\u00fc yapacak<\/strong><\/p>\n<p style=\"text-align: justify;\">Se\u00e7imde ald\u0131\u011f\u0131 oylarla Diyarbak\u0131r ba\u011f\u0131ms\u0131z milletvekili se\u00e7ilerek mazbatas\u0131n\u0131 alan Hatip Dicle, hakk\u0131ndaki hapis cezas\u0131 nedeniyle YSK(Y\u00fcksek Se\u00e7im Kurulu)\u2019n\u0131n istedi\u011fi savunmay\u0131 bug\u00fcn veya yar\u0131n s\u00f6zl\u00fc olarak yapacak. Avukat\u0131 Fethi G\u00fcm\u00fc\u015f\u2019\u00fcn verdi\u011fi bilgiye g\u00f6re Dicle\u2019nin savunmas\u0131n\u0131 avukatlar\u0131yla birlikte s\u00f6zl\u00fc olarak yapma talebi kabul edildi. Se\u00e7imin kesin sonu\u00e7lar\u0131n\u0131 yar\u0131n ya da Per\u015fembe g\u00fcn\u00fc a\u00e7\u0131klayaca\u011f\u0131n\u0131 bildiren YSK\u2019n\u0131n da bu s\u00fcre zarf\u0131nda Dicle ile ilgili kritik karar\u0131 verece\u011fi belirtildi.<\/p>\n<p style=\"text-align: justify;\"><strong>Yemin t\u00f6reni haftaya<\/strong><\/p>\n<p style=\"text-align: justify;\">24. D\u00f6nem parlamentosunun yemin t\u00f6reni haftaya kald\u0131. TBMM Ba\u015fkanl\u0131\u011f\u0131\u2019n\u0131n se\u00e7im sonras\u0131 haz\u0131rlad\u0131\u011f\u0131 taslak programda milletvekillerinin yemin edece\u011fi 24. d\u00f6nem parlamentosunun ilk birle\u015fiminin 24 Haziran\u2019da yap\u0131lmas\u0131 planlanm\u0131\u015ft\u0131. Ancak kesin sonu\u00e7lar\u0131n YSK\u2019ca ilan\u0131 gecikince, yemin t\u00f6reninin tarihi de sarkt\u0131. YSK Ba\u015fkan\u0131 Ali Em, se\u00e7imin kesin sonu\u00e7lar\u0131n\u0131 yar\u0131n veya Per\u015fembe g\u00fcn\u00fc ilan edeceklerini bildirdi. Buna g\u00f6re milletvekilleri YSK sonu\u00e7lar\u0131 22 Haziran\u2019da ilan ederse 27 Haziran Pazartesi, Per\u015fembe a\u00e7\u0131klarsa 28 Haziran Sal\u0131 g\u00fcn\u00fc yemin i\u00e7in k\u00fcrs\u00fcde olacak.<\/p>\n<p style=\"text-align: justify;\"><a href=\"http:\/\/haber.gazetevatan.com\/yemin-ederiz-ama-bagli-da-kalmayiz\/384535\/9\/Siyaset\" target=\"_blank\">Kaynak : \u015eebnem Ho\u015fg\u00f6r &#8211; VATAN Gazetesi<\/a><\/p>\n","protected":false},"excerpt":{"rendered":"<p style=\"text-align: center;\">\n<p style=\"text-align: justify;\">BDP\u2019li \u015eerafettin El\u00e7i, Meclis\u2019teki yemin t\u00f6reninde \u2018kriz olu\u015fturmak\u2019 istemediklerini s\u00f6yledi; bulduklar\u0131 form\u00fcl\u00fc de bu s\u00f6zlerle \u00f6zetledi.<\/p>\n<p style=\"text-align: justify;\">BDP bu kez TBMM\u2019de kriz \u00e7\u0131karmayacaklar\u0131n\u0131, ancak edecekleri yemine de ba\u011fl\u0131 kalmayacaklar\u0131n\u0131 \u015fimdiden ilan etti. Diyarbak\u0131r\u2019dan ba\u011f\u0131ms\u0131z milletvekili olan \u015eerafettin El\u00e7i, \u201cMilletvekili yemini \u0131rk\u00e7\u0131, fa\u015fizan, T\u00fcrk \u015foven anlay\u0131\u015f\u0131yla haz\u0131rlanm\u0131\u015f. G\u00fcr\u00fclt\u00fc pat\u0131rt\u0131 \u00e7\u0131kartma <\/p>\n","protected":false},"author":1,"featured_media":0,"comment_status":"open","ping_status":"closed","sticky":false,"template":"","format":"standard","meta":{"footnotes":""},"categories":[105],"tags":[],"class_list":["post-34917","post","type-post","status-publish","format-standard","hentry","category-gundem","odd"],"_links":{"self":[{"href":"http:\/\/www.korhanyilmaz.com\/index.php?rest_route=\/wp\/v2\/posts\/34917","targetHints":{"allow":["GET"]}}],"collection":[{"href":"http:\/\/www.korhanyilmaz.com\/index.php?rest_route=\/wp\/v2\/posts"}],"about":[{"href":"http:\/\/www.korhanyilmaz.com\/index.php?rest_route=\/wp\/v2\/types\/post"}],"author":[{"embeddable":true,"href":"http:\/\/www.korhanyilmaz.com\/index.php?rest_route=\/wp\/v2\/users\/1"}],"replies":[{"embeddable":true,"href":"http:\/\/www.korhanyilmaz.com\/index.php?rest_route=%2Fwp%2Fv2%2Fcomments&post=34917"}],"version-history":[{"count":0,"href":"http:\/\/www.korhanyilmaz.com\/index.php?rest_route=\/wp\/v2\/posts\/34917\/revisions"}],"wp:attachment":[{"href":"http:\/\/www.korhanyilmaz.com\/index.php?rest_route=%2Fwp%2Fv2%2Fmedia&parent=34917"}],"wp:term":[{"taxonomy":"category","embeddable":true,"href":"http:\/\/www.korhanyilmaz.com\/index.php?rest_route=%2Fwp%2Fv2%2Fcategories&post=34917"},{"taxonomy":"post_tag","embeddable":true,"href":"http:\/\/www.korhanyilmaz.com\/index.php?rest_route=%2Fwp%2Fv2%2Ftags&post=34917"}],"curies":[{"name":"wp","href":"https:\/\/api.w.org\/{rel}","templated":true}]}}