{"id":34910,"date":"2011-06-20T22:10:49","date_gmt":"2011-06-20T19:10:49","guid":{"rendered":"http:\/\/www.korhanyilmaz.com\/?p=34910"},"modified":"2011-07-10T22:49:43","modified_gmt":"2011-07-10T19:49:43","slug":"baykal-ve-savin-yollari-kesisti","status":"publish","type":"post","link":"http:\/\/www.korhanyilmaz.com\/?p=34910","title":{"rendered":"Baykal ve Sav&#8217;\u0131n yollar\u0131 kesi\u015fti!"},"content":{"rendered":"<p style=\"text-align: center;\"><a href=\"http:\/\/www.korhanyilmaz.com\/wp-content\/uploads\/2011\/06\/095.jpg\"  class=\"lightview\"><img loading=\"lazy\" decoding=\"async\" class=\"aligncenter size-full wp-image-34911\" src=\"http:\/\/www.korhanyilmaz.com\/wp-content\/uploads\/2011\/06\/095.jpg\" alt=\"\" width=\"307\" height=\"236\" \/><\/a><\/p>\n<p style=\"text-align: justify;\">Ne g\u00f6r\u00fc\u015ft\u00fcler, ne kar\u015f\u0131la\u015ft\u0131lar. Ama a\u00e7\u0131klamalar\u0131 onlar\u0131 ayn\u0131 noktada bulu\u015fturdu. Deniz Baykal ve \u00d6nder Sav. Hedefleri, liderin de\u011fil, ama parti y\u00f6netiminin de\u011fi\u015ftirilece\u011fi ola\u011fan\u00fcst\u00fc kurultay. \u0130mzalar\u0131n yar\u0131ndan itibaren toplanaca\u011f\u0131 belirtiliyor. G\u00fcrsel Tekin&#8217;in hedefte oldu\u011fu s\u00f6ylenen imza hareketi \u00f6ncesinde, Deniz Baykal yak\u0131n \u00e7evresine &#8220;g\u00fcnah ke\u00e7isi aramaya gerek yok, partide herkese yer var &#8220;dedi.<!--more--><\/p>\n<p style=\"text-align: justify;\">\u00c7ok de\u011fil birka\u00e7 g\u00fcn \u00f6nce CHP lideri kurultay \u00e7a\u011fr\u0131lar\u0131na bu yan\u0131t\u0131 verdi.<\/p>\n<p style=\"text-align: justify;\">Parti y\u00f6netiminin kurultay gibi bir niyeti olmad\u0131\u011f\u0131n\u0131n alt\u0131n\u0131 kal\u0131n \u00e7izgilerle \u00e7izerek.<\/p>\n<p style=\"text-align: justify;\">Ve bu a\u00e7\u0131klamadan k\u0131sa bir s\u00fcre sonra da hem Deniz Baykal cephesi, hem de \u00d6nder Sav cephesi harekete ge\u00e7ti.<\/p>\n<p style=\"text-align: justify;\">Asl\u0131nda Baykal ile \u00d6nder Sav ne y\u00fczy\u00fcze g\u00f6r\u00fc\u015ft\u00fc. Ne de telefonda.<\/p>\n<p style=\"text-align: justify;\">Ama ikisinin hem kamuoyuna hem de yak\u0131n \u00e7evrelerine yapt\u0131klar\u0131 a\u00e7\u0131klama , ortak hareketi do\u011furdu.<\/p>\n<p style=\"text-align: justify;\">CHP liderini kapsayan bir tart\u0131\u015fma olmas\u0131n. Kurultaya gidilsin, lider i\u00e7in de\u011fil, parti y\u00f6netimi i\u00e7in gidilsin.<\/p>\n<p style=\"text-align: justify;\">Yani her iki kesime g\u00f6re de parti y\u00f6netimi de\u011fi\u015fmeli.<\/p>\n<p style=\"text-align: justify;\">CHP&#8217;nin eski genel ba\u015fkan\u0131 Deniz Baykal yak\u0131n \u00e7evresine yapt\u0131\u011f\u0131 de\u011ferlendirmede &#8220;Parti Meclisi \u00e7ar\u015faf liste ile belirlenmeli&#8221; dedi.<\/p>\n<p style=\"text-align: justify;\">Hedefin G\u00fcrsel Tekin olup olmad\u0131\u011f\u0131na ise &#8220;g\u00fcnah ke\u00e7isi aramaya gerek yok, onlar\u0131n partide yeri yok diye bir \u015fey yok. partide herkese yer var&#8221; yorumunu yapt\u0131.<\/p>\n<p style=\"text-align: justify;\">Hedefi, Parti Meclisi&#8217;ni de\u011fi\u015ftirme olan, kurultay i\u00e7in imza toplama s\u00fcreci 21 Haziran Sal\u0131 g\u00fcn\u00fc ba\u015fl\u0131yor.<\/p>\n<p style=\"text-align: justify;\">CHP&#8217;nin muhalif kanad\u0131ndaki iki isim Mustafa \u00d6zy\u00fcrek ve Kemal Anadol, CNN T\u00dcRK&#8217;e konu\u015ftular; hedeflerini de 700 imza olarak a\u00e7\u0131klad\u0131lar.<\/p>\n<p style=\"text-align: justify;\">Zaten 650 imzay\u0131 bulurlarsa 15 g\u00fcn i\u00e7inde ola\u011fan\u00fcst\u00fc kurultay toplanacak.<\/p>\n<p style=\"text-align: justify;\"><a href=\"http:\/\/www.cnnturk.com\/2011\/turkiye\/06\/20\/baykal.ve.savin.yollari.kesisti\/620652.0\/index.html\" target=\"_blank\">Kaynak : CNN T\u00dcRK<\/a><\/p>\n","protected":false},"excerpt":{"rendered":"<p style=\"text-align: center;\">\n<p style=\"text-align: justify;\">Ne g\u00f6r\u00fc\u015ft\u00fcler, ne kar\u015f\u0131la\u015ft\u0131lar. Ama a\u00e7\u0131klamalar\u0131 onlar\u0131 ayn\u0131 noktada bulu\u015fturdu. Deniz Baykal ve \u00d6nder Sav. Hedefleri, liderin de\u011fil, ama parti y\u00f6netiminin de\u011fi\u015ftirilece\u011fi ola\u011fan\u00fcst\u00fc kurultay. \u0130mzalar\u0131n yar\u0131ndan itibaren toplanaca\u011f\u0131 belirtiliyor. G\u00fcrsel Tekin&#8217;in hedefte oldu\u011fu s\u00f6ylenen imza hareketi \u00f6ncesinde, Deniz Baykal yak\u0131n \u00e7evresine &#8220;g\u00fcnah ke\u00e7isi aramaya gerek yok, partide herkese yer var <\/p>\n","protected":false},"author":1,"featured_media":0,"comment_status":"open","ping_status":"closed","sticky":false,"template":"","format":"standard","meta":{"footnotes":""},"categories":[105],"tags":[],"class_list":["post-34910","post","type-post","status-publish","format-standard","hentry","category-gundem","odd"],"_links":{"self":[{"href":"http:\/\/www.korhanyilmaz.com\/index.php?rest_route=\/wp\/v2\/posts\/34910","targetHints":{"allow":["GET"]}}],"collection":[{"href":"http:\/\/www.korhanyilmaz.com\/index.php?rest_route=\/wp\/v2\/posts"}],"about":[{"href":"http:\/\/www.korhanyilmaz.com\/index.php?rest_route=\/wp\/v2\/types\/post"}],"author":[{"embeddable":true,"href":"http:\/\/www.korhanyilmaz.com\/index.php?rest_route=\/wp\/v2\/users\/1"}],"replies":[{"embeddable":true,"href":"http:\/\/www.korhanyilmaz.com\/index.php?rest_route=%2Fwp%2Fv2%2Fcomments&post=34910"}],"version-history":[{"count":0,"href":"http:\/\/www.korhanyilmaz.com\/index.php?rest_route=\/wp\/v2\/posts\/34910\/revisions"}],"wp:attachment":[{"href":"http:\/\/www.korhanyilmaz.com\/index.php?rest_route=%2Fwp%2Fv2%2Fmedia&parent=34910"}],"wp:term":[{"taxonomy":"category","embeddable":true,"href":"http:\/\/www.korhanyilmaz.com\/index.php?rest_route=%2Fwp%2Fv2%2Fcategories&post=34910"},{"taxonomy":"post_tag","embeddable":true,"href":"http:\/\/www.korhanyilmaz.com\/index.php?rest_route=%2Fwp%2Fv2%2Ftags&post=34910"}],"curies":[{"name":"wp","href":"https:\/\/api.w.org\/{rel}","templated":true}]}}