{"id":34905,"date":"2011-06-20T19:20:06","date_gmt":"2011-06-20T16:20:06","guid":{"rendered":"http:\/\/www.korhanyilmaz.com\/?p=34905"},"modified":"2011-07-10T23:48:38","modified_gmt":"2011-07-10T20:48:38","slug":"hsykdan-tartisma-yaratacak-karar","status":"publish","type":"post","link":"http:\/\/www.korhanyilmaz.com\/?p=34905","title":{"rendered":"HSYK&#8217;dan tart\u0131\u015fma yaratacak karar"},"content":{"rendered":"<p style=\"text-align: center;\"><a href=\"http:\/\/www.korhanyilmaz.com\/wp-content\/uploads\/2011\/06\/094.jpg\"  class=\"lightview\"><img loading=\"lazy\" decoding=\"async\" class=\"aligncenter size-full wp-image-34906\" src=\"http:\/\/www.korhanyilmaz.com\/wp-content\/uploads\/2011\/06\/094.jpg\" alt=\"\" width=\"292\" height=\"151\" \/><\/a><\/p>\n<p style=\"text-align: justify;\">\u0130stanbul Cumhuriyet Ba\u015fsavc\u0131vekili H\u00fcseyin Y\u0131ld\u0131z, Hakimler ve Savc\u0131lar Y\u00fcksek Kurulu (HSYK), 2011 y\u0131l\u0131 \u0130dari ve Adli Yarg\u0131 Yaz Kararnamesi ile Bak\u0131rk\u00f6y Cumhuriyet Savc\u0131l\u0131\u011f\u0131&#8217;na d\u00fcz savc\u0131 olarak g\u00f6revlendirildi. Savc\u0131 Y\u0131ld\u0131z&#8217;\u0131n, HSYK&#8217;n\u0131n karar\u0131yla 9 y\u0131ll\u0131k ba\u015fsavc\u0131vekilli\u011finden sonra d\u00fcz savc\u0131 olarak g\u00f6revlendirilmesine itiraz edece\u011fi \u00f6\u011frenildi. <!--more--><\/p>\n<p style=\"text-align: justify;\">HSYK&#8217;nin son \u0130dari ve Adli Yarg\u0131 Kararnamesi kapsam\u0131ndaki g\u00f6revlendirmeyi tenzil-i r\u00fctbe olarak de\u011ferlendirdi\u011fi \u00f6\u011frenilen \u0130stanbul Cumhuriyet Ba\u015fsavc\u0131vekili H\u00fcseyin Y\u0131ld\u0131z&#8217;\u0131n, g\u00f6revlendirmeye ili\u015fkin herhangi bir talebi ya da hakk\u0131nda herhangi bir soru\u015fturma olmad\u0131\u011f\u0131 belirtildi.<\/p>\n<p style=\"text-align: justify;\"><strong>Savc\u0131 Y\u0131ld\u0131z&#8217;\u0131n g\u00f6rev yerleri<\/strong><\/p>\n<p style=\"text-align: justify;\">59 ya\u015f\u0131ndaki Ba\u015fsavc\u0131vekili H\u00fcseyin Y\u0131ld\u0131z, Anadolu&#8217;nun \u00e7e\u015fitli illerinde Cumhuriyet Savc\u0131s\u0131 olarak g\u00f6rev ald\u0131ktan sonra 1995&#8217;te Fethiye Cumhuriyet Ba\u015fsavc\u0131l\u0131\u011f\u0131 g\u00f6revini yapt\u0131. \u0130stanbul Cumhuriyet Savc\u0131s\u0131 olarak atanan H\u00fcseyin Y\u0131ld\u0131z, 2002 y\u0131l\u0131ndan bu yana \u0130stanbul Cumhuriyet Ba\u015fsavc\u0131vekili olarak g\u00f6rev yap\u0131yordu. Ayr\u0131ca \u0130stanbul ba\u015fsavc\u0131vekilllerinden Fuat Ar\u0131&#8217;n\u0131n da B\u00fcy\u00fck\u00e7ekmece Cumhuriyet Ba\u015fsavc\u0131s\u0131 olarak atamas\u0131 yap\u0131ld\u0131. Ba\u015fsavc\u0131vekilleri H\u00fcseyin Y\u0131ld\u0131z ve Fuat Ar\u0131&#8217;dan bo\u015falan yerlere \u0130stanbul Cumhuriyet Savc\u0131l\u0131\u011f\u0131&#8217;nda \u0130nfaz Savc\u0131s\u0131 olarak g\u00f6rev yapan Oktay Erdo\u011fan ile Bak\u0131rk\u00f6y Cumhuriyet Savc\u0131s\u0131 Ali Cengiz Hac\u0131osmano\u011flu atand\u0131.<\/p>\n<p style=\"text-align: justify;\"><a href=\"http:\/\/www.cnnturk.com\/2011\/turkiye\/06\/20\/hsykdan.tartisma.yaratacak.karar\/620714.0\/index.html\" target=\"_blank\">Kaynak : CNN T\u00dcRK<\/a><\/p>\n","protected":false},"excerpt":{"rendered":"<p style=\"text-align: center;\">\n<p style=\"text-align: justify;\">\u0130stanbul Cumhuriyet Ba\u015fsavc\u0131vekili H\u00fcseyin Y\u0131ld\u0131z, Hakimler ve Savc\u0131lar Y\u00fcksek Kurulu (HSYK), 2011 y\u0131l\u0131 \u0130dari ve Adli Yarg\u0131 Yaz Kararnamesi ile Bak\u0131rk\u00f6y Cumhuriyet Savc\u0131l\u0131\u011f\u0131&#8217;na d\u00fcz savc\u0131 olarak g\u00f6revlendirildi. Savc\u0131 Y\u0131ld\u0131z&#8217;\u0131n, HSYK&#8217;n\u0131n karar\u0131yla 9 y\u0131ll\u0131k ba\u015fsavc\u0131vekilli\u011finden sonra d\u00fcz savc\u0131 olarak g\u00f6revlendirilmesine itiraz edece\u011fi \u00f6\u011frenildi. <\/p>\n","protected":false},"author":1,"featured_media":0,"comment_status":"open","ping_status":"closed","sticky":false,"template":"","format":"standard","meta":{"footnotes":""},"categories":[105],"tags":[],"class_list":["post-34905","post","type-post","status-publish","format-standard","hentry","category-gundem","odd"],"_links":{"self":[{"href":"http:\/\/www.korhanyilmaz.com\/index.php?rest_route=\/wp\/v2\/posts\/34905","targetHints":{"allow":["GET"]}}],"collection":[{"href":"http:\/\/www.korhanyilmaz.com\/index.php?rest_route=\/wp\/v2\/posts"}],"about":[{"href":"http:\/\/www.korhanyilmaz.com\/index.php?rest_route=\/wp\/v2\/types\/post"}],"author":[{"embeddable":true,"href":"http:\/\/www.korhanyilmaz.com\/index.php?rest_route=\/wp\/v2\/users\/1"}],"replies":[{"embeddable":true,"href":"http:\/\/www.korhanyilmaz.com\/index.php?rest_route=%2Fwp%2Fv2%2Fcomments&post=34905"}],"version-history":[{"count":0,"href":"http:\/\/www.korhanyilmaz.com\/index.php?rest_route=\/wp\/v2\/posts\/34905\/revisions"}],"wp:attachment":[{"href":"http:\/\/www.korhanyilmaz.com\/index.php?rest_route=%2Fwp%2Fv2%2Fmedia&parent=34905"}],"wp:term":[{"taxonomy":"category","embeddable":true,"href":"http:\/\/www.korhanyilmaz.com\/index.php?rest_route=%2Fwp%2Fv2%2Fcategories&post=34905"},{"taxonomy":"post_tag","embeddable":true,"href":"http:\/\/www.korhanyilmaz.com\/index.php?rest_route=%2Fwp%2Fv2%2Ftags&post=34905"}],"curies":[{"name":"wp","href":"https:\/\/api.w.org\/{rel}","templated":true}]}}