{"id":34898,"date":"2011-06-20T18:33:48","date_gmt":"2011-06-20T15:33:48","guid":{"rendered":"http:\/\/www.korhanyilmaz.com\/?p=34898"},"modified":"2011-07-10T22:48:37","modified_gmt":"2011-07-10T19:48:37","slug":"cihaner-yuz-karasi-bir-kararname","status":"publish","type":"post","link":"http:\/\/www.korhanyilmaz.com\/?p=34898","title":{"rendered":"Cihaner: Y\u00fcz karas\u0131 bir kararname"},"content":{"rendered":"<p style=\"text-align: center;\"><a href=\"http:\/\/www.korhanyilmaz.com\/wp-content\/uploads\/2011\/06\/093.jpg\"  class=\"lightview\"><img loading=\"lazy\" decoding=\"async\" class=\"aligncenter size-full wp-image-34899\" src=\"http:\/\/www.korhanyilmaz.com\/wp-content\/uploads\/2011\/06\/093.jpg\" alt=\"\" width=\"307\" height=\"236\" \/><\/a><\/p>\n<p style=\"text-align: justify;\">Ergenekon Davas\u0131&#8217;n\u0131n tutuksuz san\u0131klar\u0131ndan Erzincan Eski Ba\u015fsavc\u0131s\u0131 \u0130lhan Cihaner, CHP&#8217;den milletvekili se\u00e7ildi\u011fi Denizli&#8217;de mazbatas\u0131n\u0131 ald\u0131. Cihaner, Hakimler Savc\u0131lar Y\u00fcksek Kurulu&#8217;na (HSYK) a\u011f\u0131r ele\u015ftirilerde bulunarak, &#8220;Hakimler ve Savc\u0131lar Kararnamesi, siyasi iktidar\u0131n HSYK&#8217;y\u0131 nas\u0131l bir mekanizma haline getirdi\u011finin, siyasetin nas\u0131l bir aparat haline getirildi\u011finin en g\u00fczel \u00f6rne\u011fidir. Son yarg\u0131 kararnamesi y\u00fcz karas\u0131 bir kararnamedir&#8221; dedi. <!--more--><\/p>\n<p style=\"text-align: justify;\">Denizli&#8217;den se\u00e7ilen milletvekilleri bug\u00fcn mazbatalar\u0131n\u0131 \u0130l Se\u00e7im Kurulu Ba\u015fkan\u0131 Hakim Necla Akku\u015f&#8217;tan ald\u0131. \u0130lk mazbatay\u0131 MHP Genel ba\u015fkan Yard\u0131mc\u0131s\u0131 ve Denizli Milletvekili Emin Haluk Ayhan ald\u0131. Ayhan, &#8220;MHP se\u00e7im sonu\u00e7lar\u0131n\u0131 de\u011ferlendirmeye devam ediyor. Kongre s\u00fcreci ba\u015flam\u0131\u015ft\u0131r. \u0130ktidar\u0131, muhalefetiyle \u00fclkeye en iyi \u015fekilde hizmet etmek i\u00e7in elimizden geleni yapaca\u011f\u0131z&#8221; dedi.<\/p>\n<p style=\"text-align: justify;\">Ayhan&#8217;\u0131n ayr\u0131lmas\u0131ndan k\u0131sa s\u00fcre sonra CHP&#8217;den milletvekili se\u00e7ilen Adnan Keskin ile \u0130lhan Cihaner se\u00e7im kuruluna geldi. Mazbatas\u0131n\u0131 alan Keskin, 12 y\u0131l sonra siyasete d\u00f6n\u00fc\u015f yapt\u0131\u011f\u0131n\u0131 belirterek, &#8220;T\u00fcrkiye \u00f6n\u00fcm\u00fczdeki s\u00fcre\u00e7te devasa sorunlarla bo\u011fu\u015facak. CHP de tarihi misyonuna uygun \u015fekilde g\u00f6revini yapacakt\u0131r. Ben de partimin ve halk\u0131m\u0131n hizmetinde olaca\u011f\u0131m&#8221; diye konu\u015ftu.<\/p>\n<p style=\"text-align: justify;\"><strong>&#8216;YARSAV ve Yarg\u0131- Sen y\u00f6netimi cezaland\u0131r\u0131ld\u0131&#8217;<\/strong><\/p>\n<p style=\"text-align: justify;\">\u0130lhan Cihaner ise, mazbatas\u0131n\u0131 ald\u0131ktan sonra bas\u0131n mensuplar\u0131na a\u00e7\u0131klamalarda bulundu ve son yarg\u0131 kararnamesini de\u011ferlendirerek, HSYK&#8217;y\u0131 a\u011f\u0131r dille ele\u015ftirdi.<\/p>\n<p style=\"text-align: justify;\">Kendisi hakk\u0131nda soru\u015fturma ba\u015flatan Erzurum \u00f6zel yetkili Cumhuriyet Savc\u0131s\u0131 Osman \u015eanal&#8217;\u0131n son HSYK Kararnamesi ile Antalya&#8217;ya atanmas\u0131 konusundaki soruyu cevapland\u0131ran Cihaner \u015funlar\u0131 s\u00f6yledi:<\/p>\n<p style=\"text-align: justify;\">&#8220;Bu konuda somutla\u015ft\u0131rmadan \u015funu s\u00f6ylemek istiyorum. Hakimler ve Savc\u0131lar Kararnamesi, siyasi iktidar\u0131n HSYK&#8217;y\u0131 nas\u0131l bir mekanizma haline getirdi\u011finin, siyasetin nas\u0131l bir aparat haline getirildi\u011finin en g\u00fczel \u00f6rne\u011fidir. Ba\u015fta YARSAV, Yarg\u0131-Sen ve Demokrat Yarg\u0131 olmak \u00fczere siyasi iktidarla uyu\u015fmayan ne kadar \u00f6rg\u00fctl\u00fc yap\u0131 varsa, \u00f6rg\u00fctlenme yap\u0131s\u0131 i\u00e7inde bulunan dernek, sendika varsa, hepsinin y\u00f6neticileri bi\u00e7ilmi\u015f durumda. Uluslararas\u0131 s\u00f6zle\u015fme ve teamm\u00fcllere, yerle\u015fik uygulamalara, liyakata ters d\u00fc\u015fecek bir \u00e7ok atama yap\u0131ld\u0131. YARSAV&#8217;\u0131n kurucu kadrolar\u0131, Yarg\u0131-Sen&#8217;in kurucu kadrolar\u0131, yeni olu\u015fmu\u015f y\u00f6netim kurulu, bilgileri ve talepleri d\u0131\u015f\u0131nda cezaland\u0131r\u0131ld\u0131 bu kararnameyle. Liyakatlar\u0131yla, k\u0131demleriyle uygunsuz atamalara tabi tutuldular. Anla\u015f\u0131l\u0131yor ki, yarg\u0131y\u0131 \u015fu ana kadar getirdikleri yer bile yeterli gelmiyor siyasi iktidara. Daha da ileriye g\u00f6t\u00fcrmeye \u00e7al\u0131\u015f\u0131yorlar yarg\u0131n\u0131n akla\u015ft\u0131rma s\u00fcrecini, yarg\u0131n\u0131n iktidarla bir hale getirilme s\u00fcrecini. Onun i\u00e7in somutla\u015ft\u0131rmadan s\u00f6yl\u00fcyorum, son yarg\u0131 kararnamesi ger\u00e7ekten y\u00fczkaras\u0131 bir kararname. \u00d6zellikle \u00f6rg\u00fctl\u00fc yap\u0131lara kar\u015f\u0131, \u00f6rg\u00fctlenme \u00f6zg\u00fcrl\u00fc\u011f\u00fcne kar\u015f\u0131 vurulmu\u015f \u00e7ok b\u00fcy\u00fck bir darbedir.&#8221;<\/p>\n<p style=\"text-align: justify;\"><strong>AK Partili vekiller de ald\u0131<\/strong><\/p>\n<p style=\"text-align: justify;\">CHP&#8217;li vekillerin il se\u00e7im kurulundan ayr\u0131lmas\u0131ndan sonra AK Parti Denizli Milletvekilleri Nihat Zeybekci, Mehmet Y\u00fcksel, Nurcan Dalbudak ve Bilal U\u00e7ar, mazbatalar\u0131n\u0131 \u0130l Se\u00e7im Kurulu Ba\u015fkan\u0131 Hakim Necla Akku\u015f&#8217;tan ald\u0131. AKP&#8217;li vekiller, Denizli ve T\u00fcrkiye&#8217;nin daha geli\u015fmesi i\u00e7in \u00e7al\u0131\u015facaklar\u0131n\u0131, halk\u0131n oylar\u0131n\u0131n yar\u0131s\u0131n\u0131n oyunu alan bir partinin mensubu olarak bu y\u00fck\u00fcn sorumlulu\u011fuyla hareket edeceklerini kaydettiler.<\/p>\n<p style=\"text-align: justify;\"><a href=\"http:\/\/www.cnnturk.com\/2011\/turkiye\/06\/20\/cihaner.yuz.karasi.bir.kararname\/620712.0\/index.html\" target=\"_blank\">Kaynak : CNN T\u00dcRK<\/a><\/p>\n","protected":false},"excerpt":{"rendered":"<p style=\"text-align: center;\">\n<p style=\"text-align: justify;\">Ergenekon Davas\u0131&#8217;n\u0131n tutuksuz san\u0131klar\u0131ndan Erzincan Eski Ba\u015fsavc\u0131s\u0131 \u0130lhan Cihaner, CHP&#8217;den milletvekili se\u00e7ildi\u011fi Denizli&#8217;de mazbatas\u0131n\u0131 ald\u0131. Cihaner, Hakimler Savc\u0131lar Y\u00fcksek Kurulu&#8217;na (HSYK) a\u011f\u0131r ele\u015ftirilerde bulunarak, &#8220;Hakimler ve Savc\u0131lar Kararnamesi, siyasi iktidar\u0131n HSYK&#8217;y\u0131 nas\u0131l bir mekanizma haline getirdi\u011finin, siyasetin nas\u0131l bir aparat haline getirildi\u011finin en g\u00fczel \u00f6rne\u011fidir. Son yarg\u0131 kararnamesi y\u00fcz karas\u0131 <\/p>\n","protected":false},"author":1,"featured_media":0,"comment_status":"open","ping_status":"closed","sticky":false,"template":"","format":"standard","meta":{"footnotes":""},"categories":[105],"tags":[],"class_list":["post-34898","post","type-post","status-publish","format-standard","hentry","category-gundem","odd"],"_links":{"self":[{"href":"http:\/\/www.korhanyilmaz.com\/index.php?rest_route=\/wp\/v2\/posts\/34898","targetHints":{"allow":["GET"]}}],"collection":[{"href":"http:\/\/www.korhanyilmaz.com\/index.php?rest_route=\/wp\/v2\/posts"}],"about":[{"href":"http:\/\/www.korhanyilmaz.com\/index.php?rest_route=\/wp\/v2\/types\/post"}],"author":[{"embeddable":true,"href":"http:\/\/www.korhanyilmaz.com\/index.php?rest_route=\/wp\/v2\/users\/1"}],"replies":[{"embeddable":true,"href":"http:\/\/www.korhanyilmaz.com\/index.php?rest_route=%2Fwp%2Fv2%2Fcomments&post=34898"}],"version-history":[{"count":0,"href":"http:\/\/www.korhanyilmaz.com\/index.php?rest_route=\/wp\/v2\/posts\/34898\/revisions"}],"wp:attachment":[{"href":"http:\/\/www.korhanyilmaz.com\/index.php?rest_route=%2Fwp%2Fv2%2Fmedia&parent=34898"}],"wp:term":[{"taxonomy":"category","embeddable":true,"href":"http:\/\/www.korhanyilmaz.com\/index.php?rest_route=%2Fwp%2Fv2%2Fcategories&post=34898"},{"taxonomy":"post_tag","embeddable":true,"href":"http:\/\/www.korhanyilmaz.com\/index.php?rest_route=%2Fwp%2Fv2%2Ftags&post=34898"}],"curies":[{"name":"wp","href":"https:\/\/api.w.org\/{rel}","templated":true}]}}