{"id":34893,"date":"2011-06-20T09:19:01","date_gmt":"2011-06-20T06:19:01","guid":{"rendered":"http:\/\/www.korhanyilmaz.com\/?p=34893"},"modified":"2011-07-10T23:50:18","modified_gmt":"2011-07-10T20:50:18","slug":"kilicdaroglu-stockholm-sendromu-dedi","status":"publish","type":"post","link":"http:\/\/www.korhanyilmaz.com\/?p=34893","title":{"rendered":"K\u0131l\u0131\u00e7daro\u011flu &#8216;Stockholm Sendromu&#8217; dedi!"},"content":{"rendered":"<p style=\"text-align: center;\"><a href=\"http:\/\/www.korhanyilmaz.com\/wp-content\/uploads\/2011\/06\/091.jpg\"  class=\"lightview\"><img loading=\"lazy\" decoding=\"async\" class=\"aligncenter size-full wp-image-34894\" src=\"http:\/\/www.korhanyilmaz.com\/wp-content\/uploads\/2011\/06\/091.jpg\" alt=\"\" width=\"450\" height=\"225\" \/><\/a><\/p>\n<p style=\"text-align: justify;\">CHP lideri Kemal K\u0131l\u0131\u00e7daro\u011flu, AK Parti\u2019nin se\u00e7imde y\u00fczde 50\u2019ye yak\u0131n oy almas\u0131n\u0131 Stockholm Sendromu\u2019na ba\u011flad\u0131.<\/p>\n<p style=\"text-align: justify;\">Se\u00e7imde umdu\u011funu bulamayan CHP\u2019de ge\u00e7ti\u011fimiz hafta yap\u0131lan MYK (Merkez Y\u00fcr\u00fctme Kurulu) toplant\u0131s\u0131nda \u201cStockholm Sendromu\u201dnun ele al\u0131nd\u0131\u011f\u0131 belirtildi. <!--more--><\/p>\n<p style=\"text-align: justify;\">Sendromu toplant\u0131da g\u00fcndeme getiren CHP Genel Ba\u015fkan\u0131 Kemal K\u0131l\u0131\u00e7daro\u011flu, AK Parti\u2019nin ba\u015far\u0131s\u0131n\u0131 buna ba\u011flad\u0131.<\/p>\n<p style=\"text-align: justify;\">Ak\u015fam gazetesinin haberine g\u00f6re; MYK toplant\u0131s\u0131nda Kemal K\u0131l\u0131\u00e7daro\u011flu, mutsuz olmas\u0131na ra\u011fmen AKP\u2019ye oy verenleri \u201cBizi kurtarmay\u0131n\u201d diye polise direnen rehinelere benzetti.<\/p>\n<p style=\"text-align: justify;\"><strong>STOCKHOLM SENDROMU<\/strong><\/p>\n<p style=\"text-align: justify;\">1973 y\u0131l\u0131nda Stockholm&#8217;de Kreditbanken adl\u0131 bankaya giren soyguncular, polis taraf\u0131ndan ku\u015fat\u0131l\u0131nca d\u00f6rt banka \u00e7al\u0131\u015fan\u0131n\u0131 rehin alarak, alt\u0131 g\u00fcn boyunca direnir. Alt\u0131 g\u00fcn\u00fcn sonunda, polis operasyon yapt\u0131\u011f\u0131nda ise beklenmedik bir durumla kar\u015f\u0131la\u015f\u0131l\u0131r. Rehineler, kurtar\u0131lmaya aktif bi\u00e7imde direnir ama kurtar\u0131l\u0131rlar. Sonras\u0131nda rehineler, mahkemede soyguncu aleyhine ifade vermekten ka\u00e7\u0131n\u0131r. Dahas\u0131, aralar\u0131nda para toplay\u0131p soyguncular\u0131n savunmas\u0131na yard\u0131mc\u0131 olur.<\/p>\n<p style=\"text-align: justify;\">Kurban\u0131n kendisini, bask\u0131c\u0131n\u0131n yerine koyup olaylar\u0131 onun g\u00f6z\u00fcnden g\u00f6rmesini anlatan Stockholm Sendromu, bug\u00fcn tarikat \u00fcyeleri, sava\u015f esirleri, aile i\u00e7i \u015fiddet ma\u011fdurlar\u0131 gibi farkl\u0131 durumlarda bir anahtar kavram olarak kullan\u0131l\u0131yor.<\/p>\n<p style=\"text-align: justify;\">1973 y\u0131l\u0131nda Stockholm&#8217;de ya\u015fanan soygun Al Pacino&#8217;nun ba\u015frol\u00fcn\u00fc oynad\u0131\u011f\u0131 1975 yap\u0131m\u0131 Dog Day Afternoon (K\u00f6peklerin G\u00fcn\u00fc) filmine de konu edildi. Film, banka soygununun Brooklyn versiyonunu anlatt\u0131.<\/p>\n<p style=\"text-align: justify;\"><a href=\"http:\/\/haber.gazetevatan.com\/kilicdaroglu-stockholm-sendromu-dedi\/384463\/9\/Siyaset\" target=\"_blank\">Kaynak : VATAN Gazetesi<\/a><\/p>\n","protected":false},"excerpt":{"rendered":"<p style=\"text-align: center;\">\n<p style=\"text-align: justify;\">CHP lideri Kemal K\u0131l\u0131\u00e7daro\u011flu, AK Parti\u2019nin se\u00e7imde y\u00fczde 50\u2019ye yak\u0131n oy almas\u0131n\u0131 Stockholm Sendromu\u2019na ba\u011flad\u0131.<\/p>\n<p style=\"text-align: justify;\">Se\u00e7imde umdu\u011funu bulamayan CHP\u2019de ge\u00e7ti\u011fimiz hafta yap\u0131lan MYK (Merkez Y\u00fcr\u00fctme Kurulu) toplant\u0131s\u0131nda \u201cStockholm Sendromu\u201dnun ele al\u0131nd\u0131\u011f\u0131 belirtildi. <\/p>\n","protected":false},"author":1,"featured_media":0,"comment_status":"open","ping_status":"closed","sticky":false,"template":"","format":"standard","meta":{"footnotes":""},"categories":[105],"tags":[248],"class_list":["post-34893","post","type-post","status-publish","format-standard","hentry","category-gundem","tag-stockholm-sendromu","odd"],"_links":{"self":[{"href":"http:\/\/www.korhanyilmaz.com\/index.php?rest_route=\/wp\/v2\/posts\/34893","targetHints":{"allow":["GET"]}}],"collection":[{"href":"http:\/\/www.korhanyilmaz.com\/index.php?rest_route=\/wp\/v2\/posts"}],"about":[{"href":"http:\/\/www.korhanyilmaz.com\/index.php?rest_route=\/wp\/v2\/types\/post"}],"author":[{"embeddable":true,"href":"http:\/\/www.korhanyilmaz.com\/index.php?rest_route=\/wp\/v2\/users\/1"}],"replies":[{"embeddable":true,"href":"http:\/\/www.korhanyilmaz.com\/index.php?rest_route=%2Fwp%2Fv2%2Fcomments&post=34893"}],"version-history":[{"count":0,"href":"http:\/\/www.korhanyilmaz.com\/index.php?rest_route=\/wp\/v2\/posts\/34893\/revisions"}],"wp:attachment":[{"href":"http:\/\/www.korhanyilmaz.com\/index.php?rest_route=%2Fwp%2Fv2%2Fmedia&parent=34893"}],"wp:term":[{"taxonomy":"category","embeddable":true,"href":"http:\/\/www.korhanyilmaz.com\/index.php?rest_route=%2Fwp%2Fv2%2Fcategories&post=34893"},{"taxonomy":"post_tag","embeddable":true,"href":"http:\/\/www.korhanyilmaz.com\/index.php?rest_route=%2Fwp%2Fv2%2Ftags&post=34893"}],"curies":[{"name":"wp","href":"https:\/\/api.w.org\/{rel}","templated":true}]}}