{"id":34889,"date":"2011-06-20T13:08:58","date_gmt":"2011-06-20T10:08:58","guid":{"rendered":"http:\/\/www.korhanyilmaz.com\/?p=34889"},"modified":"2011-07-10T23:49:48","modified_gmt":"2011-07-10T20:49:48","slug":"kilicdaroglu-hangi-sendrom-icinde","status":"publish","type":"post","link":"http:\/\/www.korhanyilmaz.com\/?p=34889","title":{"rendered":"&#8216;K\u0131l\u0131\u00e7daro\u011flu hangi sendrom i\u00e7inde!&#8217;"},"content":{"rendered":"<p style=\"text-align: center;\"><a href=\"http:\/\/www.korhanyilmaz.com\/wp-content\/uploads\/2011\/06\/090.jpg\"  class=\"lightview\"><img loading=\"lazy\" decoding=\"async\" class=\"aligncenter size-full wp-image-34890\" src=\"http:\/\/www.korhanyilmaz.com\/wp-content\/uploads\/2011\/06\/090.jpg\" alt=\"\" width=\"420\" height=\"210\" \/><\/a><\/p>\n<p style=\"text-align: justify;\">Sanayi ve Ticaret Bakan\u0131 Nihat Erg\u00fcn, CHP Genel Ba\u015fkan\u0131 Kemal K\u0131l\u0131\u00e7daro\u011flu\u2019nun, AK Parti\u2019nin se\u00e7imlerde ald\u0131\u011f\u0131 y\u00fczde 50 oyu Stockholm sendromuna benzetmesi konusunda, &#8220;Ne m\u00fcnasebet, bir banka soygunuyla T\u00fcrkiye\u2019deki se\u00e7imi mukayese etmek? Bunun milli iradeye sayg\u0131yla alakas\u0131 var m\u0131?&#8221; dedi.<!--more--><\/p>\n<p style=\"text-align: justify;\">Erg\u00fcn, TBMM\u2019de kayd\u0131n\u0131 yapt\u0131rd\u0131ktan sonra gazetecilerin sorular\u0131n\u0131 yan\u0131tlad\u0131. Bir gazetecinin &#8220;TBMM \u0130dare Amirli\u011fi, \u00f6nceki d\u00f6nemlerden farkl\u0131 olarak isteyen milletvekilinin odas\u0131nda b\u00f6cek aramas\u0131 yapacakm\u0131\u015f. B\u00f6yle bir \u015fey tercih eder misiniz, arama yapt\u0131r\u0131r m\u0131s\u0131n\u0131z?&#8221; sorusuna kar\u015f\u0131l\u0131k Erg\u00fcn, b\u00f6yle bir i\u015flemin isteyen i\u00e7in her zaman yap\u0131labilece\u011fini s\u00f6yledi. Kendisinin \u015fimdiye kadar b\u00f6yle bir ihtiya\u00e7 hissetmedi\u011fini ifade eden Erg\u00fcn, \u015f\u00f6yle konu\u015ftu:<\/p>\n<p style=\"text-align: justify;\">&#8220;Asl\u0131nda ihtiya\u00e7 olsa da olmasa da beli aral\u0131klarla yap\u0131lmas\u0131nda fayda var. Bug\u00fcn d\u00fcnyada ger\u00e7ekten bir tak\u0131m illegal yap\u0131lanmalar\u0131n baz\u0131 faaliyetler i\u00e7erisinde olmas\u0131 m\u00fcmk\u00fcn. Bu Parlamento, halka a\u00e7\u0131k bir yer, herkesin rahatl\u0131kla milletvekillerinin odas\u0131na gelebildi\u011fi bir yer. Her ne kadar baz\u0131 aramalardan ge\u00e7se de bu t\u00fcr aramalardan ge\u00e7miyor insanlar. Sadece silah ve benzeri aramalardan ge\u00e7ti\u011fi i\u00e7in halka a\u00e7\u0131k mekanlarda zaman zaman milletvekili odalar\u0131nda olumsuz hadiselere rastlamak m\u00fcmk\u00fcn olabilir. Yani talebe ba\u011fl\u0131 olmadan da Meclis Ba\u015fkanl\u0131\u011f\u0131 ve g\u00fcvenlik kuvvetlerinin bu konuda \u00e7al\u0131\u015fma yapan arkada\u015flar\u0131n periyodik arama yapmas\u0131 normal. \u0130ste\u011fe ba\u011fl\u0131 olmadan da yap\u0131labilir.&#8221;<\/p>\n<p style=\"text-align: justify;\"><strong>&#8220;KILI\u00c7DARO\u011eLU\u2019NUN HANG\u0130 SENDROM \u0130\u00c7\u0130NDE OLDU\u011eUNU HESAPLAMASI LAZIM&#8221;<\/strong><\/p>\n<p style=\"text-align: justify;\">Bir gazetecinin, &#8220;Say\u0131n K\u0131l\u0131\u00e7daro\u011flu\u2019nun gazetelere yans\u0131yan a\u00e7\u0131klamas\u0131nda, AK Parti\u2019nin y\u00fczde 50\u2019lik oy oran\u0131n\u0131n Stockholm sendromuna benzetiyor. Bu a\u00e7\u0131klamay\u0131 nas\u0131l buluyorsunuz?&#8221; sorusuna kar\u015f\u0131l\u0131k Erg\u00fcn, &#8220;AK Parti\u2019ye verilen oy oranlar\u0131n\u0131n bir sendromu oldu\u011funu zannetmiyorum ama Say\u0131n K\u0131l\u0131\u00e7daro\u011flu\u2019nun hangi sendrom i\u00e7erisinde oldu\u011funu kendisinin hesaplamas\u0131 laz\u0131m&#8221; dedi.<\/p>\n<p style=\"text-align: justify;\">Bunlar\u0131n se\u00e7im yorgunlu\u011fuyla s\u00f6ylenmi\u015f s\u00f6zler oldu\u011funu, herkesin bir an \u00f6nce se\u00e7im yorgunlu\u011funu atmas\u0131 ve daha sa\u011fl\u0131kl\u0131 d\u00fc\u015f\u00fcnce yap\u0131s\u0131na kavu\u015fmas\u0131gerekti\u011fini kaydeden Erg\u00fcn, \u015f\u00f6yle konu\u015ftu:<\/p>\n<p style=\"text-align: justify;\">&#8220;Belli ki bu yorgunlukla se\u00e7imler, sa\u011fl\u0131kl\u0131 \u015fekilde de\u011ferlendirilemiyor. Sa\u011fl\u0131kl\u0131 de\u011ferlendirmeye ihtiya\u00e7 var. AK Parti\u2019ye oy veren se\u00e7menlerle ilgili&#8230;<\/p>\n<p style=\"text-align: justify;\">Halk\u0131n y\u00fczde 50\u2019si bu. Halk\u0131n y\u00fczde 50\u2019sine kar\u015f\u0131 se\u00e7im zaman\u0131nda da \u00e7ok sayg\u0131s\u0131zca baz\u0131 ifadeler mitinglerde yaz\u0131ld\u0131, konu\u015fuldu. Bunlar, demokraside halkiradesine, millet iradesine sayg\u0131n\u0131n ne kadar zay\u0131f oldu\u011funu g\u00f6steriyor. Demokrasinin c\u00fcmle kap\u0131s\u0131d\u0131r, millet iradesine sayg\u0131. Millet iradesine sayg\u0131 olmadan demokrasi olmaz, demokrasinin di\u011fer yollar\u0131nda ilerleme imkan\u0131 olmaz. \u00d6nce halk\u0131n iradesine sayg\u0131 g\u00f6stermek laz\u0131m. Ne m\u00fcnasebet, Bir banka soygunuyla T\u00fcrkiye\u2019deki se\u00e7imi mukayese etmek? Banka soyguncular\u0131n\u0131n rehin almas\u0131 kar\u015f\u0131s\u0131nda, soygunculara kar\u015f\u0131 sempati duyan bir kesime benzetmek&#8230;Bunun milli iradeye sayg\u0131yla alakas\u0131 var m\u0131? Onun i\u00e7in bu yorgunluklar\u0131n bir an \u00f6nce at\u0131lmas\u0131 icap ediyor. Hala sa\u011fl\u0131kl\u0131 bir de\u011ferlendirmeye ula\u015f\u0131lamad\u0131\u011f\u0131&#8230; Se\u00e7im bitti, halk iradesi tezah\u00fcr etti, art\u0131k ona g\u00f6re konu\u015fmak laz\u0131m, ona g\u00f6re davranmak laz\u0131m.<\/p>\n<p style=\"text-align: justify;\">Biz AK Parti olarak ona g\u00f6re davranmaya \u00e7al\u0131\u015f\u0131yoruz. CHP\u2019ye, MHP\u2019ye, BDP\u2019ye, Parlamentoya giremeyen di\u011fer partilere oy veren vatanda\u015flar\u0131m\u0131z\u0131 bir \u015fekilde itham alt\u0131nda b\u0131rakmak, demokraside var m\u0131 b\u00f6yle bir \u015fey, yak\u0131\u015f\u0131r m\u0131? Dolay\u0131s\u0131yla bizim hepsine sayg\u0131m\u0131z var. Milli irade y\u00fczde 100\u2019d\u00fcr. Biz milli iradenin yar\u0131s\u0131n\u0131 temsil ediyoruz. Evet, iktidar g\u00f6revi bize verildi ama muhalefet g\u00f6revi de demokraside \u00f6nemli bir unsur. Muhalefete oy veren vatanda\u015flar\u0131m\u0131z da son derece \u00f6nemli ve de\u011ferli bir i\u015f yapm\u0131\u015flard\u0131r. Biz onlar\u0131n \u00f6neminin ve de\u011ferinin idrakindeyiz ama muhalefetin de AK Parti\u2019ye oy veren se\u00e7menlerin \u00f6neminin ve de\u011ferinin idrakinde olmalar\u0131n\u0131 bekliyoruz. Bu, bizim de se\u00e7menlerin de en tabii hakk\u0131d\u0131r.&#8221;<\/p>\n<p style=\"text-align: justify;\"><strong>&#8220;DEVLETE KAR\u015eI \u0130\u015eLENEN SU\u00c7LAR&#8230;&#8221;<\/strong><\/p>\n<p style=\"text-align: justify;\">Erg\u00fcn, &#8220;devlete kar\u015f\u0131 i\u015flenen su\u00e7lar\u0131n affedilebilece\u011fi&#8221; d\u00fc\u015f\u00fcncesiyle tam olarak neyi kastetti\u011fi sorusuna kar\u015f\u0131l\u0131k, bunlar\u0131n tart\u0131\u015f\u0131labilir \u015feyler oldu\u011funu s\u00f6yledi. &#8220;Bizim tart\u0131\u015fmayaca\u011f\u0131m\u0131z \u015fey; bireye ve topluma kar\u015f\u0131 i\u015flenmi\u015f su\u00e7lard\u0131r\u2019 diyen Erg\u00fcn, bireye ve topluma kar\u015f\u0131 i\u015flenmi\u015f su\u00e7lar\u0131n Parlamento taraf\u0131ndan affedilmesinin bireyler ve toplum nezdinde ciddi anlamda s\u0131k\u0131nt\u0131 yaratt\u0131\u011f\u0131n\u0131 kaydetti.<\/p>\n<p style=\"text-align: justify;\">Bug\u00fcn hala Rah\u015fan aff\u0131n\u0131n olumsuz sonu\u00e7lar\u0131n\u0131n tart\u0131\u015f\u0131ld\u0131\u011f\u0131n\u0131, bireye ve topluma kar\u015f\u0131 i\u015flenmi\u015f su\u00e7lar\u0131n Parlamentonun affetmeye \u00e7al\u0131\u015fmas\u0131n\u0131n ciddi sorunlar yaratt\u0131\u011f\u0131n\u0131 bildiklerini ifade eden Erg\u00fcn, &#8220;Devlete kar\u015f\u0131 i\u015flenmi\u015f olan su\u00e7lar konusu, Parlamentoda tart\u0131\u015f\u0131labilir. Hangi \u00e7apta olanlar, devlete kar\u015f\u0131 i\u015flenmi\u015f su\u00e7lar\u0131n hangi boyutta olanlar\u0131 \u00fczerinde \u00e7al\u0131\u015f\u0131lacakt\u0131r, bu Parlamento ve siyasetin konusu olabilir ama bireye ve topluma kar\u015f\u0131 i\u015flenmi\u015f su\u00e7lar\u0131n siyasetin konusu olmas\u0131, Parlamentoda af konusu olmas\u0131 d\u00fc\u015f\u00fcn\u00fclmemelidir. Benim s\u00f6ylemek istedi\u011fim \u015fey odur&#8221; dedi.<\/p>\n<p style=\"text-align: justify;\">Erg\u00fcn, konuyla ilgili d\u00fczenleme haz\u0131rl\u0131\u011f\u0131 olup olmad\u0131\u011f\u0131 sorusuna, &#8220;b\u00f6yle bir haz\u0131rl\u0131\u011f\u0131n olmad\u0131\u011f\u0131&#8221; yan\u0131t\u0131n\u0131 verdi. &#8220;Bu kapsama nelerin girebilece\u011fi&#8221; sorusunu da cevapland\u0131ran Erg\u00fcn, &#8220;Bir insan rejimi ele\u015ftirmi\u015ftir, d\u00fc\u015f\u00fcnce su\u00e7u olmu\u015ftur. Protestolar yapm\u0131\u015ft\u0131r, bu protestolarda insanlar zarar g\u00f6rmediyse bir tak\u0131m fiillerden insanlar zarar g\u00f6rmediyse do\u011frudan do\u011fruya devlete, sisteme y\u00f6nelik bir tak\u0131m eylemler otaya konulmu\u015fsa, bunlardan ortaya \u00e7\u0131kan su\u00e7lar, cezalar bunlar\u0131n aff\u0131yla ilgili tart\u0131\u015fma yap\u0131labilir. Ama bunlardan insanlar zarar g\u00f6rm\u00fc\u015fse, do\u011frudan do\u011fruya ki\u015finin can\u0131na, mal\u0131na zarar verecek sonu\u00e7lar do\u011fmu\u015fsa, o sonu\u00e7lar\u0131n aff\u0131 bizim a\u00e7\u0131m\u0131zdan s\u00f6z konusu olmamal\u0131d\u0131r&#8221; diye konu\u015ftu.<\/p>\n<p style=\"text-align: justify;\">Erg\u00fcn, &#8220;Af olunca yayg\u0131nla\u015f\u0131yor, sonra ucu yakalanam\u0131yor&#8221; denilmesi \u00fczerine ise Anayasada bireye ve devlete kar\u015f\u0131 i\u015flenen su\u00e7lar aras\u0131nda bir ay\u0131r\u0131m ortaya \u00e7\u0131kt\u0131\u011f\u0131nda, Anayasan\u0131n e\u015fitlik ilkesine ayk\u0131r\u0131 olmayacak bir d\u00fczenlemenin de g\u00fcndeme gelebilece\u011fini s\u00f6yledi. Erg\u00fcn, &#8220;Siyasetin tart\u0131\u015fma konusu ne olmal\u0131, ne olmamal\u0131, ben o ay\u0131r\u0131ma i\u015faret etmek a\u00e7\u0131s\u0131ndan bunu s\u00f6yl\u00fcyorum&#8221; dedi.<\/p>\n<p style=\"text-align: justify;\"><strong>AKDO\u011eAN: VATANDA\u015eIN NE KADAR DO\u011eRU TERC\u0130H YAPTI\u011eI ORTAYA \u00c7IKIYOR!<\/strong><\/p>\n<p style=\"text-align: justify;\">AK Parti Ankara Milletvekili Yal\u00e7\u0131n Akdo\u011fan, ald\u0131klar\u0131 oy oran\u0131 konusundaki &#8220;Stockholm Sendromu&#8221; ifadesiyle ilgili olarak, &#8220;Eskiden \u2019bidon kafal\u0131\u2019 diyorlard\u0131. Vatanda\u015f\u0131n ne kadar do\u011fru tercih yapt\u0131\u011f\u0131, sonradan muhalefet liderlerinin yapt\u0131\u011f\u0131 a\u00e7\u0131klamalarla da ortaya \u00e7\u0131k\u0131yor&#8221; dedi.<\/p>\n<p style=\"text-align: justify;\">TBMM\u2019de kayd\u0131n\u0131 yapt\u0131ran Akdo\u011fan, gazetecilere yapt\u0131\u011f\u0131 a\u00e7\u0131klamada, yeni bir d\u00f6nemin ba\u015flad\u0131\u011f\u0131n\u0131 belirterek, se\u00e7menin iradesini ortaya koydu\u011funu, millet iradesinin bir kez daha tecelli etti\u011fini s\u00f6yledi.<\/p>\n<p style=\"text-align: justify;\">Vatanda\u015flar\u0131n se\u00e7imde birtak\u0131m mesajlar verdi\u011fini ifade eden Akdo\u011fan, bunlardan birinin g\u00fcven ve istikrar\u0131n s\u00fcrmesi oldu\u011funu vurgulad\u0131. D\u00fcnyada b\u00fcy\u00fck bir k\u00fcresel kriz ve \u00e7alkant\u0131 varken T\u00fcrkiye\u2019nin istikrarl\u0131 \u015fekilde b\u00fcy\u00fcd\u00fc\u011f\u00fcn\u00fc ifade eden Akdo\u011fan, &#8220;Se\u00e7imde bu g\u00fcven ve istikrar\u0131n s\u00fcrmesi mesaj\u0131 verilmi\u015f oldu. \u0130kinci mesaj da yeni Anayasa konusundayd\u0131. Bu d\u00f6nem Meclis yeni Anayasa \u00e7al\u0131\u015fmalar\u0131 yapacak. Bu nedenle asl\u0131nda tarihi bir vizyon y\u00fcklenmi\u015f oluyoruz. Biz de in\u015fallah yeni Anayasa \u00e7al\u0131\u015fmas\u0131 i\u00e7inde olarak gurur duyulacak \u00f6nemli bir misyonu yerine getirmi\u015f olaca\u011f\u0131z&#8221; dedi.<\/p>\n<p style=\"text-align: justify;\">Akdo\u011fan, CHP lideri Kemal K\u0131l\u0131\u00e7daro\u011flu\u2019nun AK Parti\u2019nin ald\u0131\u011f\u0131 oy oran\u0131yla ilgili &#8220;Stockholm Sendromu&#8221; de\u011ferlendirmesi yapmas\u0131n\u0131 nas\u0131l buldu\u011fu sorusuna kar\u015f\u0131l\u0131k \u015f\u00f6yle konu\u015ftu:<\/p>\n<p style=\"text-align: justify;\">&#8220;Eskiden \u2019bidon kafal\u0131\u2019 diyorlard\u0131. Vatanda\u015f\u0131n iradesine y\u00f6nelik b\u00f6yle a\u015fa\u011f\u0131lay\u0131c\u0131 ifadeler duyuyorduk. \u015eimdi de bu \u015fekilde bir tabir&#8230; \u00d6nceliklevatanda\u015f\u0131n iradesine sayg\u0131 duymak laz\u0131m. Millet iradesi tecelli etmi\u015ftir. Burada profes\u00f6r\u00fcn oyu ile \u00e7oban\u0131n oyu aras\u0131nda hi\u00e7bir fark yoktur. Herkesin iradesi kutsald\u0131r, sayg\u0131 de\u011ferdir, muteberdir. Vatanda\u015f\u0131m\u0131z tercihini ortaya koymu\u015ftur. Ne kadar do\u011fru bir tercih yapt\u0131\u011f\u0131 sonradan muhalefet liderlerinin yapt\u0131\u011f\u0131 a\u00e7\u0131klamalarla da ortaya \u00e7\u0131k\u0131yor&#8221;<\/p>\n<p style=\"text-align: justify;\"><a href=\"http:\/\/haber.gazetevatan.com\/kilicdaroglu-hangi-sendrom-icinde\/384531\/9\/Siyaset\" target=\"_blank\">Kaynak : VATAN Gazetesi<\/a><\/p>\n","protected":false},"excerpt":{"rendered":"<p style=\"text-align: center;\">\n<p style=\"text-align: justify;\">Sanayi ve Ticaret Bakan\u0131 Nihat Erg\u00fcn, CHP Genel Ba\u015fkan\u0131 Kemal K\u0131l\u0131\u00e7daro\u011flu\u2019nun, AK Parti\u2019nin se\u00e7imlerde ald\u0131\u011f\u0131 y\u00fczde 50 oyu Stockholm sendromuna benzetmesi konusunda, &#8220;Ne m\u00fcnasebet, bir banka soygunuyla T\u00fcrkiye\u2019deki se\u00e7imi mukayese etmek? Bunun milli iradeye sayg\u0131yla alakas\u0131 var m\u0131?&#8221; dedi.<\/p>\n","protected":false},"author":1,"featured_media":0,"comment_status":"open","ping_status":"closed","sticky":false,"template":"","format":"standard","meta":{"footnotes":""},"categories":[105],"tags":[248],"class_list":["post-34889","post","type-post","status-publish","format-standard","hentry","category-gundem","tag-stockholm-sendromu","odd"],"_links":{"self":[{"href":"http:\/\/www.korhanyilmaz.com\/index.php?rest_route=\/wp\/v2\/posts\/34889","targetHints":{"allow":["GET"]}}],"collection":[{"href":"http:\/\/www.korhanyilmaz.com\/index.php?rest_route=\/wp\/v2\/posts"}],"about":[{"href":"http:\/\/www.korhanyilmaz.com\/index.php?rest_route=\/wp\/v2\/types\/post"}],"author":[{"embeddable":true,"href":"http:\/\/www.korhanyilmaz.com\/index.php?rest_route=\/wp\/v2\/users\/1"}],"replies":[{"embeddable":true,"href":"http:\/\/www.korhanyilmaz.com\/index.php?rest_route=%2Fwp%2Fv2%2Fcomments&post=34889"}],"version-history":[{"count":0,"href":"http:\/\/www.korhanyilmaz.com\/index.php?rest_route=\/wp\/v2\/posts\/34889\/revisions"}],"wp:attachment":[{"href":"http:\/\/www.korhanyilmaz.com\/index.php?rest_route=%2Fwp%2Fv2%2Fmedia&parent=34889"}],"wp:term":[{"taxonomy":"category","embeddable":true,"href":"http:\/\/www.korhanyilmaz.com\/index.php?rest_route=%2Fwp%2Fv2%2Fcategories&post=34889"},{"taxonomy":"post_tag","embeddable":true,"href":"http:\/\/www.korhanyilmaz.com\/index.php?rest_route=%2Fwp%2Fv2%2Ftags&post=34889"}],"curies":[{"name":"wp","href":"https:\/\/api.w.org\/{rel}","templated":true}]}}