{"id":34884,"date":"2011-06-20T14:38:52","date_gmt":"2011-06-20T11:38:52","guid":{"rendered":"http:\/\/www.korhanyilmaz.com\/?p=34884"},"modified":"2011-07-10T22:48:09","modified_gmt":"2011-07-10T19:48:09","slug":"balyozda-gergin-durusma","status":"publish","type":"post","link":"http:\/\/www.korhanyilmaz.com\/?p=34884","title":{"rendered":"Balyoz&#8217;da gergin duru\u015fma!"},"content":{"rendered":"<p style=\"text-align: center;\"><a href=\"http:\/\/www.korhanyilmaz.com\/wp-content\/uploads\/2011\/06\/089.jpg\"  class=\"lightview\"><img loading=\"lazy\" decoding=\"async\" class=\"aligncenter size-full wp-image-34885\" src=\"http:\/\/www.korhanyilmaz.com\/wp-content\/uploads\/2011\/06\/089.jpg\" alt=\"\" width=\"420\" height=\"210\" \/><\/a><\/p>\n<p style=\"text-align: justify;\">Balyoz Plan\u0131&#8221; iddialar\u0131na ili\u015fkin 196 emekli ve muvazzaf askerin yarg\u0131land\u0131\u011f\u0131 davan\u0131n 34. duru\u015fmas\u0131 g\u00f6r\u00fclmeye ba\u015fland\u0131. \u0130stanbul 10. A\u011f\u0131r Ceza Mahkemesi\u2019nce Silivri Ceza \u0130nfaz Kurumlar\u0131 Yerle\u015fkesi\u2019ndeki salonda yap\u0131lan duru\u015fmaya, eski Hava Kuvvetleri Komutan\u0131 emekli Orgeneral Halil \u0130brahim F\u0131rt\u0131na, eski Deniz Kuvvetleri Komutan\u0131 emekli Oramiral \u00d6zden \u00d6rnek ve Albay Dursun \u00c7i\u00e7ek\u2019in de aralar\u0131nda bulundu\u011fu 145 tutuklu san\u0131k kat\u0131ld\u0131. <!--more--><\/p>\n<p style=\"text-align: justify;\">Eski 1. Ordu Komutan\u0131 emekli Orgeneral \u00c7etin Do\u011fan\u2019\u0131n ve Nejat Bek\u2019in de aralar\u0131nda bulundu\u011fu 17 tutuklu san\u0131k kat\u0131lmad\u0131. 15 tutuksuz san\u0131k da duru\u015fmada haz\u0131r bulundu. Hakk\u0131nda yakalama karar\u0131 olan emekli Orgeneral Ergun Saygun\u2019un GATA\u2019daki tedavisi devam edereken, Bu g\u00fcn g\u00f6r\u00fclen duru\u015fmaya Eski 1. Ordu Komutan\u0131 emekli Orgeneral \u00c7etin Do\u011fan sa\u011fl\u0131k mazeti nedeniyle kat\u0131lmad\u0131. Mahkeme Ba\u015fkan\u0131 \u00d6mer Diken savunmalar\u0131n al\u0131nmas\u0131na devam edilece\u011fini belirterek tutuklu san\u0131k Emekli Korgeneral Metin Yavuz Yal\u00e7\u0131n\u2019\u0131 k\u00fcrs\u00fcye \u00e7a\u011f\u0131rd\u0131.<\/p>\n<p style=\"text-align: justify;\"><strong>&#8220;BU TAMAMEN ORANTISIZ B\u0130R G\u00dc\u00c7&#8221;<\/strong><\/p>\n<p style=\"text-align: justify;\">\u0130\u015fitme kayb\u0131 oldu\u011funu belirten san\u0131k Metin Yavuz Yal\u00e7\u0131n su\u00e7lamalar\u0131 reddetti\u011fini belirterek savunmas\u0131na ba\u015flad\u0131. 22 \u015eubat 2010 tarihinde saat 08.30\u2019da kap\u0131s\u0131n\u0131n \u00e7al\u0131nd\u0131\u011f\u0131n\u0131 anlatan Yal\u00e7\u0131n, &#8220;Kar\u015f\u0131mda tam 10 tane polis vard\u0131 bu tamamen orant\u0131s\u0131z bir g\u00fc\u00e7. Ya\u015f\u0131m 64 benim. 10 polisle birlikte gelen anlay\u0131\u015fl\u0131 komisere, \u2019Biraz daha adam getiremedin mi?\u2019 dedim. Bu s\u00f6zlerimin \u00fczerine komiser di\u011fer polisleri g\u00f6nderdi ve sadece kap\u0131mda bir polis kald\u0131. Bu tamamen sansasyonel bir faaliyettir. Beni 3 g\u00fcn emniyette kanepede yat\u0131rd\u0131lar. Burada bulunan arkada\u015flar\u0131m\u0131n \u00e7o\u011fu davetiyle \u00e7a\u011fr\u0131ld\u0131. Neden ben bu \u015fekilde g\u00f6zalt\u0131na al\u0131nd\u0131m. Bunu anlayamad\u0131m&#8221; ifadelerini kulland\u0131.<\/p>\n<p style=\"text-align: justify;\"><strong>&#8220;\u0130\u00c7\u0130M KAN A\u011eLIYOR&#8221;<\/strong><\/p>\n<p style=\"text-align: justify;\">Savc\u0131l\u0131kta ifade verdikten sonra tutukland\u0131\u011f\u0131n\u0131 anlatan Yal\u00e7\u0131n, &#8220;Daha sonra Balyoz\u2019dan Silivri\u2019ye transfer olduk. 40 g\u00fcn sonra serbest b\u0131rak\u0131ld\u0131m ancak, daha sonra 102 san\u0131k hakk\u0131nda yakalama karar\u0131 \u00e7\u0131kar\u0131ld\u0131. \u015eimdi niye \u00e7\u0131kar\u0131ld\u0131\u011f\u0131n\u0131 \u00e7ok daha iyi anl\u0131yorum. T\u00fcrk milletinin g\u00f6\u011fs\u00fcne han\u00e7er sapland\u0131. Han\u00e7erin ucunda T\u00fcrk Silahl\u0131 Kuvvetleri duruyor. Mahkeme olarak bilerek ya da bilmeyerek han\u00e7erin ucundan tutuyorsunuz. Deniz Kuvvetleri\u2019nin, Kara Kuvvetleri\u2019nin en g\u00fczide subaylar\u0131 burada. Oyun devam ediyor. Sizler, bizler, \u00e7ocuklar\u0131m\u0131z, torunlar\u0131m\u0131z g\u00fczel g\u00fcnler g\u00f6remeyecek. Ordumuz mahvolursa torunlar\u0131m\u0131z rahat ya\u015fayamaz. Ortada \u00e7ok b\u00fcy\u00fck gizli servis oyunu var. Cemaatler, tarikatlar meselesi de\u011fil bu&#8221; dedi.<\/p>\n<p style=\"text-align: justify;\"><strong>&#8220;Y\u00dcKSEK ASKER\u0130 \u015eURA&#8221; DA TSK \u015eEK\u0130LLEND\u0130R\u0130LECEKM\u0130\u015e&#8221;<\/strong><\/p>\n<p style=\"text-align: justify;\">Dosyada bulunan bilirki\u015fi raporlar\u0131yla iddialar\u0131n \u00e7\u00f6kt\u00fc\u011f\u00fcn\u00fc, belgelerin sahteli\u011finin ispatland\u0131\u011f\u0131n\u0131 savunan san\u0131k Yal\u00e7\u0131n, &#8220;Buna ra\u011fmen 130 g\u00fcnd\u00fcr tutukluyuz. \u0130\u00e7im kan a\u011fl\u0131yor. En sevdi\u011fim silah arkada\u015flar\u0131m sahtekarl\u0131kla tutuklan\u0131yor. Donanma Komutan\u0131\u2019na sesleniyorum. Zat\u0131ali Deniz Kuvvetleri Komutan\u0131 olacak. Bunu oraya g\u00f6meni hala bulamad\u0131. Ay\u0131pt\u0131r. G\u00f6meni bulamad\u0131\u011f\u0131 i\u00e7in ben ve silah arkada\u015flar\u0131m 130 g\u00fcnd\u00fcr i\u00e7erideyiz. Yap\u0131lan bir legal seminerdir. Darbenin sa\u011fda solda konu\u015fmayla yap\u0131lamaz. 45 y\u0131l askeri \u00fcniforma giydim. Binlerce seminere kat\u0131ld\u0131m. TSK\u2019n\u0131n en g\u00fczide mekanlar\u0131nda g\u00f6rev yapt\u0131m. B\u00f6yle sa\u00e7mal\u0131k g\u00f6rmedim. B\u00f6yle bir \u015fey olsa 2003 A\u011fustos\u2019ta ben Genelkurmay Harekat Ba\u015fkanl\u0131\u011f\u0131 yapt\u0131m, haberim olurdu. T\u00fcrkiye o d\u00f6nemde sava\u015f\u0131n e\u015fi\u011findeydi. \u00c7etin Do\u011fan da darbe plan\u0131 yap\u0131yor. B\u00f6yle bir ortamda darbe planlamak, kazlar g\u00fcler buna. Bu belgeleri 2007\u2019de oturup yazm\u0131\u015flar&#8221; diye konu\u015ftu.<\/p>\n<p style=\"text-align: justify;\">Cezaveindeki durumundan da s\u00f6z eden Yal\u00e7\u0131n, &#8220;Nohut, kuru fasulye, bulgur pilav\u0131. Ye Allah ye. \u0130\u00e7im kan\u0131yor. Kanad\u0131 da zaten. 10 g\u00fcn hastanede yo\u011fun bak\u0131mda yatt\u0131m&#8221; dedi. Cemaate yak\u0131n bir k\u00f6\u015fe yazar\u0131n\u0131n Ba\u015fbakan Recep Tayyip Erdo\u011fan\u2019\u0131n &#8220;Y\u00fcksek Askeri \u015eura\u2019da ustal\u0131\u011f\u0131n\u0131 g\u00f6sterece\u011fini&#8221; yazd\u0131\u011f\u0131n\u0131 belirten Yal\u00e7\u0131n, &#8220;Han\u00e7erin ucunda silahl\u0131 kuvvetleri duruyor. Y\u00fcksek Askeri \u015eura\u2019da TSK \u015fekillendirilecekmi\u015f. Oraya oturan arkada\u015flar\u0131m\u0131z \u015faibeli olacak&#8221; ifadelerini kulland\u0131.<\/p>\n<p style=\"text-align: justify;\"><strong>&#8220;KAZLAR B\u0130LE G\u00dcLER BUNA&#8221;<\/strong><\/p>\n<p style=\"text-align: justify;\">Su\u00e7lamalar\u0131 reddeden san\u0131k Yal\u00e7\u0131n, &#8220;Nerede imzam varsa hepsinin arkas\u0131nday\u0131m. Ortada illegal bir \u015fey yok. Askeri bilirki\u015fi raporlar\u0131 ortadad\u0131r. Savc\u0131l\u0131kta yapt\u0131\u011f\u0131m savunmam\u0131n arkadas\u0131nday\u0131m. Benim ad\u0131m Metin Yavuz Yal\u00e7\u0131n. Balyoz varsa s\u00f6ylerim. Bu b\u00f6yle bilinsin. Ses kay\u0131tlar\u0131m\u0131n, imzam\u0131n b\u00fct\u00fcn icratlar\u0131m\u0131n arkas\u0131nday\u0131m. Su\u00e7lamalar\u0131 kabul etmiyorum. Tahliyemi talep ediyorum&#8221; diye konu\u015ftu.<\/p>\n<p style=\"text-align: justify;\">San\u0131k Metin Yavuz Yal\u00e7\u0131n\u2019\u0131n avukat\u0131 Salim \u015een duru\u015fma salonunun \u00e7e\u015fitli yerlerinde bulunan ses toplama cihazlar\u0131na tepki g\u00f6sterdi. Bu s\u00f6zler \u00fczerine mahkeme ba\u015fkan\u0131 \u00d6mer Diken, &#8220;Kimsenin yatak odas\u0131na mikrofon yerle\u015ftirmedik. Aleni bir duru\u015fmad\u0131r. Mahkemenin g\u00fcvenli\u011fi a\u00e7\u0131s\u0131ndan ve mahkemeye kar\u015f\u0131 i\u015flenen su\u00e7lar\u0131n tespit edilemesi i\u00e7in konulmu\u015ftur&#8221; dedi.<\/p>\n<p style=\"text-align: justify;\"><strong>AVUKAT SAVCI KIRBA\u015e\u2019I ELE\u015eT\u0130RD\u0130<\/strong><\/p>\n<p style=\"text-align: justify;\">Avukat Salim \u015een san\u0131klara kanaat ve g\u00f6r\u00fc\u015flerinin sorulamayaca\u011f\u0131n\u0131 belirterek, davada maddi delilin olmad\u0131\u011f\u0131 i\u00e7in bu tarz sorular soruldu\u011funu savundu. Avukat Salim \u015een, duru\u015fma savc\u0131s\u0131 Sava\u015f K\u0131rba\u015f\u2019\u0131 ele\u015ftirerek, &#8220;Savc\u0131 K\u0131rba\u015f san\u0131klara soruyor, \u2019Siz \u00c7etin Do\u011fan\u2019\u0131n yerinde olsayd\u0131n\u0131z b\u00f6yle bir plan\u0131 oynar m\u0131yd\u0131n\u0131z?\u2019 Bu tarz sorular \u00e7anak ve tuzak sorulard\u0131r. Bu tarz sorular sorulamaz. D\u00fc\u015f\u00fcnce ve kanaatlare ortaya \u00e7\u0131karacak tarzda sorular sorulmas\u0131n. M\u00fcvekkilim de bu tarz sorulara cevap vermeyecektir&#8221; diye konu\u015ftu. Duru\u015fma savc\u0131s\u0131 Sava\u015f K\u0131rba\u015f, san\u0131k Metin Yavuz Yal\u00e7\u0131n\u2019a ait oldu\u011fu iddia edilen ses kay\u0131tlar\u0131n\u0131 okumas\u0131na avukat Salim \u015een tepki g\u00f6sterdi. Avukat Salim \u015een, savc\u0131 ses kay\u0131tlar\u0131n\u0131 okudu\u011fu s\u0131rada aya\u011fa kalkarak, &#8220;Bu ses kay\u0131tlar\u0131n\u0131n davam\u0131zla ilgisi yoktur. Ses kayd\u0131n\u0131n kime ait oldu\u011fu bile bellli de\u011fildir. Ortam dinlemesiyle elde edilmi\u015f bir yasak delildir&#8221; dedi. Bu s\u0131rada aya\u011fa kalkan san\u0131k Yal\u00e7\u0131n, savc\u0131n\u0131n okudu\u011fu ses kay\u0131tlar\u0131yla ilgili, Ankara Cumhuriyet Ba\u015fsavc\u0131l\u0131\u011f\u0131\u2019n\u0131n ko\u011fu\u015fturmaya yer olmad\u0131\u011f\u0131na ili\u015fkin verdi\u011fi karar\u0131n\u0131 mahkeme heyetine g\u00f6sterdi.<\/p>\n<p style=\"text-align: justify;\"><strong>DURU\u015eMADA GE\u00c7EN D\u0130YOLOGLAR \u015eU \u015eEK\u0130LDE:<\/strong><\/p>\n<p style=\"text-align: justify;\">Avukat Selim \u015een: Bu ses kay\u0131tlar\u0131n\u0131n davam\u0131zla ilgisi yok.<\/p>\n<p style=\"text-align: justify;\">Savc\u0131 Sava\u015f K\u0131rba\u015f: 5 dakika m\u00fcsade edin.<\/p>\n<p style=\"text-align: justify;\">San\u0131k Metin Yavuz Yal\u00e7\u0131n: Savc\u0131 Bey Samanyolu Televizyonu muhabiriyle mi konu\u015fuyorsunuz?<\/p>\n<p style=\"text-align: justify;\">Hakim \u00d6mer Diken: Cumhuriyet Savc\u0131s\u0131yla bu \u015fekilde konu\u015famazs\u0131n\u0131z? Konu\u015fmalar dosyada delil olarak yer al\u0131yor.<\/p>\n<p style=\"text-align: justify;\">Burada kimse ya da hi\u00e7bir kurum ad\u0131na de\u011fil T\u00fcrkiye Cumhuriyeti ad\u0131na yarg\u0131lama yap\u0131yoruz. Ki\u015filerin memnun olup olmamas\u0131yla ilgilenmeyiz. Biz kanunlar\u0131 uygular\u0131z. Savc\u0131 Bey\u2019in sorusu bitsin itiraz\u0131n\u0131z\u0131 yapars\u0131n\u0131z.<\/p>\n<p style=\"text-align: justify;\">Savc\u0131 Sava\u015f K\u0131rba\u015f: Avukat bey konu\u015fmalar\u0131n hepsini okumuyorum atlayarak okuyorum.<\/p>\n<p style=\"text-align: justify;\">Avukat Selim \u015een: Okuyun efendim hepsini sonuna kadar okuyun.<\/p>\n<p style=\"text-align: justify;\">Savc\u0131 Sava\u015f K\u0131rba\u015f (san\u0131\u011fa soruyor): Bu ses kayd\u0131 size mi ait ?<\/p>\n<p style=\"text-align: justify;\">San\u0131k Metin Yavuz Yal\u00e7\u0131n: Sorular\u0131n\u0131za cevap vermiyorum.<\/p>\n<p style=\"text-align: justify;\"><strong>HAK\u0130M D\u0130KEN, AVUKATI UYARDI<\/strong><\/p>\n<p style=\"text-align: justify;\">Avukat \u015een savc\u0131 K\u0131rba\u015f\u2019\u0131 ele\u015ftirmesi \u00fczerine hakim \u00d6mer Diken, ele\u015ftiri s\u0131n\u0131rlar\u0131n\u0131 a\u015f\u0131yorsunuz. CMK 252 1-f (Duru\u015fma disiplinini bozan san\u0131k ya da avukatlara y\u00f6nelik tedbire ili\u015fkin) maddesini uygular\u0131z ve bundan da \u00e7ekinmeyiz&#8221; uyar\u0131s\u0131nda bulundu.<\/p>\n<p style=\"text-align: justify;\"><strong>&#8220;BU B\u0130R KONFERANS KONU\u015eMASIDIR&#8221;<\/strong><\/p>\n<p style=\"text-align: justify;\">Savc\u0131 K\u0131rba\u015f, san\u0131k Metin Yavuz Yal\u00e7\u0131n\u2019a ait oldu\u011fu iddia edilen konu\u015fman\u0131n bir konferasta yap\u0131ld\u0131\u011f\u0131n\u0131 iddia ederek, &#8220;Yap\u0131lan konu\u015fmay\u0131 da en az 18 askerin dinledi\u011fi tespit edilmi\u015ftir. Bu konu\u015fmalar\u0131n haberle\u015fmenin gizlili\u011finin ihlal edildi\u011fi iddialar\u0131yla ilgisi yoktur. Bu konu\u015fmalar dosyada yer al\u0131yor. Sorum yerindedir. Bu konu\u015fmalar size mi ait?&#8221; dedi. S\u00f6z alan san\u0131k Metin Yavuz Yal\u00e7\u0131n da ses kay\u0131tlar\u0131n\u0131n kendine ait olmad\u0131\u011f\u0131n\u0131 belirterek, &#8220;Bu konu\u015fmalar bana ait de\u011fil hepsi monte edilmi\u015f konu\u015fmalard\u0131r&#8221; dedi. Duru\u015fma tutuklu san\u0131klar\u0131n savunmalar\u0131n al\u0131nmas\u0131yla devam ediyor.<\/p>\n<p style=\"text-align: justify;\"><a href=\"http:\/\/haber.gazetevatan.com\/balyozda-gergin-durusma\/384553\/1\/Gundem\" target=\"_blank\">Kaynak : VATAN Gazetesi<\/a><\/p>\n","protected":false},"excerpt":{"rendered":"<p style=\"text-align: center;\">\n<p style=\"text-align: justify;\">Balyoz Plan\u0131&#8221; iddialar\u0131na ili\u015fkin 196 emekli ve muvazzaf askerin yarg\u0131land\u0131\u011f\u0131 davan\u0131n 34. duru\u015fmas\u0131 g\u00f6r\u00fclmeye ba\u015fland\u0131. \u0130stanbul 10. A\u011f\u0131r Ceza Mahkemesi\u2019nce Silivri Ceza \u0130nfaz Kurumlar\u0131 Yerle\u015fkesi\u2019ndeki salonda yap\u0131lan duru\u015fmaya, eski Hava Kuvvetleri Komutan\u0131 emekli Orgeneral Halil \u0130brahim F\u0131rt\u0131na, eski Deniz Kuvvetleri Komutan\u0131 emekli Oramiral \u00d6zden \u00d6rnek ve Albay Dursun \u00c7i\u00e7ek\u2019in de <\/p>\n","protected":false},"author":1,"featured_media":0,"comment_status":"open","ping_status":"closed","sticky":false,"template":"","format":"standard","meta":{"footnotes":""},"categories":[105],"tags":[],"class_list":["post-34884","post","type-post","status-publish","format-standard","hentry","category-gundem","odd"],"_links":{"self":[{"href":"http:\/\/www.korhanyilmaz.com\/index.php?rest_route=\/wp\/v2\/posts\/34884","targetHints":{"allow":["GET"]}}],"collection":[{"href":"http:\/\/www.korhanyilmaz.com\/index.php?rest_route=\/wp\/v2\/posts"}],"about":[{"href":"http:\/\/www.korhanyilmaz.com\/index.php?rest_route=\/wp\/v2\/types\/post"}],"author":[{"embeddable":true,"href":"http:\/\/www.korhanyilmaz.com\/index.php?rest_route=\/wp\/v2\/users\/1"}],"replies":[{"embeddable":true,"href":"http:\/\/www.korhanyilmaz.com\/index.php?rest_route=%2Fwp%2Fv2%2Fcomments&post=34884"}],"version-history":[{"count":0,"href":"http:\/\/www.korhanyilmaz.com\/index.php?rest_route=\/wp\/v2\/posts\/34884\/revisions"}],"wp:attachment":[{"href":"http:\/\/www.korhanyilmaz.com\/index.php?rest_route=%2Fwp%2Fv2%2Fmedia&parent=34884"}],"wp:term":[{"taxonomy":"category","embeddable":true,"href":"http:\/\/www.korhanyilmaz.com\/index.php?rest_route=%2Fwp%2Fv2%2Fcategories&post=34884"},{"taxonomy":"post_tag","embeddable":true,"href":"http:\/\/www.korhanyilmaz.com\/index.php?rest_route=%2Fwp%2Fv2%2Ftags&post=34884"}],"curies":[{"name":"wp","href":"https:\/\/api.w.org\/{rel}","templated":true}]}}