{"id":34876,"date":"2011-06-20T00:15:52","date_gmt":"2011-06-19T21:15:52","guid":{"rendered":"http:\/\/www.korhanyilmaz.com\/?p=34876"},"modified":"2011-07-10T22:47:15","modified_gmt":"2011-07-10T19:47:15","slug":"ergenekon-savcisi-ilimoglunun-ozel-yetkileri-alindi","status":"publish","type":"post","link":"http:\/\/www.korhanyilmaz.com\/?p=34876","title":{"rendered":"Ergenekon Savc\u0131s\u0131 \u0130limo\u011flu&#8217;nun \u00f6zel yetkileri al\u0131nd\u0131"},"content":{"rendered":"<p style=\"text-align: center;\"><a href=\"http:\/\/www.korhanyilmaz.com\/wp-content\/uploads\/2011\/06\/088.jpg\"  class=\"lightview\"><img loading=\"lazy\" decoding=\"async\" class=\"aligncenter size-full wp-image-34878\" src=\"http:\/\/www.korhanyilmaz.com\/wp-content\/uploads\/2011\/06\/088.jpg\" alt=\"\" width=\"293\" height=\"203\" \/><\/a><\/p>\n<p style=\"text-align: justify;\">Ergenekon Savc\u0131s\u0131 Kas\u0131m \u0130limo\u011flu \u00f6zel yetkileri al\u0131narak B\u00fcy\u00fck\u00e7ekmece&#8217;ye atand\u0131.<\/p>\n<p style=\"text-align: justify;\">Hakim ve Savc\u0131lar Y\u00fcksek Kurulu, 2011 y\u0131l\u0131 Adl\u00ee ve \u0130dar\u00ee Yarg\u0131 Yaz Kararnamelerini a\u00e7\u0131klad\u0131.<\/p>\n<p style=\"text-align: justify;\">\u0130\u015f ve kadro durumu nedeniyle yerinde yetkili b\u0131rak\u0131lanlar hari\u00e7, kararnameler ile bir ba\u015fka yere atanan h\u00e2kim ve Cumhuriyet savc\u0131lar\u0131m\u0131z\u0131n en ge\u00e7 01\/07\/2011 tarihine kadar tebligatlar\u0131n\u0131 alarak g\u00f6rev yerlerinden ayr\u0131lmalar\u0131 istendi. <!--more--><\/p>\n<p style=\"text-align: justify;\">Kararnamelerle 2 bin 330 hakim ve savc\u0131n\u0131n yeri de\u011fi\u015ftirildi.<\/p>\n<p style=\"text-align: justify;\">Bunlar aras\u0131nda en dikkat \u00e7eken isim ise Ergenekon Savc\u0131lar\u0131&#8217;ndan Kas\u0131m \u0130limo\u011flu oldu. \u0130limo\u011flu, B\u00fcy\u00fck\u00e7ekmece&#8217;ye atan\u0131rken \u00f6zel yetkileri al\u0131nd\u0131.<\/p>\n<p style=\"text-align: justify;\">Bir d\u00f6nem &#8216;Erzincan Ergenekon Soru\u015fturmas\u0131&#8217;n\u0131 y\u00fcr\u00fcten, ard\u0131ndan Erzurum Bas\u0131n Savc\u0131l\u0131\u011f\u0131 g\u00f6revini yapan Osman \u015eanal, Antalya Ba\u015fsavc\u0131s\u0131 oldu.<\/p>\n<p style=\"text-align: justify;\">Yarg\u0131tay Cumhuriyet Savc\u0131s\u0131 ve Eski Yarg\u0131\u00e7lar ve Savc\u0131lar Birli\u011fi (YARSAV) Ba\u015fkan\u0131 \u00d6.Faruk Emina\u011fao\u011flu, \u0130stanbul Hakimli\u011fi&#8217;ne atand\u0131.<\/p>\n<p style=\"text-align: justify;\"><a href=\"http:\/\/www.cnnturk.com\/2011\/turkiye\/06\/19\/ergenekon.savcisi.ilimoglunun.ozel.yetkileri.alindi\/620593.0\/index.html\" target=\"_blank\">Kaynak : CNN T\u00dcRK<\/a><\/p>\n","protected":false},"excerpt":{"rendered":"<p style=\"text-align: center;\">\n<p style=\"text-align: justify;\">Ergenekon Savc\u0131s\u0131 Kas\u0131m \u0130limo\u011flu \u00f6zel yetkileri al\u0131narak B\u00fcy\u00fck\u00e7ekmece&#8217;ye atand\u0131.<\/p>\n<p style=\"text-align: justify;\">Hakim ve Savc\u0131lar Y\u00fcksek Kurulu, 2011 y\u0131l\u0131 Adl\u00ee ve \u0130dar\u00ee Yarg\u0131 Yaz Kararnamelerini a\u00e7\u0131klad\u0131.<\/p>\n<p style=\"text-align: justify;\">\u0130\u015f ve kadro durumu nedeniyle yerinde yetkili b\u0131rak\u0131lanlar hari\u00e7, kararnameler ile bir ba\u015fka yere atanan h\u00e2kim ve Cumhuriyet savc\u0131lar\u0131m\u0131z\u0131n en ge\u00e7 01\/07\/2011 tarihine <\/p>\n","protected":false},"author":1,"featured_media":0,"comment_status":"open","ping_status":"closed","sticky":false,"template":"","format":"standard","meta":{"footnotes":""},"categories":[105],"tags":[],"class_list":["post-34876","post","type-post","status-publish","format-standard","hentry","category-gundem","odd"],"_links":{"self":[{"href":"http:\/\/www.korhanyilmaz.com\/index.php?rest_route=\/wp\/v2\/posts\/34876","targetHints":{"allow":["GET"]}}],"collection":[{"href":"http:\/\/www.korhanyilmaz.com\/index.php?rest_route=\/wp\/v2\/posts"}],"about":[{"href":"http:\/\/www.korhanyilmaz.com\/index.php?rest_route=\/wp\/v2\/types\/post"}],"author":[{"embeddable":true,"href":"http:\/\/www.korhanyilmaz.com\/index.php?rest_route=\/wp\/v2\/users\/1"}],"replies":[{"embeddable":true,"href":"http:\/\/www.korhanyilmaz.com\/index.php?rest_route=%2Fwp%2Fv2%2Fcomments&post=34876"}],"version-history":[{"count":0,"href":"http:\/\/www.korhanyilmaz.com\/index.php?rest_route=\/wp\/v2\/posts\/34876\/revisions"}],"wp:attachment":[{"href":"http:\/\/www.korhanyilmaz.com\/index.php?rest_route=%2Fwp%2Fv2%2Fmedia&parent=34876"}],"wp:term":[{"taxonomy":"category","embeddable":true,"href":"http:\/\/www.korhanyilmaz.com\/index.php?rest_route=%2Fwp%2Fv2%2Fcategories&post=34876"},{"taxonomy":"post_tag","embeddable":true,"href":"http:\/\/www.korhanyilmaz.com\/index.php?rest_route=%2Fwp%2Fv2%2Ftags&post=34876"}],"curies":[{"name":"wp","href":"https:\/\/api.w.org\/{rel}","templated":true}]}}