{"id":34869,"date":"2011-06-20T02:32:12","date_gmt":"2011-06-19T23:32:12","guid":{"rendered":"http:\/\/www.korhanyilmaz.com\/?p=34869"},"modified":"2011-07-10T23:50:45","modified_gmt":"2011-07-10T20:50:45","slug":"yargida-buyuk-operasyon","status":"publish","type":"post","link":"http:\/\/www.korhanyilmaz.com\/?p=34869","title":{"rendered":"Yarg\u0131da b\u00fcy\u00fck operasyon"},"content":{"rendered":"<p style=\"text-align: center;\"><a href=\"http:\/\/www.korhanyilmaz.com\/wp-content\/uploads\/2011\/06\/0861.jpg\"  class=\"lightview\"><img loading=\"lazy\" decoding=\"async\" class=\"aligncenter size-full wp-image-34870\" src=\"http:\/\/www.korhanyilmaz.com\/wp-content\/uploads\/2011\/06\/0861.jpg\" alt=\"\" width=\"325\" height=\"216\" \/><\/a><\/p>\n<p style=\"text-align: justify;\">HSYK, 2070 h\u00e2kim, yarg\u0131\u00e7 ve savc\u0131n\u0131n yerini de\u011fi\u015ftirdi. Eski YARSAV Ba\u015fkan\u0131 Emina\u011fao\u011flu \u0130stanbul\u2019a, Habur\u2019daki PKK soru\u015fturmas\u0131yla g\u00fcndeme gelen Diyarbak\u0131r Ba\u015fsavc\u0131s\u0131 Durdu Kavak \u0130zmir\u2019e, \u0130lhan Cihaner soru\u015fturmas\u0131n\u0131 y\u00fcr\u00fcten Erzurum Savc\u0131s\u0131 Osman \u015eanal ise Antalya\u2019ya atand\u0131.<!--more--><\/p>\n<p style=\"text-align: justify;\">Anayasa de\u011fi\u015fikli\u011fi ile yap\u0131s\u0131 de\u011fi\u015ftirilen H\u00e2kimler ve Savc\u0131lar Y\u00fcksek Kurulu, g\u00f6reve ba\u015flad\u0131\u011f\u0131 g\u00fcnden bu yana en kapsaml\u0131 kararnamesini haz\u0131rlad\u0131 ve 1816 ki\u015filik adli yarg\u0131\u00e7 ve savc\u0131, 254 ki\u015filik idari hakimin g\u00f6rev yerini ak\u015fam saatlerinde a\u00e7\u0131klad\u0131\u011f\u0131 yaz kararnamesiyle de\u011fi\u015ftirdi. Kararnameyle, Ak Parti aleyhindeki kapatma davas\u0131n\u0131n iddianamesini \u00f6nemli \u00f6l\u00e7\u00fcde \u015fekillendiren Yarg\u0131tay Savc\u0131s\u0131 Zekeriya Sevimli \u00dcsk\u00fcdar\u2019a savc\u0131, bu iddianamenin ilk haz\u0131rlan\u0131\u015f a\u015famalar\u0131na katk\u0131 veren, Ba\u015fbakan Recep Tayyip Erdo\u011fan\u2019\u0131n, \u0130stanbul B\u00fcy\u00fck\u015fehir Belediye Ba\u015fkan\u0131 oldu\u011fu d\u00f6nemde hakk\u0131nda a\u00e7\u0131lm\u0131\u015f baz\u0131 davalara bakan, eski YARSAV Ba\u015fkan\u0131, YARGI-Sen kurucusu \u00d6mer Faruk Emina\u011fao\u011flu da Yarg\u0131tay Savc\u0131l\u0131\u011f\u0131\u2019ndan \u0130stanbul\u2019a h\u00e2kim olarak atand\u0131. Kararnameyle toplam 16 Yarg\u0131tay savc\u0131s\u0131n\u0131n ve 18 Yarg\u0131tay tetkik hakiminin yeri de\u011fi\u015ftirilirken, Erzurum\u2019da g\u00f6rev yapan, Erzincan\u2019da \u0130rtica ile M\u00fccadele Eylem Plan\u0131\u2019n\u0131n y\u00fcr\u00fcrl\u00fc\u011fe konuldu\u011fu iddias\u0131yla soru\u015fturma y\u00fcr\u00fcten savc\u0131lar\u0131n \u00f6nemli bir b\u00f6l\u00fcm\u00fc, daha iyi g\u00f6revlere tayin edildi. Kararnameyle, Habur\u2019da PKK\u2019l\u0131lar\u0131n kar\u015f\u0131lanmas\u0131na ve serbest b\u0131rak\u0131lmalar\u0131na ili\u015fkin soru\u015fturmayla g\u00fcndeme gelen Diyarbak\u0131r Ba\u015fsavc\u0131s\u0131 Durdu Kavak da \u0130zmir Ba\u015fsavc\u0131l\u0131\u011f\u0131\u2019na atand\u0131. HSYK\u2019n\u0131n a\u00e7\u0131klad\u0131\u011f\u0131 yaz kararnamesiyle, kamuoyunun g\u00fcndemine gelen \u00e7arp\u0131c\u0131 isimlerin g\u00f6rev yeri de\u011fi\u015fti. 16 Yarg\u0131tay savc\u0131s\u0131n\u0131n g\u00f6rev yerini de\u011fi\u015ftiren HSYK, Ak Parti aleyhindeki eski Ba\u015fsavc\u0131 Nuri Ok\u2019un imzas\u0131n\u0131 ta\u015f\u0131yan iddianameyi haz\u0131rlayan isim olarak bilinen Sevimli\u2019yi \u00dcsk\u00fcdar Savc\u0131l\u0131\u011f\u0131\u2019na, Emina\u011fao\u011flu\u2019nu ise \u0130stanbul hakimli\u011fine atad\u0131. Yarg\u0131tay Ba\u015fsavc\u0131l\u0131\u011f\u0131\u2019ndaki kritik isimlerden Savc\u0131 Mahir Kara da \u0130stanbul Savc\u0131l\u0131\u011f\u0131\u2019na atand\u0131.<\/p>\n<p style=\"text-align: justify;\"><strong>Demirci\u2019ye Mara\u015f<\/strong><\/p>\n<p style=\"text-align: justify;\">Ba\u015fbakan Erdo\u011fan aleyhinde a\u011f\u0131r s\u00f6zlerin dile getirildi\u011fi ses kayd\u0131ndaki isim oldu\u011fu iddias\u0131n\u0131n ard\u0131ndan Ankara \u00d6zel Yetkili Savc\u0131l\u0131\u011f\u0131\u2019ndan al\u0131narak d\u00fcz savc\u0131 yap\u0131lan Salim Demirci de Kahramanmara\u015f\u2019a savc\u0131 olarak atand\u0131.<\/p>\n<p style=\"text-align: justify;\">Eski HSYK taraf\u0131ndan Erzincan eski Ba\u015fsavc\u0131s\u0131 \u0130lhan Cihaner hakk\u0131ndaki soru\u015fturma nedeniyle yetkileri kald\u0131r\u0131lan, yeni HSYK taraf\u0131ndan ise bu yetkileri iade edilen Erzurum Savc\u0131s\u0131 Osman \u015eanal, Antalya\u2019ya savc\u0131 olarak atan\u0131rken, ayn\u0131 soru\u015fturmada g\u00f6revli Taner Aksakal Aksaray Ba\u015fsavc\u0131l\u0131\u011f\u0131\u2019na, Rasim Karakulluk\u00e7u ise Erzurum \u00d6zel Yetkili Ba\u015fsavc\u0131vekilli\u011fi\u2019ne getirildi. D\u00f6nemin Erzurum Ba\u015fsavc\u0131s\u0131, Bal\u0131kesir Ba\u015fsavc\u0131s\u0131 Sinan Ku\u015f ise Kartal\u2019a d\u00fcz savc\u0131 olarak atand\u0131.<\/p>\n<p style=\"text-align: justify;\"><strong>Kavak\u2019a \u0130zmir<\/strong><\/p>\n<p style=\"text-align: justify;\">Demokratik a\u00e7\u0131l\u0131m s\u00fcrecinde Habur ve Mahmur\u2019dan gelen PKK mensuplar\u0131 ve m\u00fcltecilerin Habur\u2019da sorgulanarak serbest b\u0131rak\u0131lmas\u0131 nedeniyle ele\u015ftirilen Diyarbak\u0131r Ba\u015fsavc\u0131s\u0131 Durdu Kavak, \u0130zmir Ba\u015fsavc\u0131l\u0131\u011f\u0131\u2019na atan\u0131rken, HSYK yedek \u00fcyesi Hayrettin T\u00fcre, Ankara hakimli\u011finden, a\u011f\u0131r ceza mahkemesi ba\u015fkanl\u0131\u011f\u0131na getirildi. Ergenekon savc\u0131lar\u0131n Kas\u0131m \u0130limo\u011flu ise \u0130stanbul savc\u0131l\u0131\u011f\u0131ndan B\u00fcy\u00fck\u00e7ekmece savc\u0131l\u0131\u011f\u0131na atand\u0131.<\/p>\n<p style=\"text-align: justify;\"><strong>Emina\u011fao\u011flu: Bedelini \u00f6deriz<\/strong><\/p>\n<p style=\"text-align: justify;\">Yarg\u0131-Sen adl\u0131 yeni kurulan sendikan\u0131n y\u00f6netiminde olmas\u0131 nedeniyle g\u00f6rev yeri de\u011fi\u015fikli\u011fi beklemeyen eski YARSAV Ba\u015fkan\u0131, YARGI-Sen kurucusu \u00d6mer Faruk Emina\u011fao\u011flu, atanmas\u0131 konusunda, Milliyet\u2019e \u015funlar\u0131 s\u00f6yledi: \u201cBu bir k\u0131y\u0131m. Yeniden inceleme isteyece\u011fim. Daha yeni sendika genel kurulu yap\u0131ld\u0131. Y\u00f6netim kuruluna se\u00e7ilen benim ve bir arkada\u015f\u0131m\u0131n bir ba\u015fka yere atanmas\u0131, bu \u00e7a\u011fda sendika kapatan bir anlay\u0131\u015f\u0131, \u2018helalle\u015fmeden\u2019 s\u00f6z etmesine ra\u011fmen aksi y\u00f6nde davranan bir ba\u015fbakan ve ba\u015fbakanl\u0131kla HSYK\u2019n\u0131n \u00e7ift yumurta ikizi gibi hareket etti\u011fini g\u00f6steriyor. Yarg\u0131 bu \u00e7a\u011fda bunlara lay\u0131k de\u011fil. Uluslararas\u0131 yarg\u0131 dahil her t\u00fcrl\u00fc itiraz yolunu deneyece\u011fim. Ad\u0131 ileri denilen ama en geri darbelerin gerisine d\u00fc\u015fen bir demokrasiye bu yarg\u0131 lay\u0131k de\u011fildir. Atamalar, art\u0131k HSYK\u2019n\u0131n operasyonel boyut niteli\u011fine b\u00fcr\u00fcnd\u00fc\u011f\u00fcn\u00fc g\u00f6steriyor. HSYK\u2019y\u0131 hukuk i\u00e7erisinde hareket etmeye \u00f6zellikle dikkat \u00e7ekmi\u015ftik. Ne i\u00e7in yap\u0131land\u0131r\u0131ld\u0131\u011f\u0131n\u0131, ne i\u00e7in anayasan\u0131n de\u011fi\u015fti\u011fini umar\u0131m herkes g\u00f6r\u00fcyordur. Acaba Ba\u015fbakan\u2019\u0131n soru\u015fturmalar\u0131n\u0131 yapm\u0131\u015f olmasam bunlara muhatap olur muydum? Helalle\u015fmeden s\u00f6z eden bir ba\u015fbakan neden bunlara g\u00f6z yumuyor, neden bunlar\u0131 yap\u0131yor? Hukuk i\u00e7erisinde bunlar\u0131n m\u00fccadelesini verece\u011fiz ve atlataca\u011f\u0131z. Bedel \u00f6denecekse de \u00f6deyece\u011fiz ama m\u00fccadelemizi verece\u011fiz. Bir yandan sendikan\u0131n kapat\u0131lmas\u0131 davas\u0131 s\u00fcr\u00fcyor, bir yandan ben ba\u015fka yere atan\u0131yorum.\u201d<\/p>\n<p style=\"text-align: justify;\"><a href=\"http:\/\/siyaset.milliyet.com.tr\/yargida-buyuk-operasyon\/siyaset\/siyasetdetay\/20.06.2011\/1404461\/default.htm\" target=\"_blank\">Kaynak : Milliyet<\/a><\/p>\n","protected":false},"excerpt":{"rendered":"<p style=\"text-align: center;\">\n<p style=\"text-align: justify;\">HSYK, 2070 h\u00e2kim, yarg\u0131\u00e7 ve savc\u0131n\u0131n yerini de\u011fi\u015ftirdi. Eski YARSAV Ba\u015fkan\u0131 Emina\u011fao\u011flu \u0130stanbul\u2019a, Habur\u2019daki PKK soru\u015fturmas\u0131yla g\u00fcndeme gelen Diyarbak\u0131r Ba\u015fsavc\u0131s\u0131 Durdu Kavak \u0130zmir\u2019e, \u0130lhan Cihaner soru\u015fturmas\u0131n\u0131 y\u00fcr\u00fcten Erzurum Savc\u0131s\u0131 Osman \u015eanal ise Antalya\u2019ya atand\u0131.<\/p>\n","protected":false},"author":1,"featured_media":0,"comment_status":"open","ping_status":"closed","sticky":false,"template":"","format":"standard","meta":{"footnotes":""},"categories":[105],"tags":[],"class_list":["post-34869","post","type-post","status-publish","format-standard","hentry","category-gundem","odd"],"_links":{"self":[{"href":"http:\/\/www.korhanyilmaz.com\/index.php?rest_route=\/wp\/v2\/posts\/34869","targetHints":{"allow":["GET"]}}],"collection":[{"href":"http:\/\/www.korhanyilmaz.com\/index.php?rest_route=\/wp\/v2\/posts"}],"about":[{"href":"http:\/\/www.korhanyilmaz.com\/index.php?rest_route=\/wp\/v2\/types\/post"}],"author":[{"embeddable":true,"href":"http:\/\/www.korhanyilmaz.com\/index.php?rest_route=\/wp\/v2\/users\/1"}],"replies":[{"embeddable":true,"href":"http:\/\/www.korhanyilmaz.com\/index.php?rest_route=%2Fwp%2Fv2%2Fcomments&post=34869"}],"version-history":[{"count":0,"href":"http:\/\/www.korhanyilmaz.com\/index.php?rest_route=\/wp\/v2\/posts\/34869\/revisions"}],"wp:attachment":[{"href":"http:\/\/www.korhanyilmaz.com\/index.php?rest_route=%2Fwp%2Fv2%2Fmedia&parent=34869"}],"wp:term":[{"taxonomy":"category","embeddable":true,"href":"http:\/\/www.korhanyilmaz.com\/index.php?rest_route=%2Fwp%2Fv2%2Fcategories&post=34869"},{"taxonomy":"post_tag","embeddable":true,"href":"http:\/\/www.korhanyilmaz.com\/index.php?rest_route=%2Fwp%2Fv2%2Ftags&post=34869"}],"curies":[{"name":"wp","href":"https:\/\/api.w.org\/{rel}","templated":true}]}}