{"id":34864,"date":"2011-06-20T00:01:30","date_gmt":"2011-06-19T21:01:30","guid":{"rendered":"http:\/\/www.korhanyilmaz.com\/?p=34864"},"modified":"2011-07-10T23:51:13","modified_gmt":"2011-07-10T20:51:13","slug":"2011-yili-adli-ve-idari-yargi-yaz-kararnameleri","status":"publish","type":"post","link":"http:\/\/www.korhanyilmaz.com\/?p=34864","title":{"rendered":"2011 y\u0131l\u0131 Adl\u00ee ve \u0130dar\u00ee Yarg\u0131 Yaz Kararnameleri"},"content":{"rendered":"<div align=\"left\">\n<p style=\"text-align: center;\" align=\"center\"><a href=\"http:\/\/www.korhanyilmaz.com\/wp-content\/uploads\/2011\/06\/0851.jpg\"  class=\"lightview\"><img loading=\"lazy\" decoding=\"async\" class=\"aligncenter size-full wp-image-34865\" src=\"http:\/\/www.korhanyilmaz.com\/wp-content\/uploads\/2011\/06\/0851.jpg\" alt=\"\" width=\"375\" height=\"131\" \/><\/a><\/p>\n<p align=\"center\"><strong>T.C.<\/strong><br \/>\n<strong>HAK\u0130MLER VE SAVCILAR Y\u00dcKSEK KURULU<\/strong><br \/>\n<strong>\u00a0B\u0130R\u0130NC\u0130 DA\u0130RE\u00a0 BA\u015eKANLI\u011eI\u00a0<\/strong><\/p>\n<p align=\"center\"><strong>2011 YILI ADL\u0130 VE \u0130DAR\u0130 YARGI<\/strong><br \/>\n<strong>\u00a0YAZ KARARNAMELER\u0130NE \u0130L\u0130\u015eK\u0130N DUYURU<\/strong><\/p>\n<p><strong>\u00a0<\/strong><\/p>\n<p style=\"text-align: justify;\">Dairemizce g\u00f6r\u00fc\u015fmeleri tamamlanan 2011 y\u0131l\u0131 Adl\u00ee ve \u0130dar\u00ee Yarg\u0131 Yaz Kararnameleri ekte yay\u0131nlanm\u0131\u015f bulunmaktad\u0131r.<\/p>\n<p style=\"text-align: justify;\">Bu \u00e7er\u00e7evede;<\/p>\n<p style=\"text-align: justify;\">\u0130\u015f ve kadro durumu nedeniyle yerinde yetkili b\u0131rak\u0131lanlar hari\u00e7, kararnameler ile bir ba\u015fka yere atanan h\u00e2kim ve Cumhuriyet savc\u0131lar\u0131m\u0131z\u0131n en ge\u00e7 01\/07\/2011 tarihine kadar tebligatlar\u0131n\u0131 alarak g\u00f6rev yerlerinden ayr\u0131lmalar\u0131,<!--more--><\/p>\n<p style=\"text-align: justify;\">M\u00fcstemir yetki \u00e7al\u0131\u015fmalar\u0131n\u0131n meslekta\u015flar\u0131m\u0131z\u0131n yeni g\u00f6rev yerlerine ba\u015flay\u0131ncaya kadar sonu\u00e7land\u0131r\u0131labilmesi amac\u0131yla m\u00fcstemir yetkiye ili\u015fkin taleplerini yaz\u0131l\u0131 olarak en ge\u00e7 24\/06\/2011 tarihine kadar Genel Sekreterli\u011fimizde olacak \u015fekilde UYAP ortam\u0131nda g\u00f6ndermeleri,<\/p>\n<p style=\"text-align: justify;\">\u00a0Gerekti\u011fi hususlar\u0131n\u0131 meslekta\u015flar\u0131m\u0131z\u0131n bilgisine sunar, atama g\u00f6ren h\u00e2kim ve Cumhuriyet savc\u0131lar\u0131m\u0131za yeni g\u00f6rev yerlerinde ba\u015far\u0131lar dileriz.<\/p>\n<p style=\"text-align: justify;\">E K \u0130\u00a0\u00a0\u00a0\u00a0\u00a0\u00a0\u00a0\u00a0\u00a0 :<br \/>\n<a href=\"http:\/\/www.hsyk.gov.tr\/dosyalar\/kararnameler\/2011-yaz-kararnamesi\/1-2011-Yili-%C4%B0dari-Yargi-Yaz-Kararnamesi.pdf\" target=\"_blank\">1- 2011 y\u0131l\u0131 \u0130dar\u00ee Yarg\u0131 Yaz Kararnamesi<\/a><br \/>\n<a href=\"http:\/\/www.hsyk.gov.tr\/dosyalar\/kararnameler\/2011-yaz-kararnamesi\/2-2011-Yili-Adli-Yargi-Yaz-Kararnamesi.pdf\" target=\"_blank\">2- 2011 y\u0131l\u0131 Adl\u00ee Yarg\u0131 Yaz Kararnamesi<\/a><br \/>\n<a href=\"http:\/\/www.hsyk.gov.tr\/dosyalar\/kararnameler\/2011-yaz-kararnamesi\/3-6110-Sayili-Kanun-Geregince-Ticaret-Mahkemesi-Baskanl%C4%B1g%C4%B1ndan-Hakimlige-Atananlara-%C4%B0liskin-Liste.pdf\" target=\"_blank\">3- 6110 say\u0131l\u0131 \u00a0Kanun gere\u011fince \u00a0Ticaret Mahkemesi Ba\u015fkanl\u0131\u011f\u0131ndan h\u00e2kimli\u011fe atananlara ili\u015fkin liste <\/a><br \/>\n<a href=\"http:\/\/www.hsyk.gov.tr\/dosyalar\/kararnameler\/2011-yaz-kararnamesi\/4-Yarg%C4%B1tay-Tetkik-Hakimligine-ve-Yarg%C4%B1tay-Cumhuriyet-Savc%C4%B1l%C4%B1%C4%9F%C4%B1na-Atananlara-%C4%B0li%C5%9Fkin-Liste.pdf\" target=\"_blank\">4- Yarg\u0131tay Tetkik H\u00e2kimli\u011fine ve Yarg\u0131tay Cumhuriyet Savc\u0131l\u0131\u011f\u0131na atananlara ili\u015fkin liste\u00a0 <\/a><\/p>\n<p style=\"text-align: justify;\">Not: 1-Kararnamelere ili\u015fkin ayr\u0131nt\u0131lar ve istatistikler HSYK intranet sayfas\u0131nda ayr\u0131ca yay\u0131mlanacakt\u0131r.<br \/>\n2- Yarg\u0131tay Tetkik H\u00e2kimli\u011fine atanmalar\u0131 uygun bulunup \u00a05 y\u0131ll\u0131k fiili hizmet s\u00fcresini bug\u00fcn itibariyle doldurmayanlar\u0131n atamalar\u0131 daha sonra yap\u0131lacakt\u0131r.<\/p>\n<p style=\"text-align: justify;\"><a href=\"http:\/\/www.hsyk.gov.tr\/duyurular\/2011\/haziran\/2011-yaz-kararnamesi.html\" target=\"_blank\">Kaynak : http:\/\/www.hsyk.gov.tr\/duyurular\/2011\/haziran\/2011-yaz-kararnamesi.html<\/a><\/p>\n<\/div>\n","protected":false},"excerpt":{"rendered":"\n<p style=\"text-align: center;\" align=\"center\">\n<p align=\"center\">T.C. HAK\u0130MLER VE SAVCILAR Y\u00dcKSEK KURULU B\u0130R\u0130NC\u0130 DA\u0130RE BA\u015eKANLI\u011eI <\/p>\n<p align=\"center\">2011 YILI ADL\u0130 VE \u0130DAR\u0130 YARGI YAZ KARARNAMELER\u0130NE \u0130L\u0130\u015eK\u0130N DUYURU<\/p>\n<\/p>\n<p style=\"text-align: justify;\">Dairemizce g\u00f6r\u00fc\u015fmeleri tamamlanan 2011 y\u0131l\u0131 Adl\u00ee ve \u0130dar\u00ee Yarg\u0131 Yaz Kararnameleri ekte yay\u0131nlanm\u0131\u015f bulunmaktad\u0131r.<\/p>\n<p style=\"text-align: justify;\">Bu \u00e7er\u00e7evede;<\/p>\n<p style=\"text-align: justify;\">\u0130\u015f ve kadro durumu <\/p>\n","protected":false},"author":1,"featured_media":0,"comment_status":"open","ping_status":"closed","sticky":false,"template":"","format":"standard","meta":{"footnotes":""},"categories":[105],"tags":[],"class_list":["post-34864","post","type-post","status-publish","format-standard","hentry","category-gundem","odd"],"_links":{"self":[{"href":"http:\/\/www.korhanyilmaz.com\/index.php?rest_route=\/wp\/v2\/posts\/34864","targetHints":{"allow":["GET"]}}],"collection":[{"href":"http:\/\/www.korhanyilmaz.com\/index.php?rest_route=\/wp\/v2\/posts"}],"about":[{"href":"http:\/\/www.korhanyilmaz.com\/index.php?rest_route=\/wp\/v2\/types\/post"}],"author":[{"embeddable":true,"href":"http:\/\/www.korhanyilmaz.com\/index.php?rest_route=\/wp\/v2\/users\/1"}],"replies":[{"embeddable":true,"href":"http:\/\/www.korhanyilmaz.com\/index.php?rest_route=%2Fwp%2Fv2%2Fcomments&post=34864"}],"version-history":[{"count":0,"href":"http:\/\/www.korhanyilmaz.com\/index.php?rest_route=\/wp\/v2\/posts\/34864\/revisions"}],"wp:attachment":[{"href":"http:\/\/www.korhanyilmaz.com\/index.php?rest_route=%2Fwp%2Fv2%2Fmedia&parent=34864"}],"wp:term":[{"taxonomy":"category","embeddable":true,"href":"http:\/\/www.korhanyilmaz.com\/index.php?rest_route=%2Fwp%2Fv2%2Fcategories&post=34864"},{"taxonomy":"post_tag","embeddable":true,"href":"http:\/\/www.korhanyilmaz.com\/index.php?rest_route=%2Fwp%2Fv2%2Ftags&post=34864"}],"curies":[{"name":"wp","href":"https:\/\/api.w.org\/{rel}","templated":true}]}}