{"id":34859,"date":"2011-06-19T20:11:19","date_gmt":"2011-06-19T17:11:19","guid":{"rendered":"http:\/\/www.korhanyilmaz.com\/?p=34859"},"modified":"2011-07-10T23:51:44","modified_gmt":"2011-07-10T20:51:44","slug":"bahceli-gulun-aciklamasi-dusundurucu","status":"publish","type":"post","link":"http:\/\/www.korhanyilmaz.com\/?p=34859","title":{"rendered":"Bah\u00e7eli: &#8220;G\u00fcl&#8217;\u00fcn a\u00e7\u0131klamas\u0131 d\u00fc\u015f\u00fcnd\u00fcr\u00fcc\u00fc&#8221;"},"content":{"rendered":"<p style=\"text-align: center;\"><a href=\"http:\/\/www.korhanyilmaz.com\/wp-content\/uploads\/2011\/06\/file.ashx_.jpg\"  class=\"lightview\"><img loading=\"lazy\" decoding=\"async\" class=\"aligncenter size-full wp-image-34860\" src=\"http:\/\/www.korhanyilmaz.com\/wp-content\/uploads\/2011\/06\/file.ashx_.jpg\" alt=\"\" width=\"346\" height=\"266\" \/><\/a><\/p>\n<p style=\"text-align: justify;\">MHP Genel Ba\u015fkan\u0131 Devlet Bah\u00e7eli, se\u00e7im \u00f6ncesi ya\u015fanan kaset olaylar\u0131 ile ilgili olarak &#8220;Her konuya an\u0131nda refleks g\u00f6steren, b\u00f6l\u00fcc\u00fclerin se\u00e7ilmesi i\u00e7in Y\u00fcksek Se\u00e7im Kurulunu bask\u0131 alt\u0131na alan Cumhurba\u015fkan\u0131 Abdullah G\u00fcl&#8217;\u00fcn de uzun bir s\u00fcre sessiz kalmas\u0131 ve kamuoyu alg\u0131s\u0131n\u0131n de\u011fi\u015fmesiyle birden bire a\u00e7\u0131klama yapma gere\u011fi hissetmesi son derece d\u00fc\u015f\u00fcnd\u00fcr\u00fcc\u00fcd\u00fcr&#8221; dedi. <!--more--><\/p>\n<p style=\"text-align: justify;\">Bah\u00e7eli, Merkez Y\u00f6netim Kurulu \u00fcyeleri ve il ba\u015fkanlar\u0131 ile toplant\u0131s\u0131n\u0131n ard\u0131ndan yaz\u0131l\u0131 a\u00e7\u0131klama yapt\u0131.<\/p>\n<p style=\"text-align: justify;\">Partisinin \u00e7ok zorlu ve tehditlerle dolu bir se\u00e7im d\u00f6nemini geride b\u0131rakt\u0131\u011f\u0131n\u0131 ifade eden Bah\u00e7eli, partisine d\u00f6n\u00fck \u00e7ok y\u00f6nl\u00fc sald\u0131r\u0131n\u0131n ve tahriklerin se\u00e7im s\u00fcrecini ve siyasi rekabeti olumsuz etkiledi\u011fini kaydetti.<\/p>\n<p style=\"text-align: justify;\">Bah\u00e7eli, a\u00e7\u0131klamas\u0131nda \u015fu g\u00f6r\u00fc\u015flere yer verdi:<\/p>\n<p style=\"text-align: justify;\">&#8220;AKP&#8217;nin gizli g\u00fcndemi kar\u015f\u0131s\u0131nda milli bir duru\u015f g\u00f6steren ve T\u00fcrk milletinin bin y\u0131ll\u0131k karde\u015fli\u011fini, temelinde bozmay\u0131 planlayan \u00e7abalara partimizin itiraz etmesi, iftiralara, m\u00fctecaviz giri\u015fimlere maruz kalmas\u0131na yol a\u00e7m\u0131\u015ft\u0131r. Bu itibarla sistemli ve AKP&#8217;nin ba\u015frol oyuncusu oldu\u011fu kirli bir senaryo ad\u0131m ad\u0131m ilerletilmi\u015f ve Milliyet\u00e7i Hareket Partisi hayas\u0131zca hedef tahtas\u0131na oturtulmu\u015ftur.<\/p>\n<p style=\"text-align: justify;\">MHP&#8217;nin baraj alt\u0131nda b\u0131rak\u0131lmas\u0131 ve siyasetten tasfiye edilmesi i\u00e7in \u0131srarl\u0131 bir m\u00fccadele sergilenmi\u015ftir. Nitekim \u00fclkemiz, d\u00fcnyada bile e\u015fine ve benzerine az rastlan\u0131r bir demokrasi tahribat\u0131yla ve y\u0131k\u0131m\u0131yla y\u00fcz y\u00fcze kalm\u0131\u015ft\u0131r. Kimli\u011fi, ki\u015fili\u011fi ve aidiyeti karanl\u0131kta kalan mihraklar en ba\u015fta Milliyet\u00e7i Hareket Partisine pervas\u0131zca, ahlaks\u0131zca ve insanl\u0131k d\u0131\u015f\u0131 y\u00f6ntemlerle sald\u0131rm\u0131\u015flard\u0131r.<\/p>\n<p style=\"text-align: justify;\">12 Haziran g\u00fcn\u00fcne gelesiye kadar \u00f6zel hayatlar\u0131n i\u011fren\u00e7 bir \u015fekilde takibi yap\u0131lm\u0131\u015f, yasa d\u0131\u015f\u0131 yollarla izleme, dinleme, g\u00f6zetleme amac\u0131yla evlere kameralar yerle\u015ftirilmi\u015f ve arkas\u0131ndan da elde edilen kay\u0131tlar internet \u00fczerinden yay\u0131mlanm\u0131\u015ft\u0131r.&#8221;<\/p>\n<p style=\"text-align: justify;\"><strong>&#8220;A\u011f\u0131r \u015fantaj&#8221;<\/strong><\/p>\n<p style=\"text-align: justify;\">\u0130nternette yer alan g\u00f6r\u00fcnt\u00fclerle ilgili olarak &#8220;siyasi sonu\u00e7lar \u00fcretmeye \u00e7al\u0131\u015fan tezgah&#8221; de\u011ferlendirmesi yapan Bah\u00e7eli, bunlar\u0131n hi\u00e7bir engellemeye maruz kalmadan varl\u0131\u011f\u0131n\u0131 devam ettirmesinin ise T\u00fcrk siyaseti a\u00e7\u0131s\u0131ndan b\u00fcy\u00fck bir talihsizlik ve k\u0131r\u0131lma oldu\u011funu kaydetti.<\/p>\n<p style=\"text-align: justify;\">&#8220;Ahlaken \u00e7ok sorunlu g\u00f6r\u00fcnt\u00fcleri sanal alemden servis edenlerin \u00f6ncelikle Milliyet\u00e7i Hareket Partisini, Milletvekilli\u011fi Genel Se\u00e7imi&#8217;nde zora sokmay\u0131, toplum nezdinde itibar\u0131n\u0131 d\u00fc\u015f\u00fcrmeyi ve Meclis d\u0131\u015f\u0131na itmeyi ama\u00e7lad\u0131klar\u0131 anla\u015f\u0131lmaktad\u0131r&#8221; g\u00f6r\u00fc\u015f\u00fcn\u00fc savunan Bah\u00e7eli, a\u00e7\u0131klamas\u0131nda \u015funlar\u0131 kaydetti:<\/p>\n<p style=\"text-align: justify;\">&#8220;Esasen kaset parantezine al\u0131narak a\u011f\u0131r bir \u015fantajla k\u00f6\u015feye s\u0131k\u0131\u015ft\u0131r\u0131lmaya \u00e7al\u0131\u015f\u0131lan yaln\u0131zca Milliyet\u00e7i Hareket Partisi olmam\u0131\u015f, T\u00fcrk siyaseti ve demokrasisi bu geli\u015fmelerden derin bir yara alm\u0131\u015ft\u0131r. Ne var ki partimize hayas\u0131zca sald\u0131ran \u015feref ve seviye yoksunu karanl\u0131k odaklara y\u00f6nelik AKP h\u00fck\u00fcmetinden inand\u0131r\u0131c\u0131 ve etkili bir ad\u0131m bug\u00fcne kadar hen\u00fcz gelmemi\u015ftir.<\/p>\n<p style=\"text-align: justify;\">\u00d6zel hayat\u0131 de\u015fifre ederek siyaset \u00fczerinde bask\u0131 kurmaya ve tehditlerle mesafe almaya \u00e7al\u0131\u015fanlara kar\u015f\u0131 devlet organlar\u0131 tepkisiz, hareketsiz ve yetersiz kalm\u0131\u015ft\u0131r. Ba\u015fbakan Erdo\u011fan&#8217;\u0131n, Milliyet\u00e7i Hareket Partisinin zor durumundan istifade ederek meydanlarda kaset tezgah\u0131n\u0131 diline dolamas\u0131, AKP&#8217;nin de bu \u015fer kumpanyas\u0131n\u0131n bir par\u00e7as\u0131 oldu\u011fu izlenimini g\u00fc\u00e7lendirmi\u015ftir.&#8221;<\/p>\n<p style=\"text-align: justify;\">AK Parti&#8217;nin, MHP&#8217;yi s\u00f6zde tanzim etmeye, yeniden tasarlamaya ya da dizayn etmeye niyetlenen \u00e7etenin ekme\u011fine ya\u011f s\u00fcrd\u00fc\u011f\u00fcn\u00fc savunan Bah\u00e7eli, &#8220;\u0130\u00e7 ve d\u0131\u015f uzant\u0131lar\u0131 oldu\u011fu y\u00f6n\u00fcnde g\u00fc\u00e7l\u00fc emarelerin bulundu\u011fu bu organize su\u00e7 \u00e7etesi, se\u00e7imler \u00f6ncesinde T\u00fcrk siyasetine istikamet vermek istemi\u015ftir&#8221; g\u00f6r\u00fc\u015f\u00fcn\u00fc dile getirdi.<\/p>\n<p style=\"text-align: justify;\"><strong>&#8220;AKP \u00e7etenin s\u00f6zc\u00fcs\u00fc&#8221;<\/strong><\/p>\n<p style=\"text-align: justify;\">A\u00e7\u0131klamas\u0131nda, T\u00fcrkiye&#8217;nin, k\u00fcresel sisteme ve g\u00fc\u00e7 merkezlerine hizmet eden, faaliyetlerini hala yerel uzant\u0131lar\u0131 eliyle y\u00fcr\u00fcten b\u00fcy\u00fck bir su\u00e7 \u015febekesiyle kar\u015f\u0131 kar\u015f\u0131ya oldu\u011funu bildiren Bah\u00e7eli, &#8220;Yabanc\u0131 istihbarat kurumlar\u0131n\u0131n kontrols\u00fcz yap\u0131lar\u0131 ve i\u00e7erideki psikolojik operasyonlar\u0131, ajitasyonlar, tahrikler, kamuoyu y\u00f6nlendirmeleri, halkla ili\u015fkiler faaliyetleri, profesyonel provokat\u00f6rlerin siyasi yap\u0131lara s\u0131zma \u00e7abalar\u0131 son d\u00f6nemde ya\u015fanan ve muhatap olunan tehlikeli manzaran\u0131n yaln\u0131zca y\u00fczeyde kalan k\u0131sm\u0131d\u0131r&#8221; iddias\u0131nda bulundu.<\/p>\n<p style=\"text-align: justify;\">Bah\u00e7eli, \u015f\u00f6yle devam etti:<\/p>\n<p style=\"text-align: justify;\">&#8220;AKP ise bu \u00e7etenin adeta s\u00f6zc\u00fcl\u00fc\u011f\u00fcn\u00fc yapm\u0131\u015f, planlar\u0131n\u0131 uygulam\u0131\u015f ve yan\u0131nda pozisyon alm\u0131\u015ft\u0131r. Bu itibarla, partimize d\u00f6n\u00fck adice ve al\u00e7ak\u00e7a sald\u0131r\u0131lar\u0131n alt\u0131nda \u00e7ok y\u00f6nl\u00fc bir hesap bulunmaktad\u0131r. \u00d6ncelikle 12 Haziran se\u00e7imleri sonras\u0131nda yap\u0131lacak yeni anayasa kapsam\u0131nda, Milliyet\u00e7i Hareket&#8217;in \u00e7ok kimliklili\u011fe r\u0131za g\u00f6stermesi ve etnik kimliklerin anayasaya ta\u015f\u0131nmas\u0131na onay vermesi a\u00e7\u0131k\u00e7a talep edilmi\u015ftir. \u0130lave olarak, T\u00fcrk\u00e7enin Anayasa&#8217;dan \u00e7\u0131kar\u0131lmas\u0131na, T\u00fcrk kimli\u011finin esnetilerek alt kimlik seviyesine indirilmesine sessiz kalmas\u0131 beklenmi\u015ftir. Bilinmelidir ki yap\u0131lan sald\u0131r\u0131lar\u0131n temelinde Milliyet\u00e7i Hareket Partisini yeni anayasa \u00e7er\u00e7evesinde d\u00f6n\u00fc\u015ft\u00fcrme ve milli itirazlar\u0131n\u0131 t\u00f6rp\u00fcleme ve s\u00f6nd\u00fcrme niyeti bulunmaktad\u0131r.<\/p>\n<p style=\"text-align: justify;\">\u00d6zellikle gizli video kay\u0131tlar\u0131n\u0131n yay\u0131mlanmaya ba\u015flamas\u0131yla, Ba\u015fbakan Erdo\u011fan&#8217;\u0131n 12 Haziran sonras\u0131nda en b\u00fcy\u00fck icraat\u0131n\u0131n yeni anayasa olaca\u011f\u0131n\u0131 ifade eden s\u00f6zlerindeki zamanlama son derece dikkat ve ilgi \u00e7ekici olmu\u015ftur. 12 Haziran sonras\u0131 i\u00e7in, etnik kimlikler i\u00e7in stat\u00fc pazarl\u0131\u011f\u0131, \u0130mral\u0131 canisini de i\u00e7erecek genel af, \u00f6zerklik, anadilde e\u011fitim ve son a\u015famada ise federasyon m\u00fczakereleri el alt\u0131ndan yap\u0131lm\u0131\u015ft\u0131r. B\u00f6l\u00fcc\u00fc ter\u00f6r ve siyasetteki uzant\u0131lar\u0131yla AKP&#8217;nin kontroll\u00fc gerginli\u011fi ve dan\u0131\u015f\u0131kl\u0131 d\u00f6v\u00fc\u015f\u00fc sadece se\u00e7ime d\u00f6n\u00fck sinsi bir strateji ve g\u00f6z boyamak i\u00e7in olu\u015fturulmu\u015f sahte kar\u015f\u0131tl\u0131ktan beslenmi\u015ftir.&#8221;<\/p>\n<p style=\"text-align: justify;\"><strong>G\u00fcl&#8217;\u00fcn sessizli\u011fi<\/strong><\/p>\n<p style=\"text-align: justify;\">A\u00e7\u0131klamas\u0131nda, &#8220;AKP h\u00fck\u00fcmetinin b\u00fct\u00fcn oyunlar\u0131 T\u00fcrk milletini me\u015fgul etmek, milli ve manevi de\u011ferleri istismar ederek T\u00fcrk milliyet\u00e7ileri ve vatanseverleri g\u00fc\u00e7s\u00fczle\u015ftirmek \u00fczerine kurulmu\u015ftur&#8221; g\u00f6r\u00fc\u015f\u00fcn\u00fc savunan Bah\u00e7eli, \u015funlar\u0131 kaydetti:<\/p>\n<p style=\"text-align: justify;\">&#8220;24. D\u00f6nem TBMM&#8217;nde, milletvekili say\u0131s\u0131 olarak 367 s\u0131n\u0131r\u0131n\u0131 a\u015fman\u0131n Milliyet\u00e7i Hareket Partisinin Meclis d\u0131\u015f\u0131nda kalmas\u0131na ba\u011fl\u0131 oldu\u011funu g\u00f6ren ve ancak bu \u015fekilde b\u00f6l\u00fcnm\u00fc\u015f T\u00fcrkiye&#8217;nin anayasas\u0131n\u0131 yapaca\u011f\u0131n\u0131 bilen AKP h\u00fck\u00fcmetinin, b\u00fct\u00fcn tertiplerin merkezinde oldu\u011fu \u015f\u00fcphesi son derece fazlad\u0131r. Milliyet\u00e7i Hareket Partisi&#8217;ne yap\u0131lan siyasi suikastlar\u0131 ve infaz giri\u015fimlerini lehine \u00e7evirmek i\u00e7in g\u00fcnlerce u\u011fra\u015fan Ba\u015fbakan Erdo\u011fan&#8217;\u0131n bu namertli\u011fini T\u00fcrk milleti asla unutmayacakt\u0131r. Her konuya an\u0131nda refleks g\u00f6steren, b\u00f6l\u00fcc\u00fclerin se\u00e7ilmesi i\u00e7in Y\u00fcksek Se\u00e7im Kurulunu bask\u0131 alt\u0131na alan Cumhurba\u015fkan\u0131 Abdullah G\u00fcl&#8217;\u00fcn de uzun bir s\u00fcre sessiz kalmas\u0131 ve kamuoyu alg\u0131s\u0131n\u0131n de\u011fi\u015fmesiyle birden bire a\u00e7\u0131klama yapma gere\u011fi hissetmesi son derece d\u00fc\u015f\u00fcnd\u00fcr\u00fcc\u00fcd\u00fcr.&#8221;<\/p>\n<p style=\"text-align: justify;\"><strong>Devlet imkanlar\u0131n\u0131n kullan\u0131m\u0131<\/strong><\/p>\n<p style=\"text-align: justify;\">Genel se\u00e7imde devletin t\u00fcm imkanlar\u0131n\u0131n AK Parti lehine seferber edildi\u011fini savunan Bah\u00e7eli, bakanl\u0131klar\u0131n \u00fcst d\u00fczey b\u00fcrokrasisinin, valilerin, kaymakamlar\u0131n AK Parti propagandas\u0131n\u0131n birer unsuru oldu\u011funu, tarafs\u0131zl\u0131k ve hakkaniyet \u00f6l\u00e7\u00fclerinin b\u00fct\u00fcn\u00fcyle \u00e7i\u011fnendi\u011fini savundu.<\/p>\n<p style=\"text-align: justify;\">&#8220;Bir devlet kanal\u0131 olan TRT, var olan yasalar\u0131 ihlal ederek alenen AKP&#8217;nin yay\u0131n organ\u0131 haline getirilmi\u015f ve parti televizyonu yaftas\u0131n\u0131n siciline eklenmesinden zerre kadar utan\u00e7 duyulmam\u0131\u015ft\u0131r&#8221; g\u00f6r\u00fc\u015f\u00fcn\u00fc dile getiren Bah\u00e7eli, a\u00e7\u0131klamas\u0131na \u015f\u00f6yle devam etti:<\/p>\n<p style=\"text-align: justify;\">&#8220;Bununla birlikte medya t\u00fcm g\u00fcc\u00fcyle AKP&#8217;nin yan\u0131nda yer alm\u0131\u015f, yanda\u015f kalemler MHP d\u00fc\u015fmanl\u0131\u011f\u0131nda mutabakat sa\u011flayarak ald\u0131klar\u0131 talimatlar\u0131n gere\u011fini sat\u0131rlar\u0131ndan yayd\u0131klar\u0131 nefretlerle yerine getirmi\u015flerdir. Se\u00e7im \u00f6ncesinde MHP&#8217;yi s\u00fcrekli baraj alt\u0131nda g\u00f6sterme gayretleri, anket \u015firketlerinin kamuoyunu maniple etmeye d\u00f6n\u00fck raporlar\u0131 herkesin g\u00f6z\u00fc \u00f6n\u00fcnde cereyan etmi\u015ftir.<\/p>\n<p style=\"text-align: justify;\">AKP&#8217;nin se\u00e7im s\u00fcrecindeki harcamalar\u0131 ise anormal d\u00fczeyde olup izaha muhta\u00e7 oldu\u011fu da ku\u015fkusuzdur. Kamuoyuna yans\u0131d\u0131\u011f\u0131 kadar\u0131yla AKP&#8217;nin se\u00e7im giderlerinin yaln\u0131zca Hazine yard\u0131mlar\u0131yla finanse edilmesi imkans\u0131z g\u00f6r\u00fclmektedir. Bu haliyle AKP&#8217;nin siyasi fayda sa\u011flamak maksad\u0131yla her yola tevess\u00fcl edece\u011fi, her \u00e7irkinli\u011fe ba\u015fvuraca\u011f\u0131 bug\u00fcne kadarki tecr\u00fcbelerle sabittir.&#8221;<\/p>\n<p style=\"text-align: justify;\">MHP Lideri Bah\u00e7eli, se\u00e7imlerle ilgili \u015faibeler oldu\u011funu belirterek, &#8220;AKP etiketli organize su\u00e7 \u00e7etelerinin sand\u0131k yolsuzlu\u011fu yapt\u0131klar\u0131na dair \u015f\u00fcpheler kuvvetlenmi\u015ftir&#8221; dedi.<\/p>\n<p style=\"text-align: justify;\"><strong>&#8220;\u00d6ld\u00fcr\u00fcc\u00fc darbeler&#8221;<\/strong><\/p>\n<p style=\"text-align: justify;\">Bah\u00e7eli, a\u00e7\u0131klamas\u0131nda \u015fu g\u00f6r\u00fc\u015flere de yer verdi:<\/p>\n<p style=\"text-align: justify;\">&#8220;\u0130zan, insaf, vicdan, sa\u011fduyu ve hidayet sahibi aziz vatanda\u015flar\u0131m T\u00fcrkiye&#8217;nin ve T\u00fcrk demokrasisinin i\u00e7ine d\u00fc\u015f\u00fcr\u00fcld\u00fc\u011f\u00fc bu \u00e7\u0131kmaza sessiz kalmam\u0131\u015f ve karanl\u0131k mahfillerden siyasi terzilik yapanlar\u0131n t\u00fcm oyunlar\u0131n\u0131 sand\u0131kta bozmu\u015ftur.<\/p>\n<p style=\"text-align: justify;\">Bu haliyle Milliyet\u00e7i Hareket Partisinin y\u00fczde 13&#8217;l\u00fck oy oran\u0131, yenilgi ya da zafer skalas\u0131nda herhangi bir yere yerle\u015ftirilemeyecek kadar anlaml\u0131, \u00f6nemli ve niteliklidir. D\u00f6rt bir koldan sar\u0131lmas\u0131na ve \u00f6ld\u00fcr\u00fcc\u00fc darbelere maruz b\u0131rak\u0131lmas\u0131na ra\u011fmen, Milliyet\u00e7i Hareket&#8217;in surunda gedik a\u00e7\u0131lamam\u0131\u015f ve bunu bekleyenler b\u00fcy\u00fck bir hayal k\u0131r\u0131kl\u0131\u011f\u0131na u\u011fram\u0131\u015flard\u0131r. Partimiz t\u00fcm y\u00f6netim kademeleriyle birlikte tek y\u00fcrek olmu\u015f ve tam bir inan\u00e7 birli\u011fi sa\u011flayarak \u00f6n\u00fcm\u00fczdeki s\u00fcrece yo\u011funla\u015fma karar\u0131n\u0131 alm\u0131\u015ft\u0131r.&#8221;<\/p>\n<p style=\"text-align: justify;\">A\u00e7\u0131klamas\u0131nda &#8220;Demokrasiyi keyfince yorumlayan, menfaati gere\u011fince anlam y\u00fckleyen ve ba\u015f\u0131na s\u00fcrekli s\u0131fat ekleyen AKP iktidar\u0131n\u0131n yapt\u0131klar\u0131 asla yan\u0131na kar kalmayacakt\u0131r&#8221; g\u00f6r\u00fc\u015f\u00fcn\u00fc dile getiren Bah\u00e7eli, &#8220;MHP;ye yap\u0131lan darbe giri\u015fimlerine alk\u0131\u015f tutanlar, ma\u011fduriyetinden medet umanlar, komplolardan memnun olanlar ve te\u015fvik edenler eninden sonunda pi\u015fman olacaklard\u0131r&#8221; dedi.<\/p>\n<p style=\"text-align: justify;\"><a href=\"http:\/\/www.cnnturk.com\/2011\/turkiye\/06\/19\/bahceli.gulun.aciklamasi.dusundurucu\/620573.0\/index.html\" target=\"_blank\">Kaynak : CNN T\u00dcRK<\/a><\/p>\n","protected":false},"excerpt":{"rendered":"<p style=\"text-align: center;\">\n<p style=\"text-align: justify;\">MHP Genel Ba\u015fkan\u0131 Devlet Bah\u00e7eli, se\u00e7im \u00f6ncesi ya\u015fanan kaset olaylar\u0131 ile ilgili olarak &#8220;Her konuya an\u0131nda refleks g\u00f6steren, b\u00f6l\u00fcc\u00fclerin se\u00e7ilmesi i\u00e7in Y\u00fcksek Se\u00e7im Kurulunu bask\u0131 alt\u0131na alan Cumhurba\u015fkan\u0131 Abdullah G\u00fcl&#8217;\u00fcn de uzun bir s\u00fcre sessiz kalmas\u0131 ve kamuoyu alg\u0131s\u0131n\u0131n de\u011fi\u015fmesiyle birden bire a\u00e7\u0131klama yapma gere\u011fi hissetmesi son derece d\u00fc\u015f\u00fcnd\u00fcr\u00fcc\u00fcd\u00fcr&#8221; dedi. <\/p>\n","protected":false},"author":1,"featured_media":0,"comment_status":"open","ping_status":"closed","sticky":false,"template":"","format":"standard","meta":{"footnotes":""},"categories":[105],"tags":[],"class_list":["post-34859","post","type-post","status-publish","format-standard","hentry","category-gundem","odd"],"_links":{"self":[{"href":"http:\/\/www.korhanyilmaz.com\/index.php?rest_route=\/wp\/v2\/posts\/34859","targetHints":{"allow":["GET"]}}],"collection":[{"href":"http:\/\/www.korhanyilmaz.com\/index.php?rest_route=\/wp\/v2\/posts"}],"about":[{"href":"http:\/\/www.korhanyilmaz.com\/index.php?rest_route=\/wp\/v2\/types\/post"}],"author":[{"embeddable":true,"href":"http:\/\/www.korhanyilmaz.com\/index.php?rest_route=\/wp\/v2\/users\/1"}],"replies":[{"embeddable":true,"href":"http:\/\/www.korhanyilmaz.com\/index.php?rest_route=%2Fwp%2Fv2%2Fcomments&post=34859"}],"version-history":[{"count":0,"href":"http:\/\/www.korhanyilmaz.com\/index.php?rest_route=\/wp\/v2\/posts\/34859\/revisions"}],"wp:attachment":[{"href":"http:\/\/www.korhanyilmaz.com\/index.php?rest_route=%2Fwp%2Fv2%2Fmedia&parent=34859"}],"wp:term":[{"taxonomy":"category","embeddable":true,"href":"http:\/\/www.korhanyilmaz.com\/index.php?rest_route=%2Fwp%2Fv2%2Fcategories&post=34859"},{"taxonomy":"post_tag","embeddable":true,"href":"http:\/\/www.korhanyilmaz.com\/index.php?rest_route=%2Fwp%2Fv2%2Ftags&post=34859"}],"curies":[{"name":"wp","href":"https:\/\/api.w.org\/{rel}","templated":true}]}}