{"id":3484,"date":"2009-02-22T15:26:01","date_gmt":"2009-02-22T13:26:01","guid":{"rendered":"http:\/\/www.korhanyilmaz.com\/?p=3484"},"modified":"2009-02-22T15:26:01","modified_gmt":"2009-02-22T13:26:01","slug":"emekli-generalin-vahim-ifadesi","status":"publish","type":"post","link":"http:\/\/www.korhanyilmaz.com\/?p=3484","title":{"rendered":"Emekli General&#039;in vahim ifadesi"},"content":{"rendered":"<p style=\"text-align: center;\"><img loading=\"lazy\" decoding=\"async\" class=\"aligncenter size-full wp-image-3485\" title=\"Ergenekon\u2019un 10\u2019uncu dalgas\u0131 kapsam\u0131nda g\u00f6zalt\u0131na al\u0131nan emekli T\u00fcmgeneral Erdal \u015eenel \" src=\"http:\/\/www.korhanyilmaz.com\/wp-content\/uploads\/2009\/02\/230220090347370384221.jpg\" alt=\"Ergenekon\u2019un 10\u2019uncu dalgas\u0131 kapsam\u0131nda g\u00f6zalt\u0131na al\u0131nan emekli T\u00fcmgeneral Erdal \u015eenel \" width=\"376\" height=\"240\" \/><\/p>\n<p style=\"text-align: justify;\"><strong>Ergenekon operasyonunda g\u00f6zalt\u0131na al\u0131n\u0131p serbest b\u0131rak\u0131lan emekli T\u00fcmgeneral \u015eenel&#8217;den ilgin\u00e7 ifadeler<\/strong><br \/>\n<strong><\/strong>\n<\/p>\n<p style=\"text-align: justify;\">Ergenekon operasyonunda g\u00f6zalt\u0131na al\u0131n\u0131p serbest b\u0131rak\u0131lan emekli T\u00fcmgeneral \u015eenel&#8217;in evinde ele ge\u00e7ti\u011fi ileri s\u00fcr\u00fclen CD&#8217;de TSK&#8217;ya ait gizli ibareli and\u0131\u00e7, Siyasal \u0130slamla M\u00fccadele ve Karanl\u0131k Sava\u015f Konsepti 2 adl\u0131 belgelerde gizli eylem planlar\u0131 yer al\u0131yor. \u015eenel ise CD&#8217;nin kendi evinde bulunmad\u0131\u011f\u0131n\u0131 s\u00f6yl\u00fcyor.<\/p>\n<p style=\"text-align: justify;\">Ergenekon&#8217;un 10&#8217;uncu dalgas\u0131 kapsam\u0131nda g\u00f6zalt\u0131na al\u0131nan emekli T\u00fcmgeneral Erdal \u015eenel poliste, savc\u0131l\u0131kta ve tutuksuz yarg\u0131lanma karar\u0131n\u0131n verildi\u011fi mahkemede verdi\u011fi ifadede, &#8220;Ergenekon ter\u00f6r \u00f6rg\u00fct\u00fcyle ilgili bana g\u00f6sterilen belgeler ve anlat\u0131mlar kar\u015f\u0131s\u0131nda, bu insanlar memlekete bu kadar m\u0131 zarar vermek istiyorlar diye deh\u015fete kap\u0131ld\u0131m&#8221; dedi. \u015eenel, hakk\u0131nda ileri s\u00fcr\u00fclen vahim iddialara kar\u015f\u0131 ise bir ba\u015fka vahim iddiada bulunarak, evinde yap\u0131lan aramada ele ge\u00e7en CD&#8217;nin kendi bilgisi dahilinde evde bulunmad\u0131\u011f\u0131n\u0131 ileri s\u00fcrd\u00fc. <!--more-->\u015eenel tutuklama istemiyle sevkedildi\u011fi ve tutuksuz yarg\u0131lanmak \u00fczere tahliyesine karar verildi\u011fi 11 Ocak tarihli duru\u015fmada \u015fu ilgin\u00e7 savunmay\u0131 yapt\u0131: &#8220;Dosyada mevcut arama, el koyma, yakalama ve di\u011fer tutanaklar okundu, ben bilgisayar kullanmay\u0131 bilmem. Evimde \u00e7\u0131kan CD i\u00e7erisindeki gizli belgeler i\u00e7erik olarak benim bildi\u011fim belgeler de\u011fildir. Ben CD a\u00e7may\u0131 bilmem. E\u015fim bu CD&#8217;nin kendisine ait oldu\u011funu s\u00f6ylemi\u015f ise de muhtemelen bunu bo\u015f CD zannetti\u011fi i\u00e7in b\u00f6yle bir beyanda bulunmu\u015ftur.&#8221;<\/p>\n<p style=\"text-align: justify;\"><strong>Savc\u0131n\u0131n etkin pi\u015fmanl\u0131k teklifene ret<\/strong><\/p>\n<p style=\"text-align: justify;\">Emekli T\u00fcmgeneral \u015eenel&#8217;in \u0130stanbul 13. A\u011f\u0131r Ceza Mahkemesi&#8217;nde verdi\u011fi ifadeden, sorgusu s\u0131ras\u0131nda Savc\u0131 Zekeriya \u00d6z taraf\u0131ndan kendisine &#8220;etkin pi\u015fmanl\u0131ktan&#8221; yararlanma teklifi g\u00f6t\u00fcr\u00fcld\u00fc\u011f\u00fc, \u015eenel&#8217;in bu teklifi reddetti\u011fi anla\u015f\u0131l\u0131yor. \u0130\u015fte \u015eenel&#8217;in ifadesindeki o b\u00f6l\u00fcm:<\/p>\n<p style=\"text-align: justify;\">&#8220;Ben Ergenekon ter\u00f6r \u00f6rg\u00fct\u00fcne \u00fcye de\u011filim. Bu \u00f6rg\u00fctle ilgim yoktur. Taraf\u0131ma okunan Cumhuriyet Savc\u0131l\u0131\u011f\u0131 yaz\u0131s\u0131ndaki isnad\u0131 ve buna dayal\u0131 olarak hakk\u0131mda etkin pi\u015fmanl\u0131k h\u00fck\u00fcmlerinin uygulanmas\u0131na y\u00f6nelik d\u00fc\u015f\u00fcnceyi kabul etmiyorum.<\/p>\n<p style=\"text-align: justify;\"><strong>Savc\u0131l\u0131\u011f\u0131n iddialar\u0131 da ayn\u0131 \u00f6l\u00e7\u00fcde vahim<\/strong><\/p>\n<p style=\"text-align: justify;\">Hakk\u0131ndaki iddialar\u0131 yan\u0131tlarken, iddialara temel te\u015fkil eden ve evinde \u00e7\u0131kt\u0131\u011f\u0131 s\u00f6ylenen CD&#8217;ye ili\u015fkin \u015eenel&#8217;in &#8220;Benim bilgim d\u0131\u015f\u0131nda evimde \u00e7\u0131km\u0131\u015ft\u0131r&#8221; iddias\u0131 ne kadar &#8220;vahim&#8221; bir duruma i\u015faret ediyorsa, Savc\u0131l\u0131\u011f\u0131n bu CD&#8217;ye dayanarak ileri s\u00fcrd\u00fc\u011f\u00fc iddialar\u0131n da ayn\u0131 \u00f6l\u00e7\u00fcde vahim oldu\u011fu anla\u015f\u0131l\u0131yor. S\u00f6zkonusu CD&#8217;de Karanl\u0131k Sava\u015f Konsepti 2 adl\u0131 bir slayt\u0131n oldu\u011fu, ba\u015flarken Tu\u011fg. S\u00fcha Tanyeri&#8230; Genel Kurmay Stratejik Ara\u015ft\u0131rma ve Et\u00fct Merkezi (SAREM) Ba\u015fkan\u0131 diye yazd\u0131\u011f\u0131, CD i\u00e7inde Ergenekon&#8217;dan tutuklu Kemal Kerin\u00e7siz, Zekeriya \u00d6zt\u00fcrk, Veli K\u00fc\u00e7\u00fck, Muzaffer Tekin, Do\u011fu Perin\u00e7ek, \u0130lhan Sel\u00e7uk gibi ki\u015filerin resimleriyle, Cumhuriyet mitinglerinin foto\u011fraflar\u0131n\u0131n oldu\u011fu hat\u0131rlat\u0131l\u0131yor ve CD \u00e7\u00f6z\u00fcm\u00fc okunuyor. SAREM Ba\u015fkan\u0131 Tu\u011fg. Tanyeri&#8217;nin konu\u015fmas\u0131 oldu\u011fu ileri s\u00fcr\u00fclen konu\u015fman\u0131n \u00e7\u00f6z\u00fcm\u00fcnde &#8220;uygulama y\u00f6ntemleri &#8221; ba\u015fl\u0131\u011f\u0131 alt\u0131nda \u015fu konu\u015fma yap\u0131l\u0131yor:<\/p>\n<p style=\"text-align: justify;\"><strong>Ter\u00f6r el alt\u0131ndan desteklenecek<\/strong><\/p>\n<p style=\"text-align: justify;\">(&#8230;) g\u00fcd\u00fcmlemeye m\u00fcsait g\u00fcnl\u00fck ya\u015fant\u0131ya, ekonomiye ve devlet idaresine kar\u015f\u0131 etkili olunabilecek kurum ve kurulu\u015flar\u0131, bas\u0131n, bankalar, borsa, haberle\u015fme vb. gibi ele ge\u00e7irmek veya buralarda etkin olmak, sayg\u0131n ara\u015ft\u0131rma, de\u011ferlendirme veya yay\u0131n kurulu\u015flar\u0131n\u0131 de\u011ferlendirme, analiz ve notlar\u0131n tetikleyici olarak ekonomik veya siyasi kriz yaratmak, mezhep, tarikat, sivil toplum \u00f6rg\u00fctleri ve ayd\u0131nlar\u0131 destekleyip g\u00fcvenilirli\u011fini art\u0131rarak kendi maksatlar\u0131 i\u00e7in kullanmak, ter\u00f6r\u00fcn a\u00e7\u0131ktan lanetlenmesi ancak el alt\u0131ndan desteklenmesi, insani de\u011ferler, ter\u00f6r ve etnik milliyet\u00e7ili\u011fin silah olarak kullan\u0131lmas\u0131. Toplum psikolojisinden istifade eden bir ak\u0131m yaratmak ve desteklemek, ama\u00e7 elde edilinceye kadar s\u00fcrd\u00fcrmek i\u00e7in her t\u00fcrl\u00fc deste\u011fi vermek.<\/p>\n<p style=\"text-align: justify;\"><strong>Kontrgerilla hortlad\u0131 dedirtmeyelim<\/strong><\/p>\n<p style=\"text-align: justify;\">\u00c7\u00f6z\u00fcm\u00fc yap\u0131lan ve \u015eenel&#8217;e sorulan uzun konu\u015fman\u0131n &#8220;M\u00fccadele Y\u00f6ntemleri&#8221; ba\u015fl\u0131kl\u0131 b\u00f6l\u00fcm\u00fcnde ise \u015fu ifadelerin yer ald\u0131\u011f\u0131 ileri s\u00fcr\u00fcl\u00fcyor.<\/p>\n<p style=\"text-align: justify;\">&#8220;Uzun d\u00f6nemli stratejileri ve kuvvet yap\u0131s\u0131n\u0131 \u00fclkenin g\u00fc\u00e7l\u00fc y\u00f6nlerini \u00f6n plana \u00e7\u0131karacak ve zaafiyetlerini giderecek \u015fekilde milli b\u00fcnyeye ve b\u00fct\u00e7eye uygun geli\u015ftirmek, m\u00fccadele y\u00f6ntemleri belirlemek ve i\u015fbirli\u011fine gitmek, bunun i\u00e7in de sivil toplum \u00f6rg\u00fctlerinden, bas\u0131n mensuplar\u0131ndan parayla sat\u0131n alaca\u011f\u0131m\u0131z akademisyenlere kadar bir s\u00fcr\u00fc organik ba\u011f\u0131m\u0131z\u0131n d\u0131\u015f\u0131nda olan hatta y\u00fczde 90&#8217;\u0131 organik ba\u011f\u0131m\u0131z\u0131n d\u0131\u015f\u0131nda olan insanlara vizyon vereceksiniz, bu konseptte. Bu konsept gizli. \u0130nsanlar\u0131n hi\u00e7birisinin bundan haberi olma imkan\u0131 ve ihtimali yok. Ama adamlara d\u00fc\u015fen bir s\u00fcr\u00fc g\u00f6revler verdik. Yani sen \u015fimdi bunun konseptini haz\u0131rlayacaks\u0131n, nas\u0131l yay\u0131nlayacaks\u0131n, nas\u0131l g\u00f6rev vereceksin, g\u00f6rev vermezsen yar\u0131n \u00f6b\u00fcr g\u00fcn birisi bunu eline ge\u00e7irecek bir vesileyle, sonra benim \u015f\u00f6hretimi bast\u0131racak&#8230; Aman ha, bu \u00e7ok \u00f6nemli bir konu. Ondan sonra diyecekler ki, kontrgerilla hortlad\u0131.<\/p>\n<p style=\"text-align: justify;\">\u015eimdi bu konsepti herkesin bilmesi gerek. Konsepte g\u00f6re plan haz\u0131rlanacak, ama bu konseptin uygulama a\u015famas\u0131nda herhangi bir i\u015fi yapan insan \u00f6rne\u011fin o \u00fclkesindeki bir b\u00fcy\u00fckel\u00e7ilikteki ikinci katibimiz, bir \u015feyi yapacak ama bunu bu konsepte g\u00f6re yapt\u0131\u011f\u0131n\u0131 bilemeyecek, ona g\u00f6rev verilecek, oda o g\u00f6revi yapacak. Kendisi de bilmesin, gerekmez zaten.<\/p>\n<p style=\"text-align: justify;\"><strong>&#8216;Belgeleri inceledim, korkun\u00e7tu&#8217;<\/strong><\/p>\n<p style=\"text-align: justify;\">Erdal \u015eenel, kendisini tutuksuz yarg\u0131lanmak \u00fczere serbest b\u0131rakan<\/p>\n<p style=\"text-align: justify;\">mahkemeye verdi\u011fi ifadede emniyette kendine g\u00f6sterilen belgeler kar\u015f\u0131s\u0131nda \u00fcrkt\u00fc\u011f\u00fcn\u00fc s\u00f6yledi<\/p>\n<p style=\"text-align: justify;\">&#8220;Ergenekon ter\u00f6r \u00f6rg\u00fct\u00fc hakk\u0131nda emniyette ve Cumhuriyet Savc\u0131l\u0131\u011f\u0131&#8217;nda s\u00f6yledi\u011fim s\u00f6zler do\u011frudur. Yapt\u0131klar\u0131n\u0131 tasvip etmiyorum. Bu \u00f6rg\u00fctle hi\u00e7bir ilgim yoktur. Cumhuriyet Savc\u0131l\u0131\u011f\u0131nda belirtti\u011fim gibi Ergenekon ter\u00f6r \u00f6rg\u00fct\u00fcn\u00fcn yap\u0131lanmas\u0131 ve faaliyetleri ile ilgili emniyette bana incelettirilen belgeleri okudu\u011fumda korkun\u00e7 bir yap\u0131 oldu\u011funu farkettim. \u00c7ok derin ve ciddi bir yap\u0131lanma oldu\u011funu anlad\u0131m. Emniyette bana bu \u00f6rg\u00fct\u00fcn yap\u0131lanmas\u0131, faaliyet \u015fekilleri anlat\u0131ld\u0131. Bu anlat\u0131m kar\u015f\u0131s\u0131nda, bu insanlar memlekete bu kadar m\u0131 zarar vermek istiyorlar, diye d\u00fc\u015f\u00fcn\u00fcp deh\u015fete kap\u0131ld\u0131m. Emniyette bana anlat\u0131lan Ergenekon ter\u00f6r \u00f6rg\u00fct\u00fcn\u00fcn yap\u0131lanmas\u0131n\u0131, ama\u00e7lar\u0131n\u0131 tasvip etmek m\u00fcmk\u00fcn de\u011fildir. Her zaman \u00fclkemizde demokrasinin ve hukukun \u00fcst\u00fcnl\u00fc\u011f\u00fcn\u00fcn i\u015flemesi kanaatindeyim. Ben uzun y\u0131llar askeri hakim olarak en son 14 y\u0131l da Genelkurmay Ba\u015fkanl\u0131\u011f\u0131 Adli M\u00fc\u015faviri olarak g\u00f6rev yapt\u0131m. B\u00f6yle bir su\u00e7 isnad\u0131 ile hakk\u0131mda tedbir uygulanmamas\u0131n\u0131 talep ediyorum.<\/p>\n<p style=\"text-align: justify;\"><strong>&#8216;O CD delil olarak kabul edilemez&#8217;<\/strong><\/p>\n<p style=\"text-align: justify;\">Emekli T\u00fcmgeneral Erdal \u015eenel&#8217;in avukat\u0131 Abdullah Kaya, &#8220;Delil tespitine \u00e7a\u011fr\u0131lmad\u0131m. Telefonum 24 saat a\u00e7\u0131kt\u0131. Hi\u00e7bir \u00e7a\u011fr\u0131 almad\u0131m. Bu y\u00fczden evde bulundu\u011fu \u00f6ne s\u00fcr\u00fclen o CD delil olarak kabul edilemez&#8221; dedi.<\/p>\n<p style=\"text-align: justify;\"><strong>Ayd\u0131nlanma ekipleri de soruldu<\/strong><\/p>\n<p style=\"text-align: justify;\">\u015eenel&#8217;e Emniyette yap\u0131lan sorguda, ayn\u0131 CD i\u00e7inde &#8220;Siyasal \u0130slamla M\u00fccadele&#8221; ba\u015fl\u0131kl\u0131 bir word dosyas\u0131 da soruldu. Dosyan\u0131n i\u00e7eri\u011finde &#8220;gizli&#8221; ibareli &#8220;Eylem Plan\u0131&#8221; ba\u015fl\u0131kl\u0131 yaz\u0131n\u0131n bir b\u00f6l\u00fcm\u00fcnde TSK i\u00e7erisinde &#8220;Ayd\u0131nlanma Ekipleri&#8221; olu\u015fturuldu\u011fu ve bunun i\u00e7in Albay r\u00fctbesindekilerin g\u00f6revlendirildi\u011fi ileri s\u00fcr\u00fclerek, bu yap\u0131 hakk\u0131nda \u015eenel&#8217;in bilgisi soruldu. \u015eenel bu CD ile ilgili di\u011fer sorulara oldu\u011fu gibi bu soruya da &#8220;Bu CD&#8217;den benim haberim olmad\u0131\u011f\u0131 i\u00e7in bu konulardan da bir bilgim yoktur&#8221; dedi. Sorgunun bu a\u015famas\u0131nda \u015eenel&#8217;in avukat\u0131 Abdullah Kaya da, delil tesbitine \u00e7a\u011fr\u0131lmad\u0131\u011f\u0131n\u0131, 24 saat cep telefonu a\u00e7\u0131k oldu\u011fu halde bir \u00e7a\u011fr\u0131 almad\u0131\u011f\u0131n\u0131, g\u00f6zterilen CD&#8217;nin delil olarak kabul edilemeyece\u011fini ileri s\u00fcrd\u00fc.<\/p>\n<p style=\"text-align: justify;\"><span style=\"color: #888888;\">Kaynak : Vatan Gazetesi<\/span><\/p>\n<p style=\"text-align: justify;\">\n","protected":false},"excerpt":{"rendered":"<p style=\"text-align: center;\">\n<p style=\"text-align: justify;\">Ergenekon operasyonunda g\u00f6zalt\u0131na al\u0131n\u0131p serbest b\u0131rak\u0131lan emekli T\u00fcmgeneral \u015eenel&#8217;den ilgin\u00e7 ifadeler <\/p>\n<p style=\"text-align: justify;\">Ergenekon operasyonunda g\u00f6zalt\u0131na al\u0131n\u0131p serbest b\u0131rak\u0131lan emekli T\u00fcmgeneral \u015eenel&#8217;in evinde ele ge\u00e7ti\u011fi ileri s\u00fcr\u00fclen CD&#8217;de TSK&#8217;ya ait gizli ibareli and\u0131\u00e7, Siyasal \u0130slamla M\u00fccadele ve Karanl\u0131k Sava\u015f Konsepti 2 adl\u0131 belgelerde gizli eylem planlar\u0131 yer al\u0131yor. \u015eenel <\/p>\n","protected":false},"author":1,"featured_media":0,"comment_status":"open","ping_status":"closed","sticky":false,"template":"","format":"standard","meta":{"footnotes":""},"categories":[105],"tags":[],"class_list":["post-3484","post","type-post","status-publish","format-standard","hentry","category-gundem","odd"],"_links":{"self":[{"href":"http:\/\/www.korhanyilmaz.com\/index.php?rest_route=\/wp\/v2\/posts\/3484","targetHints":{"allow":["GET"]}}],"collection":[{"href":"http:\/\/www.korhanyilmaz.com\/index.php?rest_route=\/wp\/v2\/posts"}],"about":[{"href":"http:\/\/www.korhanyilmaz.com\/index.php?rest_route=\/wp\/v2\/types\/post"}],"author":[{"embeddable":true,"href":"http:\/\/www.korhanyilmaz.com\/index.php?rest_route=\/wp\/v2\/users\/1"}],"replies":[{"embeddable":true,"href":"http:\/\/www.korhanyilmaz.com\/index.php?rest_route=%2Fwp%2Fv2%2Fcomments&post=3484"}],"version-history":[{"count":0,"href":"http:\/\/www.korhanyilmaz.com\/index.php?rest_route=\/wp\/v2\/posts\/3484\/revisions"}],"wp:attachment":[{"href":"http:\/\/www.korhanyilmaz.com\/index.php?rest_route=%2Fwp%2Fv2%2Fmedia&parent=3484"}],"wp:term":[{"taxonomy":"category","embeddable":true,"href":"http:\/\/www.korhanyilmaz.com\/index.php?rest_route=%2Fwp%2Fv2%2Fcategories&post=3484"},{"taxonomy":"post_tag","embeddable":true,"href":"http:\/\/www.korhanyilmaz.com\/index.php?rest_route=%2Fwp%2Fv2%2Ftags&post=3484"}],"curies":[{"name":"wp","href":"https:\/\/api.w.org\/{rel}","templated":true}]}}