{"id":34839,"date":"2011-06-18T20:51:50","date_gmt":"2011-06-18T17:51:50","guid":{"rendered":"http:\/\/www.korhanyilmaz.com\/?p=34839"},"modified":"2011-07-10T22:43:40","modified_gmt":"2011-07-10T19:43:40","slug":"adaletin-kara-100u","status":"publish","type":"post","link":"http:\/\/www.korhanyilmaz.com\/?p=34839","title":{"rendered":"&#8220;Adaletin kara 100&#8217;\u00fc&#8221;"},"content":{"rendered":"<p style=\"text-align: center;\"><a href=\"http:\/\/www.korhanyilmaz.com\/wp-content\/uploads\/2011\/06\/086.jpg\"  class=\"lightview\"><img loading=\"lazy\" decoding=\"async\" class=\"aligncenter size-full wp-image-34840\" src=\"http:\/\/www.korhanyilmaz.com\/wp-content\/uploads\/2011\/06\/086.jpg\" alt=\"\" width=\"307\" height=\"236\" \/><\/a><\/p>\n<p style=\"text-align: justify;\">&#8220;Ahmet ve Nedim&#8217;in gazeteci arkada\u015flar\u0131&#8221;, Nedim \u015eener ve Ahmet \u015e\u0131k&#8217;\u0131n tutuklulu\u011funu protesto etmek amac\u0131yla Galatasaray Meydan\u0131&#8217;ndan Taksim&#8217;e kadar &#8220;Adaletin kara 100&#8217;\u00fc&#8221; ad\u0131yla y\u00fcr\u00fcy\u00fc\u015f yapt\u0131.<\/p>\n<p style=\"text-align: justify;\">Galatasaray Meydan\u0131&#8217;nda toplanarak \u00e7e\u015fitli sloganlar atan grup, alk\u0131\u015f ve \u0131sl\u0131klar e\u015fli\u011finde \u0130stiklal Caddesi boyunca Taksim Meydan\u0131&#8217;na kadar y\u00fcr\u00fcd\u00fc. <!--more--><\/p>\n<p style=\"text-align: justify;\">\u015e\u0131k ve \u015eener&#8217;\u0131n foto\u011fraflar\u0131n\u0131n bulundu\u011fu &#8220;Gazetecilere \u00f6zg\u00fcrl\u00fck, yansak da dokunaca\u011f\u0131z&#8221; yaz\u0131l\u0131 ti\u015f\u00f6rtleri giyen ve ellerinde &#8220;Ahmet \u015e\u0131k ve Nedim \u015eener 100 g\u00fcnd\u00fcr tutuklu, i\u015fte AKP Demokrasisi&#8221; ve Tuncay \u00d6zkan&#8217;\u0131n foto\u011fraf\u0131n\u0131n yer ald\u0131\u011f\u0131 &#8220;Susturulmak i\u00e7in d\u00f6rt duvara mahkum edildim&#8221; yaz\u0131l\u0131 d\u00f6vizler ta\u015f\u0131yan gruba, \u0130stiklal Caddesi&#8217;nde kar\u015f\u0131la\u015ft\u0131klar\u0131 TKP \u00fcyesi bir grup da alk\u0131\u015f ve sloganlarla destek vererek, y\u00fcr\u00fcy\u00fc\u015fe kat\u0131ld\u0131.<\/p>\n<p style=\"text-align: justify;\">Taksim Meydan\u0131&#8217;nda grup ad\u0131na bas\u0131n a\u00e7\u0131klamas\u0131 yapan R\u0131dvan Akar, \u015e\u0131k ve \u015eener&#8217;in tutukluluk s\u00fcresinin 100 g\u00fcn\u00fc ge\u00e7ti\u011fini belirterek, &#8220;Su\u00e7lar\u0131 &#8216;Ergenekon ter\u00f6r \u00f6rg\u00fct\u00fcne \u00fcye olmak ama ortada bu iddiay\u0131 destekleyen ne bir delil, ne de a\u00e7\u0131klanm\u0131\u015f herhangi bir gerek\u00e7e var . Gazeteci ger\u00e7e\u011fin pe\u015findedir, gazeteci soru\u015fturur, gazeteci taraft\u0131r. Ancak son zamanlarda kafalara yerle\u015ftirilmek istenen &#8216;canda\u015f&#8217; ya da &#8216;yanda\u015f&#8217; taraf\u0131nda de\u011fil, ger\u00e7e\u011fin taraf\u0131ndad\u0131r.&#8221; dedi.<\/p>\n<p style=\"text-align: justify;\">T\u00fcrkiye&#8217;de halen 60&#8217;tan fazla tutuklu gazetecinin bulundu\u011funu belirten Akar, S\u0131n\u0131r Tan\u0131mayan Gazeteciler \u00d6rg\u00fct\u00fc&#8217;n\u00fcn istatistiklerine g\u00f6re de T\u00fcrkiye&#8217;nin tutuklu gazeteci say\u0131s\u0131 konusunda \u015fampiyon oldu\u011funu \u00f6ne s\u00fcrd\u00fc. Bas\u0131n i\u00e7in bir ba\u015fka b\u00fcy\u00fck tehlikenin ise otosans\u00fcr oldu\u011funa i\u015faret eden Akar, \u015funlar\u0131 kaydetti: &#8220;Bas\u0131n \u00f6zg\u00fcrl\u00fc\u011f\u00fc herkese laz\u0131m. \u00c7\u00fcnk\u00fc gazetecilerin \u00f6zg\u00fcrl\u00fc\u011f\u00fc ayn\u0131 zamanda halk\u0131n haber alma \u00f6zg\u00fcrl\u00fc\u011f\u00fcd\u00fcr. \u00c7\u00fcnk\u00fc biz yazmazsak hi\u00e7bir yolsuzluk, hi\u00e7bir ihlal haber olmayacak. E\u015fit, \u00f6zg\u00fcr, demokratik, m\u00fcreffeh bir toplum ancak prangalar\u0131ndan kurtulmu\u015f bir bas\u0131nla m\u00fcmk\u00fcn olabilir. \u00d6zg\u00fcr bas\u0131n \u015fiar\u0131m\u0131za ula\u015fmak i\u00e7in biliniz ki yansak da dokunaca\u011f\u0131z.&#8221;<\/p>\n<p style=\"text-align: justify;\">Gazeteci Suzan Zengin de yakla\u015f\u0131k iki y\u0131l bulundu\u011fu cezaevinden ge\u00e7en hafta tahliye oldu\u011funu s\u00f6yledi. Zengin, &#8220;Bug\u00fcn gazeteciler, hapishanelerde gazetecilik yapt\u0131klar\u0131 i\u00e7in de\u011fil, Ter\u00f6rle M\u00fccadele Yasas\u0131 kapsam\u0131nda tutuklu olduklar\u0131 g\u00f6r\u00fcnt\u00fcs\u00fc alt\u0131nda. Resmi a\u011f\u0131zlar, bug\u00fcn hapishanelerde gazetecilik yapt\u0131\u011f\u0131 i\u00e7in tutuklu bulunan herhangi bir gazetecinin olmad\u0131\u011f\u0131n\u0131 ya da bas\u0131n ve benzer su\u00e7lardan cezaevinde bulunanlar\u0131n say\u0131s\u0131n\u0131n \u00e7ok az oldu\u011fu propagandas\u0131n\u0131 yapmaktalar. Hatta daha da ileri giderek &#8216;bunlar gazeteci k\u0131l\u0131\u011f\u0131nda ter\u00f6rist&#8217; demekten \u00e7ekinmemekteler&#8221; \u015feklinde konu\u015ftu.<\/p>\n<p style=\"text-align: justify;\">Y\u00fcr\u00fcy\u00fc\u015fe, \u0130stanbul&#8217;dan CHP milletvekili se\u00e7ilen Melda Onur ile Ahmet \u015e\u0131k&#8217;\u0131n e\u015fi Yonca \u015e\u0131k&#8217;\u0131n da aralar\u0131nda bulundu\u011fu \u00e7ok say\u0131da ki\u015fi kat\u0131ld\u0131.<\/p>\n<p style=\"text-align: justify;\"><a href=\"http:\/\/www.cnnturk.com\/2011\/turkiye\/06\/18\/adaletin.kara.100u\/620497.0\/index.html\" target=\"_blank\">Kaynak : CNN T\u00dcRK<\/a><\/p>\n","protected":false},"excerpt":{"rendered":"<p style=\"text-align: center;\">\n<p style=\"text-align: justify;\">&#8220;Ahmet ve Nedim&#8217;in gazeteci arkada\u015flar\u0131&#8221;, Nedim \u015eener ve Ahmet \u015e\u0131k&#8217;\u0131n tutuklulu\u011funu protesto etmek amac\u0131yla Galatasaray Meydan\u0131&#8217;ndan Taksim&#8217;e kadar &#8220;Adaletin kara 100&#8217;\u00fc&#8221; ad\u0131yla y\u00fcr\u00fcy\u00fc\u015f yapt\u0131.<\/p>\n<p style=\"text-align: justify;\">Galatasaray Meydan\u0131&#8217;nda toplanarak \u00e7e\u015fitli sloganlar atan grup, alk\u0131\u015f ve \u0131sl\u0131klar e\u015fli\u011finde \u0130stiklal Caddesi boyunca Taksim Meydan\u0131&#8217;na kadar y\u00fcr\u00fcd\u00fc. <\/p>\n","protected":false},"author":1,"featured_media":0,"comment_status":"open","ping_status":"closed","sticky":false,"template":"","format":"standard","meta":{"footnotes":""},"categories":[105],"tags":[],"class_list":["post-34839","post","type-post","status-publish","format-standard","hentry","category-gundem","odd"],"_links":{"self":[{"href":"http:\/\/www.korhanyilmaz.com\/index.php?rest_route=\/wp\/v2\/posts\/34839","targetHints":{"allow":["GET"]}}],"collection":[{"href":"http:\/\/www.korhanyilmaz.com\/index.php?rest_route=\/wp\/v2\/posts"}],"about":[{"href":"http:\/\/www.korhanyilmaz.com\/index.php?rest_route=\/wp\/v2\/types\/post"}],"author":[{"embeddable":true,"href":"http:\/\/www.korhanyilmaz.com\/index.php?rest_route=\/wp\/v2\/users\/1"}],"replies":[{"embeddable":true,"href":"http:\/\/www.korhanyilmaz.com\/index.php?rest_route=%2Fwp%2Fv2%2Fcomments&post=34839"}],"version-history":[{"count":0,"href":"http:\/\/www.korhanyilmaz.com\/index.php?rest_route=\/wp\/v2\/posts\/34839\/revisions"}],"wp:attachment":[{"href":"http:\/\/www.korhanyilmaz.com\/index.php?rest_route=%2Fwp%2Fv2%2Fmedia&parent=34839"}],"wp:term":[{"taxonomy":"category","embeddable":true,"href":"http:\/\/www.korhanyilmaz.com\/index.php?rest_route=%2Fwp%2Fv2%2Fcategories&post=34839"},{"taxonomy":"post_tag","embeddable":true,"href":"http:\/\/www.korhanyilmaz.com\/index.php?rest_route=%2Fwp%2Fv2%2Ftags&post=34839"}],"curies":[{"name":"wp","href":"https:\/\/api.w.org\/{rel}","templated":true}]}}