{"id":34834,"date":"2011-06-18T12:49:30","date_gmt":"2011-06-18T09:49:30","guid":{"rendered":"http:\/\/www.korhanyilmaz.com\/?p=34834"},"modified":"2011-07-11T00:50:25","modified_gmt":"2011-07-10T21:50:25","slug":"hasdal-5-ordu-komutanligi","status":"publish","type":"post","link":"http:\/\/www.korhanyilmaz.com\/?p=34834","title":{"rendered":"Hasdal: 5. ordu komutanl\u0131\u011f\u0131"},"content":{"rendered":"<p style=\"text-align: center;\"><a href=\"http:\/\/www.korhanyilmaz.com\/wp-content\/uploads\/2011\/06\/085.jpg\"  class=\"lightview\"><img loading=\"lazy\" decoding=\"async\" class=\"aligncenter size-full wp-image-34835\" src=\"http:\/\/www.korhanyilmaz.com\/wp-content\/uploads\/2011\/06\/085.jpg\" alt=\"\" width=\"396\" height=\"180\" \/><\/a><\/p>\n<p style=\"text-align: justify;\">Korgeneral Polats\u00fc\u2019n\u00fcn de tutuklanmas\u0131, Hasdal Cezaevindeki komutan say\u0131s\u0131n\u0131 32\u2019ye y\u00fckseltti. Bir Or, 6\u2019Kor, 12 T\u00fcm ve 13 Tu\u011fgeneral ve amiral, Hasdal\u2019da yeni bir orduyu y\u00f6netecek kapasiteye ula\u015ft\u0131.<\/p>\n<p style=\"text-align: justify;\">ANKARA &#8211; Eski\u015fehir 1. Taktik Hava Kuvvetleri Komutan\u0131 Korgeneral Korcan Polats\u00fc\u2019n\u00fcn de Balyoz davas\u0131ndan tutuklanmas\u0131, Hasdal Cezaevinde yatan \u00fcst d\u00fczey komutanlar\u0131n say\u0131s\u0131n\u0131 32\u2019ye y\u00fckseltti. Bir Or, 6\u2019Kor, 12 T\u00fcm ve 13 Tu\u011fgeneral ve amiral, Hasdal\u2019da yeni bir orduyu y\u00f6netecek kapasiteye ula\u015ft\u0131. T\u00fcrkiye\u2019de halen 4 ordu bulunuyor. <!--more--><\/p>\n<p style=\"text-align: justify;\">Balyoz darbe plan\u0131 iddias\u0131yla yarg\u0131lanan \u00e7ok say\u0131da emekli \u00fcst d\u00fczey komutan\u0131n yan\u0131 s\u0131ra 32 muvazzaf General de Hasdal Askeri Cezaevinde tutuklu bulunuyor. 364 general kadrosunun oldu\u011fu TSK\u2019da, bu kadronun 349\u2019u dolu\u2026 32 Generalin de tutuklu olmas\u0131 fiili kadroyu 317\u2019ye indirdi. Hasdal\u2019daki tutuklu General ve Amiraller \u015f\u00f6yle:<\/p>\n<p style=\"text-align: justify;\">&#8211; Harp Akademileri Komutan\u0131 Orgeneral Bilgin Balanl\u0131<\/p>\n<p style=\"text-align: justify;\">&#8211; 8. Kolordu Komutan\u0131 Korgeneral Korkut \u00d6zarslan<\/p>\n<p style=\"text-align: justify;\">&#8211; EDOK Muhabere Destek E\u011fitim Komutan\u0131 Korgeneral Nejat Bek<\/p>\n<p style=\"text-align: justify;\">&#8211; Harp Akademileri Komutan Yard\u0131mc\u0131s\u0131 Korgeneral Yurdaer Olcan<\/p>\n<p style=\"text-align: justify;\">&#8211; Kuzey Deniz Saha Komutan\u0131 Koramiral Mehmet Otuzbiro\u011flu<\/p>\n<p style=\"text-align: justify;\">&#8211; Genelkurmay MEBS Ba\u015fkan\u0131 Koramiral Kadir Sa\u011fd\u0131\u00e7<\/p>\n<p style=\"text-align: justify;\">&#8211; 1 Taktik Hava Kuvvet Komutan\u0131 Korgeneral Korcan Polats\u00fc<\/p>\n<p style=\"text-align: justify;\">&#8211; Harita Genel Komutan vekili T\u00fcmgeneral G\u00fcrb\u00fcz Kaya<\/p>\n<p style=\"text-align: justify;\">&#8211; Hava Harp Akademisi Komutan\u0131 T\u00fcmgeneral \u0130smail Ta\u015f<\/p>\n<p style=\"text-align: justify;\">&#8211; Jandarma Denetleme Ba\u015fkanvekili T\u00fcmgeneral Halil Helvac\u0131o\u011flu<\/p>\n<p style=\"text-align: justify;\">&#8211; KKK Denetleme Ba\u015fkanvekili T\u00fcmgeneral Erdal Bekta\u015f<\/p>\n<p style=\"text-align: justify;\">&#8211; Harp Akademileri Kurmay Ba\u015fkan\u0131 T\u00fcmgeneral Ahmet Yavuz<\/p>\n<p style=\"text-align: justify;\">&#8211; Gaziemir Ula\u015ft\u0131rma Okul Komutan\u0131 T\u00fcmgeneral \u0130hsan Balabanl\u0131<\/p>\n<p style=\"text-align: justify;\">&#8211; 52. Taktik Z\u0131rhl\u0131 T\u00fcmen Komutan\u0131 T\u00fcmgeneral Abdullah Dalay<\/p>\n<p style=\"text-align: justify;\">&#8211; 4. Kolordu Komutan Yard\u0131mc\u0131s\u0131 T\u00fcmgeneral Nurettin I\u015f\u0131k<\/p>\n<p style=\"text-align: justify;\">&#8211; \u0130kmal Maliye Okul Komutan\u0131 T\u00fcmgeneral Fehmi Canan<\/p>\n<p style=\"text-align: justify;\">&#8211; Kara Lojistik Y\u00f6netim Ba\u015fkan\u0131 T\u00fcmgeneral Bekir Memi\u015f<\/p>\n<p style=\"text-align: justify;\">&#8211; Donanma Kurmay Ba\u015fkan\u0131 T\u00fcmamiral Ali Semih \u00c7etin<\/p>\n<p style=\"text-align: justify;\">&#8211; Deniz Kuvvetleri Lojistik Ba\u015fkan\u0131 T\u00fcmamiral Soner Polat<\/p>\n<p style=\"text-align: justify;\">&#8211; 4. Mekanize Piyade E\u011fitim Komutan\u0131 Tu\u011fgeneral Kas\u0131m Erdem<\/p>\n<p style=\"text-align: justify;\">&#8211; Kastamonu Jandarma B\u00f6lge Komutan\u0131 Tu\u011fgeneral Ali Ayd\u0131n<\/p>\n<p style=\"text-align: justify;\">&#8211; Genelkurmay ATASE Ba\u015fkan\u0131 Tu\u011fgeneral G\u00f6khan G\u00f6kay<\/p>\n<p style=\"text-align: justify;\">&#8211; Tokat Jandarma B\u00f6lge Komutan\u0131 Tu\u011fgeneral \u00d6mer Mimiro\u011flu<\/p>\n<p style=\"text-align: justify;\">&#8211; NATO Savunma Direkt\u00f6r Yard\u0131mc\u0131s\u0131 Tu\u011fgeneral Hakan Akko\u00e7<\/p>\n<p style=\"text-align: justify;\">&#8211; Deniz Personel Ba\u015fkan\u0131 Tu\u011famiral Abdullah Gavremo\u011flu<\/p>\n<p style=\"text-align: justify;\">&#8211; Denizalt\u0131 Filo Komutan\u0131 Tu\u011famiral Ahmet T\u00fcrkmen<\/p>\n<p style=\"text-align: justify;\">&#8211; DKK Plan Prensipler Ba\u015fkan\u0131 Tu\u011famiral Cem G\u00fcrdeniz<\/p>\n<p style=\"text-align: justify;\">&#8211; Sahil G\u00fcvenlik Kurmay Ba\u015fkan\u0131 Tu\u011famiral Turgay Erda\u011f<\/p>\n<p style=\"text-align: justify;\">&#8211; \u0130skenderun Deniz \u00dcs Komutan\u0131 Tu\u011famiral Fatih \u0130lgar<\/p>\n<p style=\"text-align: justify;\">&#8211; G\u00fcney G\u00f6rev Grup Komutan\u0131 Tu\u011famiral Aziz \u00c7akmak<\/p>\n<p style=\"text-align: justify;\">&#8211; Karam\u00fcrsel E\u011fitim Merkez Komutan\u0131 Tu\u011famiral Levent Erkek<\/p>\n<p style=\"text-align: justify;\">&#8211; M\u00fc\u015fterek Doktrin Merkez Komutan\u0131 Tu\u011famiral Levent G\u00f6rge\u00e7<\/p>\n<p style=\"text-align: justify;\"><a href=\"http:\/\/www.gazeteport.com.tr\/haber\/38215\/hasdal_5_ordu_komutanligi\" target=\"_blank\">Kaynak : GAZETEPORT<\/a><\/p>\n","protected":false},"excerpt":{"rendered":"<p style=\"text-align: center;\">\n<p style=\"text-align: justify;\">Korgeneral Polats\u00fc\u2019n\u00fcn de tutuklanmas\u0131, Hasdal Cezaevindeki komutan say\u0131s\u0131n\u0131 32\u2019ye y\u00fckseltti. Bir Or, 6\u2019Kor, 12 T\u00fcm ve 13 Tu\u011fgeneral ve amiral, Hasdal\u2019da yeni bir orduyu y\u00f6netecek kapasiteye ula\u015ft\u0131.<\/p>\n<p style=\"text-align: justify;\">ANKARA &#8211; Eski\u015fehir 1. Taktik Hava Kuvvetleri Komutan\u0131 Korgeneral Korcan Polats\u00fc\u2019n\u00fcn de Balyoz davas\u0131ndan tutuklanmas\u0131, Hasdal Cezaevinde yatan \u00fcst d\u00fczey komutanlar\u0131n <\/p>\n","protected":false},"author":1,"featured_media":0,"comment_status":"open","ping_status":"closed","sticky":false,"template":"","format":"standard","meta":{"footnotes":""},"categories":[105],"tags":[],"class_list":["post-34834","post","type-post","status-publish","format-standard","hentry","category-gundem","odd"],"_links":{"self":[{"href":"http:\/\/www.korhanyilmaz.com\/index.php?rest_route=\/wp\/v2\/posts\/34834","targetHints":{"allow":["GET"]}}],"collection":[{"href":"http:\/\/www.korhanyilmaz.com\/index.php?rest_route=\/wp\/v2\/posts"}],"about":[{"href":"http:\/\/www.korhanyilmaz.com\/index.php?rest_route=\/wp\/v2\/types\/post"}],"author":[{"embeddable":true,"href":"http:\/\/www.korhanyilmaz.com\/index.php?rest_route=\/wp\/v2\/users\/1"}],"replies":[{"embeddable":true,"href":"http:\/\/www.korhanyilmaz.com\/index.php?rest_route=%2Fwp%2Fv2%2Fcomments&post=34834"}],"version-history":[{"count":0,"href":"http:\/\/www.korhanyilmaz.com\/index.php?rest_route=\/wp\/v2\/posts\/34834\/revisions"}],"wp:attachment":[{"href":"http:\/\/www.korhanyilmaz.com\/index.php?rest_route=%2Fwp%2Fv2%2Fmedia&parent=34834"}],"wp:term":[{"taxonomy":"category","embeddable":true,"href":"http:\/\/www.korhanyilmaz.com\/index.php?rest_route=%2Fwp%2Fv2%2Fcategories&post=34834"},{"taxonomy":"post_tag","embeddable":true,"href":"http:\/\/www.korhanyilmaz.com\/index.php?rest_route=%2Fwp%2Fv2%2Ftags&post=34834"}],"curies":[{"name":"wp","href":"https:\/\/api.w.org\/{rel}","templated":true}]}}