{"id":34824,"date":"2011-06-17T20:59:20","date_gmt":"2011-06-17T17:59:20","guid":{"rendered":"http:\/\/www.korhanyilmaz.com\/?p=34824"},"modified":"2011-07-10T22:40:15","modified_gmt":"2011-07-10T19:40:15","slug":"sinav-oncesi-garip-isler","status":"publish","type":"post","link":"http:\/\/www.korhanyilmaz.com\/?p=34824","title":{"rendered":"S\u0131nav \u00f6ncesi garip i\u015fler"},"content":{"rendered":"<p style=\"text-align: center;\"><a href=\"http:\/\/www.korhanyilmaz.com\/wp-content\/uploads\/2011\/06\/084.jpg\"  class=\"lightview\"><img loading=\"lazy\" decoding=\"async\" class=\"aligncenter size-full wp-image-34827\" src=\"http:\/\/www.korhanyilmaz.com\/wp-content\/uploads\/2011\/06\/084.jpg\" alt=\"\" width=\"307\" height=\"236\" \/><\/a><strong><\/strong><\/p>\n<p style=\"text-align: justify;\"><strong>Yine s\u0131nav yine skandal<\/strong><\/p>\n<p style=\"text-align: justify;\">Y\u00d6K Ba\u015fkan\u0131 Prof. Dr. \u00d6zcan, LYS s\u0131nav\u0131nda da yeni bir skandal\u0131n kap\u0131s\u0131n\u0131 \u201cSorular \u00e7al\u0131nacak\u201d iddias\u0131yla aralad\u0131. \u00d6SYM, \u201c\u0130ddialar as\u0131ls\u0131z\u201d dese de bug\u00fcn kader s\u0131navlar\u0131na girecek \u00f6\u011frenciler yine tedirgin. <!--more--><\/p>\n<p style=\"text-align: justify;\">ANKARA &#8211; Y\u00d6K Ba\u015fkan\u0131 Yusuf Ziya \u00d6zcan, kendisine gelen ihbar \u00fczerine sorular\u0131n \u00e7al\u0131nmas\u0131n\u0131 \u00f6nlemek i\u00e7in \u00d6SYM\u2019yi ve Emniyet\u2019i alarma ge\u00e7irdi. \u00d6zcan, ihbar olay\u0131n\u0131 anlat\u0131rken \u015funlar\u0131 s\u00f6yledi: \u201cLYS sorular\u0131n\u0131n d\u0131\u015far\u0131 \u00e7\u0131kart\u0131laca\u011f\u0131 ve bir AK Parti milletvekilinin e-mail adresine yollanaca\u011f\u0131 ve ondan at\u0131lm\u0131\u015f gibi bir izlenim yarat\u0131laca\u011f\u0131 duyumlar\u0131 geldi. Bunlar\u0131 kimler yapar diye d\u00fc\u015f\u00fcnd\u00fc\u011f\u00fcm\u00fczde herhalde Ak Parti\u2019nin iyi durumda olmas\u0131n\u0131 istemeyen ki\u015filer yapar diye d\u00fc\u015f\u00fcnd\u00fck. Bu bizi panik durumuna getirdi. Derhal ne yapabiliriz, ne tedbir alabiliriz diye d\u00fc\u015f\u00fcnd\u00fck. Emniyete haber verdik. \u2018Siz de bu meseleyi gayet iyi ara\u015ft\u0131r\u0131n. S\u0131k\u0131 g\u00fcvenlik tedbirleri al\u0131n, \u00d6SYM\u2019den kesinlikle bir bilgi s\u0131zmas\u0131n\u2019 dedik. \u0130n\u015fallah b\u00f6yle bir \u015fey olmaz. Bu bilgi bize \u00e7ok g\u00fcvenilir bir \u015fah\u0131s kanal\u0131yla geldi. Sorular\u0131 ta\u015f\u0131yan TIR\u2019lar yola \u00e7\u0131kt\u0131. B\u00fct\u00fcn \u00e7al\u0131\u015fanlara dikkat edilmesi gerekiyor. \u015eu an \u00d6SYM kapal\u0131 devrede. Onlara da \u00e7ok dikkat ediyoruz. Sorular\u0131n bizim bilmedi\u011fimiz y\u00f6ntemlerle de d\u0131\u015far\u0131 \u00e7\u0131kar\u0131lmas\u0131 m\u00fcmk\u00fcn olabilir. \u00c7ok korkutucu bir senaryo. \u0130n\u015fallah hi\u00e7bir \u015fey olmayacak.\u201d<\/p>\n<p style=\"text-align: justify;\"><strong>\u0130hbar \u00e7ar\u015famba geldi<\/strong><\/p>\n<p style=\"text-align: justify;\">\u00d6zcan\u2019\u0131n \u201cDevletin en \u00fcst d\u00fczeyinde g\u00f6revli bir ki\u015fi\u201d diye niteledi\u011fi ihbar kayna\u011f\u0131n\u0131n ise \u201cbir devlet kurumunun iki g\u00f6revlisi\u201d oldu\u011fu \u00f6\u011frenildi. Y\u00d6K Ba\u015fkan\u0131\u2019na ihbar\u0131 yapan iki resmi g\u00f6revli, \u00d6zcan ile Ankara\u2019da ismi sakl\u0131 tutulan bir yerde bir araya geldi.<\/p>\n<p style=\"text-align: justify;\">Y\u00d6K Ba\u015fkan\u0131 Prof. Dr. Ziya \u00d6zcan d\u00fcn konuyla ilgili sorular\u0131 yan\u0131tlad\u0131. \u00d6zcan, \u201cEvet bir ihbar geldi. Ben de hemen hem size hem de emniyete duyurdum ki tedbir als\u0131nlar diye. Birileri oyun oynamak istiyor herhalde. Ben hi\u00e7 yapmazd\u0131m b\u00f6yle duyurma i\u015fini. E\u011fer b\u00f6yle bir \u015fey sonradan ger\u00e7ekle\u015firse kimse kimseyi su\u00e7lamas\u0131n diye yapt\u0131m\u201d dedi. \u00c7ocuklar\u0131n kaderiyle \u201cho\u015f olmayan bir \u015fekilde\u201d oynand\u0131\u011f\u0131n\u0131 belirten \u00d6zcan, \u201c\u0130mtihana 2 g\u00fcn kalm\u0131\u015f. Birileri diyor ki b\u00f6yle bir \u015fey yap\u0131labilir. B\u00f6yle bir tehdit var. Ben de bu tehditten T\u00fcrkiye\u2019deki herkesi haberdar ettim. Bir daha bu \u00e7ocuklar\u0131n imtihana 2 g\u00fcn kala kimse kaderleriyle oynamas\u0131n diye\u201d dedi. \u201c\u00d6SYM Ba\u015fkanl\u0131\u011f\u0131n\u0131n \u2019iddialar as\u0131ls\u0131zd\u0131r\u2019 diye a\u00e7\u0131klamas\u0131 oldu\u011fu\u201d y\u00f6n\u00fcndeki soruya \u00d6zcan, \u201cAli Bey onu demek istemedi. Ali Bey herhalde \u2019Biz her gelen ihbara itibar edecek de\u011filiz\u2019 anlam\u0131nda bir \u015fey s\u00f6yledi ama bence bu \u00e7ok ciddi bir ihbar. Onun i\u00e7in ben hi\u00e7bir risk alamam\u201d diye konu\u015ftu. \u00d6zcan, konuya ili\u015fkin \u0130\u00e7i\u015fleri Bakan\u0131yla g\u00f6r\u00fc\u015ft\u00fc\u011f\u00fcn\u00fc belirterek, gerekli tedbirlerin al\u0131nd\u0131\u011f\u0131n\u0131, \u00f6\u011frencilerin m\u00fcsterih olmas\u0131 gerekti\u011fini vurgulad\u0131.<\/p>\n<p style=\"text-align: justify;\"><a href=\"http:\/\/www.korhanyilmaz.com\/wp-content\/uploads\/2011\/06\/082.jpg\"  class=\"lightview\"><img loading=\"lazy\" decoding=\"async\" class=\"aligncenter size-full wp-image-34825\" src=\"http:\/\/www.korhanyilmaz.com\/wp-content\/uploads\/2011\/06\/082.jpg\" alt=\"\" width=\"320\" height=\"100\" \/><\/a><\/p>\n<p style=\"text-align: justify;\"><span style=\"font-size: medium;\"><strong><span style=\"color: #993300;\">\u2018\u0130tibar etmeyin\u2019 a\u00e7\u0131klamas\u0131<\/span><\/strong><\/span><\/p>\n<p style=\"text-align: justify;\">\u00d6SYM, LYS sorular\u0131n\u0131n \u00e7al\u0131n\u0131p da\u011f\u0131t\u0131laca\u011f\u0131 iddialar\u0131yla ilgili olarak, \u201cS\u0131navlar \u00f6ncesinde zaman zaman bu t\u00fcrden duyumlar al\u0131nmaktad\u0131r. \u00d6SYM, s\u0131nav g\u00fcvenli\u011fini en \u00fcst d\u00fczeyde tutmaya \u00f6zen g\u00f6stermektedir\u201d a\u00e7\u0131klamas\u0131nda bulundu.<\/p>\n<p style=\"text-align: justify;\">\u00d6SYM\u2019nin internet sitesinden yap\u0131lan a\u00e7\u0131klamada, bug\u00fcn bir g\u00fcnl\u00fck gazetenin ana sayfas\u0131nda b\u00fcy\u00fck puntolarla yer alan haberin, 18-19 ve 25-26 Haziran 2011 g\u00fcnleri yap\u0131lacak olan 2011-LYS\u2019lere kat\u0131lacak adaylar\u0131 endi\u015feye s\u00fcr\u00fckleyebilecek nitelikte oldu\u011fu belirtildi.<\/p>\n<p style=\"text-align: justify;\"><strong>S\u00fckunet tavsiye etti<\/strong><\/p>\n<p style=\"text-align: justify;\">S\u0131navlar \u00f6ncesinde zaman zaman bu t\u00fcrden duyumlar\u0131n al\u0131nd\u0131\u011f\u0131 vurgulanan a\u00e7\u0131klamada, \u015funlar kaydedildi, \u201c\u00d6SYM, s\u0131nav g\u00fcvenli\u011fini en \u00fcst d\u00fczeyde tutmaya \u00f6zen g\u00f6stermektedir. T\u00fcm s\u0131navlarda oldu\u011fu gibi bu s\u0131navlarda da gerek kurum i\u00e7inde, gerek matbaada, gerekse de s\u0131nav evrak\u0131n\u0131n T\u00fcrkiye\u2019nin d\u00f6rt bir yan\u0131na eri\u015ftirilmesi esnas\u0131nda, emniyet birimleri ile i\u015fbirli\u011fi i\u00e7inde, en \u00fcst seviyede g\u00fcvenlik tedbirleri al\u0131nm\u0131\u015ft\u0131r. Adaylar\u0131n bu t\u00fcrden iddialara itibar etmeden, s\u00fckunet i\u00e7inde s\u0131navlara kat\u0131lmalar\u0131 ve sadece bilgileri ile geleceklerine y\u00f6n verme gayreti i\u00e7inde olmalar\u0131 tavsiye edilir.\u201d<\/p>\n<p style=\"text-align: justify;\"><strong>\u0130ki g\u00fcnl\u00fck LYS maratonu ba\u015fl\u0131yor<\/strong><\/p>\n<p style=\"text-align: justify;\">\u00dcniversiteye giri\u015fte ikinci a\u015fama s\u0131nav\u0131 Lisans Yerle\u015ftirme S\u0131navlar\u0131 (LYS) bug\u00fcn d\u00fczenlenecek Matematik S\u0131nav\u0131 (LYS-1) ile ba\u015fl\u0131yor. T\u00fcrkiye\u2019de 81 il merkezi ile Lefko\u015fa\u2019da ger\u00e7ekle\u015ftirilecek LYS-1 saat 10.00\u2019da ba\u015flayacak. Matematik S\u0131nav\u0131\u2019na 624 bin 48 aday girecek. LYS-1 tek oturumda uygulanacak ve toplam 120 dakika s\u00fcrecek. S\u0131navda Matematik ve Geometri testleri yer alacak. Matematik testinde 50 soru olacak ve 75 dakika s\u00fcrecek; Geometri testinde ise 30 soru i\u00e7in 45 dakika s\u00fcre verilecek. Geometri testindeki sorular\u0131n 8\u2019i Analitik Geometri sorusu olacak. Matematik ve Geometri testleri ayr\u0131 soru kitap\u00e7\u0131klar\u0131nda bulunacak ve adaylar tek soru ka\u011f\u0131d\u0131 kullanacak. \u00d6\u011fleden sonra yap\u0131lacak Yabanc\u0131 Dil S\u0131nav\u0131 LYS-5 ise saat 14.30\u2019da ba\u015flayacak.<\/p>\n<p style=\"text-align: justify;\"><strong>Bunlara dikkat<\/strong><\/p>\n<p style=\"text-align: justify;\">-Adaylar\u0131n \u201c2011-LYS S\u0131nava Giri\u015f Belgesi\u201d ile foto\u011fraf ve TC Kimlik Numaras\u0131 bulunan \u201cN\u00fcfus C\u00fczdan\u0131\u201d veya \u201cpasaport\u201d bulundurmalar\u0131 gerekiyor.<\/p>\n<p style=\"text-align: justify;\">-Hi\u00e7bir e\u015fya s\u0131nava al\u0131nmayaca\u011f\u0131ndan, adaylar\u0131n s\u0131nav binalar\u0131na bu belgeler d\u0131\u015f\u0131nda herhangi bir e\u015fya getirmemeleri gerekiyor. S\u0131nav\u0131n yap\u0131ld\u0131\u011f\u0131 bina i\u00e7erisinde s\u0131nav \u00f6ncesinde, s\u0131nav s\u0131ras\u0131nda ya da s\u0131navdan sonra bu t\u00fcr cihazlar\u0131 ta\u015f\u0131d\u0131\u011f\u0131 tespit edilen aday\u0131n s\u0131nav\u0131 ge\u00e7ersiz say\u0131lacak.<\/p>\n<p style=\"text-align: justify;\">-Bina giri\u015finde y\u0131\u011f\u0131lmaya yol a\u00e7\u0131lmamas\u0131 i\u00e7in adaylar\u0131n, \u00e7anta ve benzeri e\u015fyalar\u0131n\u0131 s\u0131nava girecekleri binalara getirmemeleri, s\u0131nava metal aksesuar i\u00e7ermeyen sade bir k\u0131yafetle gelmeleri, s\u0131navdan en az 1 saat \u00f6nce s\u0131nav yap\u0131lacak bina \u00f6n\u00fcnde bulunmalar\u0131, s\u0131nav salonlar\u0131na zaman\u0131nda al\u0131nabilmeleri a\u00e7\u0131s\u0131ndan son derece \u00f6nem ta\u015f\u0131yor.<\/p>\n<p style=\"text-align: justify;\">-S\u0131nava girecek aday\u0131n y\u00fcz\u00fcn\u00fcn kimlik tespitini sa\u011flayacak bi\u00e7imde a\u00e7\u0131k olmas\u0131 gerekiyor.<\/p>\n<p style=\"text-align: justify;\">-Hi\u00e7bir aday 2011-LYS S\u0131nava Giri\u015f Belgesi\u2019nde yaz\u0131l\u0131 olan salondan ba\u015fka bir yerde s\u0131nava giremeyecek.<\/p>\n<p style=\"text-align: justify;\">-Yerine oturan aday, s\u0131nava giri\u015f belgesi ile n\u00fcfus c\u00fczdan\u0131 veya pasaportunu s\u0131ras\u0131n\u0131n \u00fczerine koyacak.<\/p>\n<p style=\"text-align: justify;\">-Soru kitap\u00e7\u0131\u011f\u0131 po\u015feti sadece adaylar taraf\u0131ndan a\u00e7\u0131lacak. Soru kitap\u00e7\u0131klar\u0131, s\u0131nav salonunda g\u00f6revliler taraf\u0131ndan adaylara rastgele da\u011f\u0131t\u0131lacak. Soru kitap\u00e7\u0131klar\u0131ndaki sorular birbirinin tamamen ayn\u0131 olacak.<\/p>\n<p style=\"text-align: justify;\">-90 dakika ge\u00e7meden ve son 15 dakika i\u00e7erisinde adaylar s\u0131nav salonundan d\u0131\u015far\u0131ya \u00e7\u0131kar\u0131lmayacak.<\/p>\n<p style=\"text-align: justify;\">-S\u0131nav s\u0131ras\u0131nda adaylar\u0131n k\u0131sa bir s\u00fcre i\u00e7in bile olsa tuvalete dahi gitmek i\u00e7in salondan \u00e7\u0131kmalar\u0131 yasak olacak.<\/p>\n<p style=\"text-align: justify;\"><a href=\"http:\/\/www.korhanyilmaz.com\/wp-content\/uploads\/2011\/06\/0831.jpg\"  class=\"lightview\"><img loading=\"lazy\" decoding=\"async\" class=\"aligncenter size-full wp-image-34828\" src=\"http:\/\/www.korhanyilmaz.com\/wp-content\/uploads\/2011\/06\/0831.jpg\" alt=\"\" width=\"320\" height=\"100\" \/><\/a><\/p>\n<p style=\"text-align: justify;\"><span style=\"color: #993300; font-size: medium;\"><strong>\u00d6zcan\u2019a AK Parti\u2019den tepki<\/strong><\/span><\/p>\n<p style=\"text-align: justify;\"><strong><span style=\"color: #000000;\">\u00d6nlemini al minareden ba\u011f\u0131rma<\/span><\/strong><\/p>\n<p style=\"text-align: justify;\">ANKARA &#8211; LYS s\u0131nav\u0131na iki g\u00fcn kala Y\u00d6K Ba\u015fkan\u0131 Yusuf Ziya \u00d6zcan\u2019a \u201cLYS sorular\u0131n\u0131n \u00e7al\u0131n\u0131p da\u011f\u0131t\u0131laca\u011f\u0131\u201d y\u00f6n\u00fcnde ihbar geldi\u011fi, Ba\u015fkan\u2019\u0131n talimat\u0131 \u00fczerine soru kitap\u00e7\u0131klar\u0131n\u0131n sakland\u0131\u011f\u0131 depolar ile yola \u00e7\u0131kan TIR\u2019larda g\u00fcvenlik \u00f6nlemlerinin art\u0131r\u0131ld\u0131\u011f\u0131 ortaya \u00e7\u0131kt\u0131. Olay\u0131n duyulmas\u0131 \u00fczerine \u00d6SYM d\u00fcn, \u201cS\u0131navlar \u00f6ncesi zaman zaman bu t\u00fcrden duyumlar al\u0131nmaktad\u0131r. \u00d6SYM, s\u0131nav g\u00fcvenli\u011fini en \u00fcst d\u00fczeyde tutmaya \u00f6zen g\u00f6stermektedir. \u00d6\u011frenciler bu t\u00fcr iddialara itibar etmesinler\u201d a\u00e7\u0131klamas\u0131 yap\u0131ld\u0131. \u00d6te yandan Milli E\u011fitim Komisyonu Ba\u015fkan\u0131, AKP Milletvekili Mehmet Sa\u011flam Y\u00d6K Ba\u015fkan\u0131\u2019na sert \u00e7\u0131kt\u0131: \u201cBir ihbar varsa \u00f6nlemini al\u0131rs\u0131n. Minareden s\u00f6ylemeye gerek yok. Ben gayri mantiki bir ihbar olarak buldum\u201d dedi. VATAN\u2019a konu\u015fan Mehmet Sa\u011flam, \u201cBen konuyu detayl\u0131 olarak bilmiyorum. Sadece bir gazeteden okudum. Bir bir ihbar gelmi\u015f zannederim. Bence hi\u00e7bir temeli olmmaz. Nereden \u00e7\u0131kt\u0131 anlamad\u0131m\u201d dedi. Sa\u011flam, \u201cBir AK Parti milletvekilinin ofisinden olacakm\u0131\u015f. Neden bir AK Parti milletvekilinin ofisinden olacak ki? Ne alakas\u0131 var? B\u00f6yle bir ihbar\u0131n de\u011ferinin olmamas\u0131 gerekir. \u015eimdiye kadar, Cumhuriyet kuruldu\u011fundan beri bir \u00e7ok s\u0131nav yap\u0131ld\u0131. Bu zamana kadar hi\u00e7, \u2018bir milletvekilinin ofisi\u2019 diye bir ihbar olmu\u015f mu? Bana gayri mantiki bir ihbar geliyor\u201d dedi. \u201cY\u00d6K ba\u015fkan\u0131\u2019n\u0131n bunu dillendirmesi hata m\u0131yd\u0131 s\u0131nav \u00f6ncesi\u201d sorusunu ise Sa\u011flam, \u201cBence bir ihbar diye s\u00f6ylerseniz. Niye bir partinin ismini kar\u0131\u015ft\u0131r\u0131yorsunuz. Milletvekiliyle ilgili \u00f6yle bir ihbar gelse bile parit ad\u0131 kar\u0131\u015ft\u0131rmazs\u0131n\u0131z, \u2018bir milletvekili\u2019 diyerek a\u00e7\u0131klars\u0131n\u0131z. Do\u011fru olup olmad\u0131\u011f\u0131 bile belli de\u011fil ki ben inanm\u0131yorum. Yine de b\u00f6yle bir ihbar varsa tedbirinizi al\u0131rs\u0131n\u0131z ama minareden s\u00f6ylemeye gerek yok\u201d yorumu yapt\u0131. \u2018Skandal\u0131 \u00f6nlediler\u2019 n T\u00fcrk E\u011fitim Sen Genel Te\u015fkilatland\u0131rma Sekreteri Talip Geylan da VATAN\u2019a \u015funlar\u0131 s\u00f6yledi: \u201c\u00d6SYM ve Y\u00d6K yetkilileri yapt\u0131klar\u0131 i\u015ften emin olmad\u0131klar\u0131 i\u00e7in, olur ya LYS\u2019de bir skandal olursa bir bunun tedbirini ba\u015ftan alal\u0131m kamuoyu noktas\u0131nda d\u00fc\u015f\u00fcncesiyle b\u00f6yle bir iddia ortaya att\u0131klar\u0131n\u0131 d\u00fc\u015f\u00fcn\u00fcyorum. Yoksa Y\u00d6K Ba\u015fkan\u0131\u2019n\u0131n yapt\u0131\u011f\u0131 a\u00e7\u0131klama \u00e7ok gayriciddi bir a\u00e7\u0131klamad\u0131r. Y\u00d6K Ba\u015fkan\u0131\u2019n\u0131n bu a\u00e7\u0131klamas\u0131n\u0131 yapt\u0131klar\u0131 i\u015ften emin olmad\u0131klar\u0131 i\u00e7in yapt\u0131\u011f\u0131n\u0131 d\u00fc\u015f\u00fcn\u00fcyorum.\u201c<\/p>\n<p style=\"text-align: justify;\"><a href=\"http:\/\/haber.gazetevatan.com\/sinav-oncesi-garip-isler\/384137\/1\/Gundem\" target=\"_blank\">Kaynak : VATAN Gazetesi<\/a><\/p>\n","protected":false},"excerpt":{"rendered":"<p style=\"text-align: center;\">\n<p style=\"text-align: justify;\">Yine s\u0131nav yine skandal<\/p>\n<p style=\"text-align: justify;\">Y\u00d6K Ba\u015fkan\u0131 Prof. Dr. \u00d6zcan, LYS s\u0131nav\u0131nda da yeni bir skandal\u0131n kap\u0131s\u0131n\u0131 \u201cSorular \u00e7al\u0131nacak\u201d iddias\u0131yla aralad\u0131. \u00d6SYM, \u201c\u0130ddialar as\u0131ls\u0131z\u201d dese de bug\u00fcn kader s\u0131navlar\u0131na girecek \u00f6\u011frenciler yine tedirgin. <\/p>\n","protected":false},"author":1,"featured_media":0,"comment_status":"open","ping_status":"closed","sticky":false,"template":"","format":"standard","meta":{"footnotes":""},"categories":[105],"tags":[],"class_list":["post-34824","post","type-post","status-publish","format-standard","hentry","category-gundem","odd"],"_links":{"self":[{"href":"http:\/\/www.korhanyilmaz.com\/index.php?rest_route=\/wp\/v2\/posts\/34824","targetHints":{"allow":["GET"]}}],"collection":[{"href":"http:\/\/www.korhanyilmaz.com\/index.php?rest_route=\/wp\/v2\/posts"}],"about":[{"href":"http:\/\/www.korhanyilmaz.com\/index.php?rest_route=\/wp\/v2\/types\/post"}],"author":[{"embeddable":true,"href":"http:\/\/www.korhanyilmaz.com\/index.php?rest_route=\/wp\/v2\/users\/1"}],"replies":[{"embeddable":true,"href":"http:\/\/www.korhanyilmaz.com\/index.php?rest_route=%2Fwp%2Fv2%2Fcomments&post=34824"}],"version-history":[{"count":0,"href":"http:\/\/www.korhanyilmaz.com\/index.php?rest_route=\/wp\/v2\/posts\/34824\/revisions"}],"wp:attachment":[{"href":"http:\/\/www.korhanyilmaz.com\/index.php?rest_route=%2Fwp%2Fv2%2Fmedia&parent=34824"}],"wp:term":[{"taxonomy":"category","embeddable":true,"href":"http:\/\/www.korhanyilmaz.com\/index.php?rest_route=%2Fwp%2Fv2%2Fcategories&post=34824"},{"taxonomy":"post_tag","embeddable":true,"href":"http:\/\/www.korhanyilmaz.com\/index.php?rest_route=%2Fwp%2Fv2%2Ftags&post=34824"}],"curies":[{"name":"wp","href":"https:\/\/api.w.org\/{rel}","templated":true}]}}