{"id":34820,"date":"2011-06-17T21:41:25","date_gmt":"2011-06-17T18:41:25","guid":{"rendered":"http:\/\/www.korhanyilmaz.com\/?p=34820"},"modified":"2011-07-10T22:41:02","modified_gmt":"2011-07-10T19:41:02","slug":"%e2%80%98sen-birkac-carsafliya-rozet-takmaktan-baska-ne-yaptin","status":"publish","type":"post","link":"http:\/\/www.korhanyilmaz.com\/?p=34820","title":{"rendered":"\u2018Sen birka\u00e7 \u00e7ar\u015fafl\u0131ya rozet takmaktan ba\u015fka ne yapt\u0131n?"},"content":{"rendered":"<p style=\"text-align: center;\"><a href=\"http:\/\/www.korhanyilmaz.com\/wp-content\/uploads\/2011\/06\/081.jpg\"  class=\"lightview\"><img loading=\"lazy\" decoding=\"async\" class=\"aligncenter size-full wp-image-34821\" src=\"http:\/\/www.korhanyilmaz.com\/wp-content\/uploads\/2011\/06\/081.jpg\" alt=\"\" width=\"420\" height=\"210\" \/><\/a><\/p>\n<p style=\"text-align: justify;\">CHP\u2019de hedefteki isim Tekin\u2019in VATAN\u2019a a\u00e7\u0131klamalar\u0131 muhalifleri tatmin etmedi. Ar\u0131tman derhal kurultay iste\u011fini yinelerken Meng\u00fc, \u201cBaykal kapat\u0131lm\u0131\u015f, baraj alt\u0131nda kalm\u0131\u015f partiyi bu g\u00fcnlere getirdi\u201d dedi.<!--more--><\/p>\n<p style=\"text-align: justify;\">ANKARA &#8211; CHP Genel Ba\u015fkan Yard\u0131mc\u0131s\u0131 G\u00fcrsel Tekin\u2019in, VATAN\u2019a yapt\u0131\u011f\u0131 a\u00e7\u0131klamalara parti i\u00e7i muhalefet tepki g\u00f6sterdi. Tekin muhaliflere \u201c20 y\u0131ld\u0131r ne yapt\u0131n\u0131z ki 6 ayda ne bekliyorsunuz. Kellemi sadece K\u0131l\u0131\u00e7daro\u011flu ve delege isteyebilir. Gerisi de v\u0131z\u0131rt\u0131d\u0131r. Kurultay ihtimali g\u00f6rm\u00fcyorum\u201d diye seslenmi\u015fti. CHP\u2019li muhaliflerin \u00f6nde gelen isimlerinden Canan Ar\u0131tman ve \u015eahin Meng\u00fc ise Tekin\u2019in ele\u015ftirileriyle ilgili VATAN\u2019a \u015fu de\u011ferlendirmelerde bulundu:<\/p>\n<p style=\"text-align: justify;\"><strong>\u015eAH\u0130N\u2008MENG\u00dc: ALTI AYDA SEN NE YAPTIN?<\/strong><\/p>\n<p style=\"text-align: justify;\">\u201820 y\u0131ld\u0131r ne yapt\u0131n\u0131z ki 6 ayda ne bekliyorsunuz?\u2019 demesi \u00e7ok enteresan bir ifade. Bug\u00fcne kadar Baykal ve \u00d6nder Sav\u2019\u0131n ne yapt\u0131klar\u0131 ortada. 80\u2019de kapat\u0131lm\u0131\u015f s\u0131f\u0131rdan gelmeye \u00e7al\u0131\u015fan bir parti. Sonunda bir araya gelinmi\u015f bir d\u00f6nem baraj alt\u0131nda kal\u0131nm\u0131\u015f arkas\u0131ndan gelinmi\u015f. B\u00fct\u00fcn bunlar\u0131 inkar etmek kolayc\u0131l\u0131kt\u0131r. O zaman ona sorarlar; sen \u0130stanbul il ba\u015fkanl\u0131\u011f\u0131 yaparken ne yapt\u0131n diye. Birka\u00e7 \u00e7ar\u015fafl\u0131ya rozet takarak m\u0131 ciddi at\u0131l\u0131m yapt\u0131m? O zaman y\u00fcrekli olsalard\u0131 CHP markas\u0131yla \u0130stanbul\u2019da belediye ba\u015fkanl\u0131\u011f\u0131 se\u00e7imine girmeselerdi. Orada al\u0131nan oy CHP markas\u0131yla al\u0131nm\u0131\u015ft\u0131r.<\/p>\n<p style=\"text-align: justify;\">Onun istifas\u0131n\u0131 kim istiyor bilemem delege her \u015feye kadirdir. Onun istifas\u0131n\u0131 isteyenlerin hi\u00e7bir tanesinin ge\u00e7misinde evrakta sahtecilik yok. Ayr\u0131ca o dosyas\u0131ndan evrak \u00e7al\u0131nd\u0131\u011f\u0131 i\u00e7in soru\u015fturma a\u00e7\u0131ld\u0131\u011f\u0131 y\u00f6n\u00fcnde iddialar bas\u0131na yans\u0131d\u0131. Bunlara cevap versin. Muhaliflerin ele\u015ftirilerine tepki g\u00f6stermesini de anlamad\u0131m. Muhaliflerin \u015fu anda partide g\u00f6revleri yok. Dolay\u0131s\u0131yla orada \u015fu anda konu\u015facaklar\u0131 bir ortam yok. Nerede konu\u015facaklar, aynay\u0131 m\u0131 bak\u0131p konu\u015facaklar? Elbette gazete ve televizyonlara konu\u015facaklar. Partide \u015fu anda genel bir kurultay beklentisi var. Partililer g\u00fcven tazelenmesini istiyorlar. Bence CHP\u2019de eksen kaymas\u0131 var m\u0131 yok mu as\u0131l bunun tart\u0131\u015f\u0131lmas\u0131 gerekir.<\/p>\n<p style=\"text-align: justify;\"><strong>ARITMAN: BAYKAL\u2019IN\u2008POL\u0130T\u0130KASI\u2008\u0130ZLENMEL\u0130YD\u0130<\/strong><\/p>\n<p style=\"text-align: justify;\">20 y\u0131ld\u0131r partide ne yap\u0131ld\u0131\u011f\u0131 ortada. Bu parti y\u00fczde 4\u2019lerden y\u00fczde 29 band\u0131na kadar getirildi. Konjokt\u00fcr\u00fcn bu kadar uygun oldu\u011fu bir noktada al\u0131nan bu se\u00e7im sonu\u00e7lar\u0131yla partiyi buralara getirenlerin s\u00f6ylecek s\u00f6zleri olmad\u0131\u011f\u0131n\u0131 d\u00fc\u015f\u00fcn\u00fcyorum. 22 y\u0131ld\u0131r siyaset yapan birisi olarak \u015funu s\u00f6yl\u00fcyorum; genel ba\u015fkanl\u0131k makam\u0131nda kim olursa olsun bu b\u00fcy\u00fck, vahim hatalar yap\u0131lmasayd\u0131 CHP\u2019nin oyu y\u00fczde 35 olurdu. Konjonkt\u00fcr buna gayet m\u00fcsaitti. Say\u0131n Baykal\u2019\u0131n politikalar\u0131 aynen devam ettirilseydi CHP\u2019nin oyu y\u00fczde 35\u2019in alt\u0131nda olmazd\u0131. Taban\u0131m\u0131zda, se\u00e7menimizde g\u00fcven bunal\u0131m\u0131 yaratt\u0131lar.<\/p>\n<p style=\"text-align: justify;\">Hakikaten partiyi bas\u0131nda kamuoyunda tart\u0131\u015fmayal\u0131m diyorlarsa bunun engellenmesi i\u00e7in kurultay\u0131 \u00e7a\u011f\u0131rs\u0131nlar. Bir an \u00f6nce kurultay\u0131 \u00e7a\u011f\u0131rs\u0131nlar ki her \u015fey kurultayda bitsin. Bu g\u00f6rev onlara d\u00fc\u015fer. O zaman tart\u0131\u015fmalar da biter. Kurultay kararlar\u0131 her \u015fey \u00fczerindedir. Kimse de \u00fczerinde hi\u00e7bir \u015fey s\u00f6ylemez. Hari\u00e7ten gazel okuyorlar. G\u00f6rev sorumluluklar\u0131n\u0131 bilerek konu\u015fsunlar.<\/p>\n<p style=\"text-align: justify;\">Kurultaydan ka\u00e7maya gerek yok. Bundan ka\u00e7arak \u00e7ok yanl\u0131\u015f yap\u0131l\u0131yor. L\u00fctfen biran \u00f6nce kurultay toplans\u0131n. Se\u00e7imi masaya yat\u0131ral\u0131m bundan sonra ne yapmal\u0131y\u0131z buna karar verelim. Faturay\u0131 kim \u00f6deyecek buna karar verelim. Tabi fatura el yakt\u0131\u011f\u0131 i\u00e7in faturay\u0131 \u00f6demekten ka\u00e7\u0131yorlar. Minderden ka\u00e7mas\u0131nlar, mazeret \u00fcretmesinler. Ay\u0131p ve yanl\u0131\u015f oluyor. Ayr\u0131ca ben demedim G\u00fcrsel Tekin, \u2018Y\u00fczde 30\u2019un alt\u0131nda kal\u0131rsak ayr\u0131l\u0131r\u0131m\u2019 diye kendisi s\u00f6yledi. Siyaset\u00e7i s\u00f6z\u00fcn\u00fcn eri olmal\u0131d\u0131r. Biz taban\u0131m\u0131z\u0131n sesini yans\u0131t\u0131yoruz. Taban\u0131m\u0131z kurultay\u0131n toplanmas\u0131 i\u00e7in bize bask\u0131 yap\u0131yor.<\/p>\n<p style=\"text-align: justify;\"><a href=\"http:\/\/haber.gazetevatan.com\/sen-birkac-carsafliya-rozet-takmaktan-baska-ne-yaptin\/384153\/9\/Siyaset\" target=\"_blank\">Kaynak : VATAN Gazetesi<\/a><\/p>\n","protected":false},"excerpt":{"rendered":"<p style=\"text-align: center;\">\n<p style=\"text-align: justify;\">CHP\u2019de hedefteki isim Tekin\u2019in VATAN\u2019a a\u00e7\u0131klamalar\u0131 muhalifleri tatmin etmedi. Ar\u0131tman derhal kurultay iste\u011fini yinelerken Meng\u00fc, \u201cBaykal kapat\u0131lm\u0131\u015f, baraj alt\u0131nda kalm\u0131\u015f partiyi bu g\u00fcnlere getirdi\u201d dedi.<\/p>\n","protected":false},"author":1,"featured_media":0,"comment_status":"open","ping_status":"closed","sticky":false,"template":"","format":"standard","meta":{"footnotes":""},"categories":[105],"tags":[],"class_list":["post-34820","post","type-post","status-publish","format-standard","hentry","category-gundem","odd"],"_links":{"self":[{"href":"http:\/\/www.korhanyilmaz.com\/index.php?rest_route=\/wp\/v2\/posts\/34820","targetHints":{"allow":["GET"]}}],"collection":[{"href":"http:\/\/www.korhanyilmaz.com\/index.php?rest_route=\/wp\/v2\/posts"}],"about":[{"href":"http:\/\/www.korhanyilmaz.com\/index.php?rest_route=\/wp\/v2\/types\/post"}],"author":[{"embeddable":true,"href":"http:\/\/www.korhanyilmaz.com\/index.php?rest_route=\/wp\/v2\/users\/1"}],"replies":[{"embeddable":true,"href":"http:\/\/www.korhanyilmaz.com\/index.php?rest_route=%2Fwp%2Fv2%2Fcomments&post=34820"}],"version-history":[{"count":0,"href":"http:\/\/www.korhanyilmaz.com\/index.php?rest_route=\/wp\/v2\/posts\/34820\/revisions"}],"wp:attachment":[{"href":"http:\/\/www.korhanyilmaz.com\/index.php?rest_route=%2Fwp%2Fv2%2Fmedia&parent=34820"}],"wp:term":[{"taxonomy":"category","embeddable":true,"href":"http:\/\/www.korhanyilmaz.com\/index.php?rest_route=%2Fwp%2Fv2%2Fcategories&post=34820"},{"taxonomy":"post_tag","embeddable":true,"href":"http:\/\/www.korhanyilmaz.com\/index.php?rest_route=%2Fwp%2Fv2%2Ftags&post=34820"}],"curies":[{"name":"wp","href":"https:\/\/api.w.org\/{rel}","templated":true}]}}