{"id":3480,"date":"2009-02-23T09:21:41","date_gmt":"2009-02-23T07:21:41","guid":{"rendered":"http:\/\/www.korhanyilmaz.com\/?p=3480"},"modified":"2009-02-23T09:21:41","modified_gmt":"2009-02-23T07:21:41","slug":"kamu-araclariyla-akp-mitingine-gidilir-mi","status":"publish","type":"post","link":"http:\/\/www.korhanyilmaz.com\/?p=3480","title":{"rendered":"Kamu ara\u00e7lar\u0131yla AKP mitingine gidilir mi?"},"content":{"rendered":"<p style=\"text-align: center;\"><img loading=\"lazy\" decoding=\"async\" class=\"aligncenter size-full wp-image-3481\" title=\"Kamu ara\u00e7lar\u0131yla AKP mitingine gidilir mi? \" src=\"http:\/\/www.korhanyilmaz.com\/wp-content\/uploads\/2009\/02\/230220090935169103204.jpg\" alt=\"Kamu ara\u00e7lar\u0131yla AKP mitingine gidilir mi? \" width=\"376\" height=\"240\" \/><\/p>\n<p style=\"text-align: justify;\"><strong>Muhalefet, Erdo\u011fan&#8217;\u0131n se\u00e7im gezilerine Ba\u015fbakanl\u0131k u\u00e7a\u011f\u0131, helikopteri ve ara\u00e7lar\u0131yla, yani devletin imk\u00e2nlar\u0131yla gitmesini ele\u015ftirdi<\/strong><\/p>\n<p style=\"text-align: justify;\">Ba\u015fbakan Recep Tayyip Erdo\u011fan&#8217;\u0131n, AKP&#8217;nin se\u00e7im mitinglerine Ba\u015fbakanl\u0131k&#8217;a ait helikopter ve u\u00e7aklarla gitmesi tart\u0131\u015fma konusu oldu. AKP, Erdo\u011fan&#8217;\u0131n gezilerini, &#8220;Ba\u015fbakan gitti\u011fi illerde hem miting, hem a\u00e7\u0131l\u0131\u015f ger\u00e7ekle\u015ftiriyor. Se\u00e7ime 10 g\u00fcn kalaya kadar da bunu yapabilir&#8221; diye savunuyor. Bu uygulamay\u0131 etik bulmayan muhalefet, &#8220;Takiye yaparak hukuki bir k\u0131l\u0131f buluyor ve hukuku istismar ediyorlar. B\u00f6yle e\u015fit yar\u0131\u015f olmaz&#8221; g\u00f6r\u00fc\u015f\u00fcn\u00fc dile getiriyor. Se\u00e7im yasaklar\u0131na g\u00f6re, h\u00fck\u00fcmetler, se\u00e7im tarihine 10 g\u00fcn kalana kadar a\u00e7\u0131l\u0131\u015f t\u00f6renleri ger\u00e7ekle\u015ftirebiliyor.<!--more--><br \/>\nErdo\u011fan, 29 Mart&#8217;taki yerel se\u00e7imler i\u00e7in bug\u00fcne kadar 13 ilde miting ger\u00e7ekle\u015ftirdi. Ba\u015fbakan, yolculuklar\u0131n\u0131 Ba\u015fbakanl\u0131k&#8217;a ait OBA helikopteri ile ANA ve ATA u\u00e7aklar\u0131yla yapt\u0131. Mitinglerin oldu\u011fu illerdeki programlar\u0131nda valilik ziyareti ve toplu a\u00e7\u0131l\u0131\u015flar da bulunan Erdo\u011fan, Ba\u015fbakanl\u0131k&#8217;a ait otob\u00fcs ve makam arac\u0131n\u0131 kulland\u0131. Miting alan\u0131na giderken AKP&#8217;nin se\u00e7im otob\u00fcs\u00fcn\u00fc kullanan Erdo\u011fan, toplu a\u00e7\u0131l\u0131\u015flar\u0131n yap\u0131laca\u011f\u0131 yere ise baz\u0131 illerde Ba\u015fbakanl\u0131k&#8217;a ait otob\u00fcsle gitti.<br \/>\nErdo\u011fan&#8217;\u0131n mitinglerine Ba\u015fbakanl\u0131k&#8217;a ait ara\u00e7larla gitmesini muhalefet ele\u015ftirirken AKP savundu. Taraflar\u0131n de\u011ferlendirmeleri \u015f\u00f6yle:\n<\/p>\n<p style=\"text-align: justify;\"><strong>Muhalefet tepkili<\/strong><\/p>\n<p style=\"text-align: justify;\"><strong>Mustafa \u00d6zy\u00fcrek (CHP S\u00f6zc\u00fcs\u00fc):<\/strong> Ba\u015fbakan ve AKP, parti mitinglerini kamu ara\u00e7lar\u0131yla ve kamu paras\u0131yla yapmay\u0131 adet edindi. Halk\u0131n vergileriyle miting yap\u0131yor. Bu se\u00e7imlerin me\u015fruiyetini kaybettiriyor.<br \/>\nE\u015fit \u015fartlarda yar\u0131\u015f yap\u0131lm\u0131yor. A\u00e7\u0131l\u0131\u015flar\u0131 bahane ederek ara\u00e7lar\u0131 kullan\u0131yorlar. Diyarbak\u0131r&#8217;da yine kullan\u0131ld\u0131. Valiyi ziyaret ediyor, &#8220;TOK\u0130 a\u00e7\u0131l\u0131\u015flar\u0131 yap\u0131yorum&#8221; diyor. Olmaz b\u00f6yle \u015fey. Se\u00e7im mitinginin paras\u0131 devlet taraf\u0131ndan kar\u015f\u0131lan\u0131yor.<\/p>\n<p style=\"text-align: justify;\"><strong>Mehmet \u015eand\u0131r (MHP Grup Ba\u015fkanvekili):<\/strong> Bu yapt\u0131\u011f\u0131 siyasi partiler ve se\u00e7im kanununa, YSK&#8217;n\u0131n kararlar\u0131na ayk\u0131r\u0131. Ba\u015fbakan mitinginin pe\u015fine h\u00fck\u00fcmet faaliyeti katarak takiye yap\u0131yor. Hukuku istismar ediyor. Se\u00e7im propaganda mitinginin devlet imk\u00e2nlar\u0131yla yap\u0131lmas\u0131 su\u00e7.<br \/>\nM\u00fccahit Yan\u0131lmaz (Saadet Partisi Genel Ba\u015fkan Yard\u0131mc\u0131s\u0131): Ba\u015fbakan se\u00e7im d\u00f6neminde resmi ara\u00e7lar\u0131 kullanmamal\u0131. Resmen kullanabilir, ama, etik ve ahlaken kullanmamas\u0131 laz\u0131m. Diyarbak\u0131r&#8217;a gidip miting yap\u0131yorsun, bunu devlet hizmetlerinden ay\u0131rmak laz\u0131m. Normal olan Ba\u015fbakan\u0131n parti \u00e7al\u0131\u015fmalar\u0131nda resmi hi\u00e7bir arac\u0131 kullanmamas\u0131d\u0131r. Umar\u0131m Ba\u015fbakan etik de\u011ferleri g\u00f6z \u00f6n\u00fcne alarak \u00f6n\u00fcm\u00fczdeki mitinglerde b\u0131rak\u0131p parti imkanlar\u0131yla yapar.<br \/>\nNecati \u00c7etinkaya (AKP Genel Ba\u015fkan Yard\u0131mc\u0131s\u0131): Ba\u015fbakan se\u00e7im g\u00fcn\u00fcnden 10 g\u00fcn \u00f6ncesine, yani 19 Mart&#8217;a kadar gidilen illerde a\u00e7\u0131l\u0131\u015f yap\u0131l\u0131yorsa kullanabilir. \u00c7\u00fcnk\u00fc Ba\u015fbakan o illere sadece miting i\u00e7in gitmiyor, resmi a\u00e7\u0131l\u0131\u015flar i\u00e7in de gidiyor. Siyasi tarihimizde ba\u015fka ba\u015fbakanlar hep bu davran\u0131\u015f\u0131 sergilemi\u015ftir.&#8221;\n<\/p>\n<p style=\"text-align: justify;\"><strong>Devletin imk\u00e2nlar\u0131 kullan\u0131ld\u0131<\/strong><\/p>\n<p style=\"text-align: justify;\">Yan\u0131na baz\u0131 AKP y\u00f6neticileriyle milletvekillerini de alan Erdo\u011fan&#8217;\u0131n Ba\u015fbakanl\u0131k ara\u00e7lar\u0131yla gitti\u011fi ve miting yapt\u0131\u011f\u0131 illerden baz\u0131lar\u0131 \u015funlar:<\/p>\n<p style=\"text-align: justify;\"><strong>KIR\u015eEH\u0130R (10 \u015eubat):<\/strong> Ankara&#8217;dan K\u0131r\u015fehir&#8217;e gidi\u015f-d\u00f6n\u00fc\u015fte OBA helikopterini kulland\u0131.<\/p>\n<p style=\"text-align: justify;\"><strong>KASTAMONU (11 \u015eubat):<\/strong> Ankara&#8217;dan Kastamonu&#8217;ya OBA helikopteriyle gitti. A\u00e7\u0131l\u0131\u015flar yap\u0131l\u0131rken Ba\u015fbakanl\u0131k otob\u00fcs\u00fc kullan\u0131ld\u0131.<\/p>\n<p style=\"text-align: justify;\"><strong>S\u0130VAS (13 \u015eubat): <\/strong>Ankara&#8217;dan Sivas&#8217;a ANA u\u00e7a\u011f\u0131 ile gitti. A\u00e7\u0131l\u0131\u015flarda Ba\u015fbakanl\u0131k otob\u00fcs\u00fc kullan\u0131ld\u0131.<\/p>\n<p style=\"text-align: justify;\"><strong>S\u0130NOP (14 \u015eubat):<\/strong> Ankara&#8217;dan Sinop ve Amasya&#8217;ya ANA u\u00e7a\u011f\u0131 ile gitti.<\/p>\n<p style=\"text-align: justify;\"><strong>SAMSUN (15 \u015eubat):<\/strong> Ankara&#8217;dan Samsun&#8217;a ANA u\u00e7a\u011f\u0131 ile gitti. Ankara&#8217;ya da yine ANA ile d\u00f6nd\u00fc. Samsun&#8217;da a\u00e7\u0131l\u0131\u015flarda Ba\u015fbakanl\u0131k otob\u00fcs\u00fcn\u00fc kulland\u0131.<\/p>\n<p style=\"text-align: justify;\"><strong>KIRIKKALE (17 \u015eubat): <\/strong>Ankara&#8217;dan K\u0131r\u0131kkale&#8217;ye OBA helikopteri ile gitti. A\u00e7\u0131l\u0131\u015flarda Ba\u015fbakanl\u0131k otob\u00fcs\u00fcn\u00fc kulland\u0131.<\/p>\n<p style=\"text-align: justify;\"><strong>AKSARAY (19 \u015eubat):<\/strong> Ankara&#8217;da ATA u\u00e7a\u011f\u0131 ile Aksaray&#8217;daki mitinge ge\u00e7mek i\u00e7in Nev\u015fehir&#8217;i gitti. Nev\u015fehir&#8217;den \u0130stanbul&#8217;a ATA ile d\u00f6nd\u00fc.<\/p>\n<p style=\"text-align: justify;\"><strong>SAKARYA (20 \u015eubat): <\/strong>\u0130stanbul&#8217;dan Sakarya&#8217;ya gidi\u015f-d\u00f6n\u00fc\u015fte OBA helikopterini kulland\u0131.<\/p>\n<p style=\"text-align: justify;\"><strong>D\u0130YARBAKIR (21 \u015eubat):<\/strong> \u0130stanbul&#8217;dan Diyarbak\u0131r&#8217;a ANA u\u00e7a\u011f\u0131yla gitti.<\/p>\n<p style=\"text-align: justify;\"><strong>ADIYAMAN (22 \u015eubat):<\/strong> Ankara&#8217;dan Ad\u0131yaman&#8217;a ATA u\u00e7a\u011f\u0131 ile gitti.<\/p>\n<p style=\"text-align: justify;\"><strong>Yasaklar 19 Mart&#8217;ta ba\u015fl\u0131yor<\/strong><\/p>\n<p style=\"text-align: justify;\">YSK&#8217;n\u0131n belirledi\u011fi se\u00e7im yasaklar\u0131 i\u00e7inde yer alan propaganda d\u00f6nemi yasaklar\u0131 \u015f\u00f6yle: Se\u00e7im propagandas\u0131n\u0131n ba\u015flang\u0131c\u0131 olan 19 Mart 2009&#8217;dan itibaren oy verme g\u00fcn\u00fcn\u00fc takip eden g\u00fcne kadar olan s\u00fcre i\u00e7inde \u015fu kurallara uyulacak:<\/p>\n<p style=\"text-align: justify;\">B\u00fct\u00fcn daire, te\u015fekk\u00fcl ve m\u00fcesseselerle Bankalar Kanunu&#8217;na tabi te\u015fekk\u00fcllere ait kaynaklardan yap\u0131lan i\u015f ve hizmetler dolay\u0131s\u0131yla, (a\u00e7\u0131l\u0131\u015f ve temel atma dahil) t\u00f6renler tertiplemek, nutuklar s\u00f6ylemek, deme\u00e7ler vermek ve bunlar hakk\u0131nda her t\u00fcrl\u00fc vas\u0131tayla yay\u0131nlarda bulunulmas\u0131 yasak olacak.<\/p>\n<p style=\"text-align: justify;\">Ba\u015fbakan ve bakanlarla, milletvekilleri yurt i\u00e7inde yapacaklar\u0131 se\u00e7im propagandas\u0131 ile ilgili gezilerini makam otomobilleri ve resmi hizmete tahsis edilen vas\u0131talarla yapamayacak. Bu maksatla yapacaklar\u0131 gezilerde, protokol icab\u0131 kar\u015f\u0131lama ve u\u011furlamalar, t\u00f6renler yap\u0131lamayacak ve resmi ziyafet verilemeyecek, Ba\u015fbakan ve bakanlar, se\u00e7imle ilgili \u00e7al\u0131\u015fmalar\u0131nda ve konu\u015fmalar\u0131nda bu kanun h\u00fck\u00fcmlerine ba\u011fl\u0131 olacak.<\/p>\n<p style=\"text-align: justify;\">Ba\u015fbakan, bakanlar, milletvekilleri ve adaylar\u0131n se\u00e7im propagandas\u0131yla ilgili gezilerine hi\u00e7bir memur kat\u0131lamayacak.<\/p>\n<p style=\"text-align: justify;\"><span style=\"color: #888888;\">(Milliyet)<\/span><\/p>\n","protected":false},"excerpt":{"rendered":"<p style=\"text-align: center;\">\n<p style=\"text-align: justify;\">Muhalefet, Erdo\u011fan&#8217;\u0131n se\u00e7im gezilerine Ba\u015fbakanl\u0131k u\u00e7a\u011f\u0131, helikopteri ve ara\u00e7lar\u0131yla, yani devletin imk\u00e2nlar\u0131yla gitmesini ele\u015ftirdi<\/p>\n<p style=\"text-align: justify;\">Ba\u015fbakan Recep Tayyip Erdo\u011fan&#8217;\u0131n, AKP&#8217;nin se\u00e7im mitinglerine Ba\u015fbakanl\u0131k&#8217;a ait helikopter ve u\u00e7aklarla gitmesi tart\u0131\u015fma konusu oldu. AKP, Erdo\u011fan&#8217;\u0131n gezilerini, &#8220;Ba\u015fbakan gitti\u011fi illerde hem miting, hem a\u00e7\u0131l\u0131\u015f ger\u00e7ekle\u015ftiriyor. Se\u00e7ime 10 g\u00fcn kalaya kadar da bunu <\/p>\n","protected":false},"author":1,"featured_media":0,"comment_status":"open","ping_status":"closed","sticky":false,"template":"","format":"standard","meta":{"footnotes":""},"categories":[105],"tags":[],"class_list":["post-3480","post","type-post","status-publish","format-standard","hentry","category-gundem","odd"],"_links":{"self":[{"href":"http:\/\/www.korhanyilmaz.com\/index.php?rest_route=\/wp\/v2\/posts\/3480","targetHints":{"allow":["GET"]}}],"collection":[{"href":"http:\/\/www.korhanyilmaz.com\/index.php?rest_route=\/wp\/v2\/posts"}],"about":[{"href":"http:\/\/www.korhanyilmaz.com\/index.php?rest_route=\/wp\/v2\/types\/post"}],"author":[{"embeddable":true,"href":"http:\/\/www.korhanyilmaz.com\/index.php?rest_route=\/wp\/v2\/users\/1"}],"replies":[{"embeddable":true,"href":"http:\/\/www.korhanyilmaz.com\/index.php?rest_route=%2Fwp%2Fv2%2Fcomments&post=3480"}],"version-history":[{"count":0,"href":"http:\/\/www.korhanyilmaz.com\/index.php?rest_route=\/wp\/v2\/posts\/3480\/revisions"}],"wp:attachment":[{"href":"http:\/\/www.korhanyilmaz.com\/index.php?rest_route=%2Fwp%2Fv2%2Fmedia&parent=3480"}],"wp:term":[{"taxonomy":"category","embeddable":true,"href":"http:\/\/www.korhanyilmaz.com\/index.php?rest_route=%2Fwp%2Fv2%2Fcategories&post=3480"},{"taxonomy":"post_tag","embeddable":true,"href":"http:\/\/www.korhanyilmaz.com\/index.php?rest_route=%2Fwp%2Fv2%2Ftags&post=3480"}],"curies":[{"name":"wp","href":"https:\/\/api.w.org\/{rel}","templated":true}]}}