{"id":34797,"date":"2011-06-17T17:48:38","date_gmt":"2011-06-17T14:48:38","guid":{"rendered":"http:\/\/www.korhanyilmaz.com\/?p=34797"},"modified":"2011-07-10T23:56:16","modified_gmt":"2011-07-10T20:56:16","slug":"tan-yemin-edip-allah%e2%80%99tan-ozur-isterim","status":"publish","type":"post","link":"http:\/\/www.korhanyilmaz.com\/?p=34797","title":{"rendered":"Tan: Yemin edip, Allah\u2019tan \u00f6z\u00fcr isterim"},"content":{"rendered":"<p style=\"text-align: center;\"><a href=\"http:\/\/www.korhanyilmaz.com\/wp-content\/uploads\/2011\/06\/077.jpg\"  class=\"lightview\"><img loading=\"lazy\" decoding=\"async\" class=\"aligncenter size-full wp-image-34798\" src=\"http:\/\/www.korhanyilmaz.com\/wp-content\/uploads\/2011\/06\/077.jpg\" alt=\"\" width=\"260\" height=\"198\" \/><\/a><\/p>\n<p style=\"text-align: justify;\">BDP\u2019nin destekledi\u011fi Ba\u011f\u0131ms\u0131z Milletvekili Altan Tan, Meclis\u2019te yap\u0131lan yemini do\u011fru bulmad\u0131\u011f\u0131n\u0131 belirterek, \u201cAnayasal zorunluluk olursa ederim. Allah&#8217;tan \u00f6z\u00fcr talep edece\u011fim&#8221; dedi.<\/p>\n<p style=\"text-align: justify;\">\u0130STANBUL &#8211; \u0130stanbul Bilgi \u00dcniversitesi Uluslararas\u0131 \u0130li\u015fkiler B\u00f6l\u00fcm\u00fcn\u00fcn d\u00fczenledi\u011fi &#8221;\u0130syanlar ve Se\u00e7imler: Ortado\u011fu&#8217;nun T\u00fcrkiye&#8217;si&#8221; konulu panele telefonla ba\u011flanan Ba\u011f\u0131ms\u0131z Milletvekili Altan Tan, T\u00fcrkiye&#8217;nin bir yol ayr\u0131m\u0131nda oldu\u011funu savundu. <!--more--><\/p>\n<p style=\"text-align: justify;\">Tan, T\u00fcrkiye&#8217;nin \u00f6n\u00fcnde dil ve ba\u015f\u00f6rt\u00fcs\u00fc sorunu, tarikatlar ve cemaatler, K\u00fcrt sorunu, Alevilerin cemevi talepleri gibi \u00f6nemli sorunlar bulundu\u011funu belirterek, bunlar\u0131n halledilmesi i\u00e7in yeni bir toplumsal uzla\u015fman\u0131n senedi olarak yeni bir anayasaya ihtiya\u00e7 duyuldu\u011funu ifade etti.<\/p>\n<p style=\"text-align: justify;\">T\u00fcrkiye&#8217;nin en \u00f6nemli ve cevab\u0131 merakla beklenen sorusunun b\u00fct\u00fcn bu toplumsal taleplerin ciddi bir uzla\u015fmayla \u00e7\u00f6z\u00fcp \u00e7\u00f6zemeyece\u011fi oldu\u011funu dile getiren Tan, bu se\u00e7imlerinden sonra en \u00f6nemli konunun bu oldu\u011funu vurgulad\u0131.<\/p>\n<p style=\"text-align: justify;\">Tan, AK Parti ve Ba\u015fbakan Recep Tayyip Erdo\u011fan&#8217;\u0131n &#8221;do\u011fru d\u00fczg\u00fcn bir anayasa m\u0131, yoksa mevcut olan\u0131 restore ederek mi bir netice \u00e7\u0131karaca\u011f\u0131&#8221;n\u0131n merak edildi\u011fini ifade ederek, \u015funlar\u0131 kaydetti:<\/p>\n<p style=\"text-align: justify;\">&#8221;\u015eu an ba\u015f\u00f6rt\u00fcl\u00fcler, M\u00fcsl\u00fcman dindar \u00e7evreler, kendi kimlikleriyle sadece \u00fcniversitede okumak de\u011fil, kamusal alanda da var olmak istiyor. Dini e\u011fitimin sivil topluma b\u0131rak\u0131lmas\u0131n\u0131 istiyorlar. Kendi inan\u00e7lar\u0131na g\u00f6re toplumsal ya\u015fant\u0131lar\u0131n\u0131 da d\u00fczenlemek istiyorlar. Ayn\u0131 \u015fekilde K\u00fcrtler de K\u00fcrt\u00e7e anadilde e\u011fitim, yerinden y\u00f6netim istiyor. Alevi vatanda\u015flar\u0131m\u0131z da Diyanet \u0130\u015fleri&#8217;nin kald\u0131r\u0131lmas\u0131n\u0131 ya da din derslerin mecburi olmamas\u0131n\u0131, cemevlerinin a\u00e7\u0131lmas\u0131n\u0131 istiyor. Gayrim\u00fcslimler ise hem etnik hem de dini taleplerinin kar\u015f\u0131lanmas\u0131n\u0131 istiyor. \u015eimdi \u00f6n\u00fcm\u00fczdeki soru \u015fu; yeni anayasa bunlara cevap verebilecek mi, vermeyecek mi? E\u011fer birileri \u00e7\u0131k\u0131p da &#8216;cemevlerinin a\u00e7\u0131lmas\u0131 Diyanete ayk\u0131r\u0131, cemevleri ibadethane de\u011fil&#8217; derse, birileri &#8216;ba\u015f\u00f6rt\u00fcs\u00fc \u00fcniversitede olsun, ama kamusal alanda olmas\u0131n&#8217; derse, birileri -ki ba\u015fbakan bunu s\u00f6yl\u00fcyor- &#8216;K\u00fcrt\u00e7e anadilde e\u011fitim \u00fclkeyi b\u00f6ler, demokratik \u00f6zerklik \u00fclkeyi par\u00e7alama projesidir&#8217; derse o zaman bu yeni anayasa nas\u0131l yap\u0131lacak ya da k\u0131sm\u0131 de\u011fi\u015fiklikler neye yarayacak?&#8221;<\/p>\n<p style=\"text-align: justify;\">Yeni anayasan\u0131n b\u00fct\u00fcn talepleri kar\u015f\u0131layacak yeni bir s\u00f6zle\u015fme olmas\u0131 gerekti\u011fini vurgulayan Tan, &#8221;Yoksa kemalizmi, totaliter laik\u00e7i ulus devleti allay\u0131p pullay\u0131p 3-5 tane maddeyi de\u011fi\u015ftirerek bunun ad\u0131na da yeni anayasa dersek, toplumdaki \u00e7at\u0131\u015fma, gerginlik, muhalefet devam edecek. Hele hele K\u00fcrtler hi\u00e7bir \u015fekilde bu kand\u0131rmaca ve oyalamay\u0131 kabul etmeyecek, biz 36 milletvekili kabul etsek bile&#8230; \u0130n\u015fallah akl\u0131 selim galip gelir. Bunda da bir standart koyal\u0131m diyoruz, ne benim ne Tayyip Erdo\u011fan&#8217;\u0131n ne de K\u0131l\u0131\u00e7daro\u011flu&#8217;nun. Bir pazarl\u0131k \u015feklinde de\u011fil, \u00f6nce bir kriter koyal\u0131m ortaya ve buna hepimiz uyal\u0131m&#8221; diye konu\u015ftu.<\/p>\n<p style=\"text-align: justify;\">Altan Tan, &#8221;ideolojilerine ters ifadeler i\u00e7erdi\u011fi gerek\u00e7esiyle ba\u011f\u0131ms\u0131z se\u00e7ilen baz\u0131 milletvekillerinin milletvekili yeminini etmek istemedikleri&#8221; y\u00f6n\u00fcndeki bir soruya da \u015fu cevab\u0131 verdi:<\/p>\n<p style=\"text-align: justify;\">&#8221;K\u00fcrt\u00e7e yemin edecekler mi etmeyecekler mi? Bu \u00e7ok merak ediliyor. Bug\u00fcn toplan\u0131yor grubumuz, bunlar\u0131n hepsini konu\u015faca\u011f\u0131z. Ancak yeminle benim sorunum var. Yani Kemalizme ba\u011fl\u0131l\u0131k yemini olan bu yemin, itikaden yanl\u0131\u015f, \u0130slam hukukuna g\u00f6re yanl\u0131\u015f. Bir anayasal zorunluluk olursa yemin edersem edece\u011fim, bunun \u00f6tesinde de Allah&#8217;tan \u00f6z\u00fcr talep edece\u011fim.&#8221;<\/p>\n<p style=\"text-align: justify;\"><strong>\u00d6NDER: GELECEKS\u0130ZLE\u015eT\u0130RME OPERASYONU VAR<\/strong><\/p>\n<p style=\"text-align: justify;\">\u0130stanbul&#8217;dan ba\u011f\u0131ms\u0131z milletvekili se\u00e7ilen S\u0131rr\u0131 S\u00fcreyya \u00d6nder de panele telefonla ba\u011flanarak, Diyarbak\u0131r&#8217;dan Ad\u0131yaman&#8217;a gitti\u011fini, bu nedenle de panele kat\u0131lamad\u0131\u011f\u0131n\u0131 s\u00f6yledi.<\/p>\n<p style=\"text-align: justify;\">\u00d6nder, Ortado\u011fu&#8217;da ya\u015fananlar\u0131n bir\u00e7ok a\u00e7\u0131dan okunabilece\u011fini belirterek, &#8221;Ortado\u011fu&#8217;da insanlar\u0131 geleceksizle\u015ftirdiler. Art\u0131k kimse mevcut sistemler i\u00e7inde kendisi i\u00e7in gelecek tahayy\u00fcl\u00fcnde bulunamaz duruma geldi. Bu, T\u00fcrkiye&#8217;nin t\u00fcm\u00fc i\u00e7in de \u015famil olabilecek bir olgu. Bug\u00fcn T\u00fcrkiye&#8217;de T\u00fcrk\u00fc, K\u00fcrd\u00fc, Laz\u0131, \u00c7erkezi, yoksulu, genci, herkes i\u00e7in bir geleceksizle\u015ftirme operasyonu ald\u0131 ba\u015f\u0131n\u0131 gidiyor&#8221; diye konu\u015ftu.<\/p>\n<p style=\"text-align: justify;\">Bir geleceksizle\u015ftirme dalgas\u0131n\u0131n b\u00fct\u00fcn d\u00fcnyay\u0131 kas\u0131p kavurdu\u011funu savunan \u00d6nder, \u015funlar\u0131 kaydetti:<\/p>\n<p style=\"text-align: justify;\">&#8221;\u0130nsanlar da farkl\u0131 kesim, s\u0131n\u0131f, katman hep birlikte buna itiraz ediyor. \u00dclkemizde olan bundan biraz daha farkl\u0131. Birinci ve ikinci d\u00fcnya sava\u015flar\u0131ndan daha uzun s\u00fcren bir K\u00fcrt sava\u015f\u0131 var, bir i\u00e7 sava\u015f hali var. Bunun art\u0131k s\u00fcrd\u00fcr\u00fclebilir olmaktan \u00e7\u0131kma hali s\u00f6z konusu. Bu hal, olumsuz bir anlam i\u00e7eriyor. Bu hal ancak b\u00fct\u00fcn zalimce, gayri insani, hukuk d\u0131\u015f\u0131 y\u00fczlerce yol denendikten sonra var\u0131lan bir nokta.&#8221;<\/p>\n<p style=\"text-align: justify;\"><a href=\"http:\/\/www.ntvmsnbc.com\/id\/25224424\/\" target=\"_blank\">Kaynak : NTVMSNBC<\/a><\/p>\n","protected":false},"excerpt":{"rendered":"<p style=\"text-align: center;\">\n<p style=\"text-align: justify;\">BDP\u2019nin destekledi\u011fi Ba\u011f\u0131ms\u0131z Milletvekili Altan Tan, Meclis\u2019te yap\u0131lan yemini do\u011fru bulmad\u0131\u011f\u0131n\u0131 belirterek, \u201cAnayasal zorunluluk olursa ederim. Allah&#8217;tan \u00f6z\u00fcr talep edece\u011fim&#8221; dedi.<\/p>\n<p style=\"text-align: justify;\">\u0130STANBUL &#8211; \u0130stanbul Bilgi \u00dcniversitesi Uluslararas\u0131 \u0130li\u015fkiler B\u00f6l\u00fcm\u00fcn\u00fcn d\u00fczenledi\u011fi &#8221;\u0130syanlar ve Se\u00e7imler: Ortado\u011fu&#8217;nun T\u00fcrkiye&#8217;si&#8221; konulu panele telefonla ba\u011flanan Ba\u011f\u0131ms\u0131z Milletvekili Altan Tan, T\u00fcrkiye&#8217;nin bir yol ayr\u0131m\u0131nda oldu\u011funu <\/p>\n","protected":false},"author":1,"featured_media":0,"comment_status":"open","ping_status":"closed","sticky":false,"template":"","format":"standard","meta":{"footnotes":""},"categories":[105],"tags":[],"class_list":["post-34797","post","type-post","status-publish","format-standard","hentry","category-gundem","odd"],"_links":{"self":[{"href":"http:\/\/www.korhanyilmaz.com\/index.php?rest_route=\/wp\/v2\/posts\/34797","targetHints":{"allow":["GET"]}}],"collection":[{"href":"http:\/\/www.korhanyilmaz.com\/index.php?rest_route=\/wp\/v2\/posts"}],"about":[{"href":"http:\/\/www.korhanyilmaz.com\/index.php?rest_route=\/wp\/v2\/types\/post"}],"author":[{"embeddable":true,"href":"http:\/\/www.korhanyilmaz.com\/index.php?rest_route=\/wp\/v2\/users\/1"}],"replies":[{"embeddable":true,"href":"http:\/\/www.korhanyilmaz.com\/index.php?rest_route=%2Fwp%2Fv2%2Fcomments&post=34797"}],"version-history":[{"count":0,"href":"http:\/\/www.korhanyilmaz.com\/index.php?rest_route=\/wp\/v2\/posts\/34797\/revisions"}],"wp:attachment":[{"href":"http:\/\/www.korhanyilmaz.com\/index.php?rest_route=%2Fwp%2Fv2%2Fmedia&parent=34797"}],"wp:term":[{"taxonomy":"category","embeddable":true,"href":"http:\/\/www.korhanyilmaz.com\/index.php?rest_route=%2Fwp%2Fv2%2Fcategories&post=34797"},{"taxonomy":"post_tag","embeddable":true,"href":"http:\/\/www.korhanyilmaz.com\/index.php?rest_route=%2Fwp%2Fv2%2Ftags&post=34797"}],"curies":[{"name":"wp","href":"https:\/\/api.w.org\/{rel}","templated":true}]}}