{"id":34776,"date":"2011-06-18T00:06:42","date_gmt":"2011-06-17T21:06:42","guid":{"rendered":"http:\/\/www.korhanyilmaz.com\/?p=34776"},"modified":"2011-07-10T22:42:20","modified_gmt":"2011-07-10T19:42:20","slug":"hopa-baskini-15-tutuklama","status":"publish","type":"post","link":"http:\/\/www.korhanyilmaz.com\/?p=34776","title":{"rendered":"&#8220;Hopa&#8221; bask\u0131n\u0131: 15 tutuklama"},"content":{"rendered":"<p style=\"text-align: center;\"><a href=\"http:\/\/www.korhanyilmaz.com\/wp-content\/uploads\/2011\/06\/073.jpg\"  class=\"lightview\"><img loading=\"lazy\" decoding=\"async\" class=\"aligncenter size-full wp-image-34777\" src=\"http:\/\/www.korhanyilmaz.com\/wp-content\/uploads\/2011\/06\/073.jpg\" alt=\"\" width=\"307\" height=\"236\" \/><\/a><\/p>\n<p style=\"text-align: justify;\">Ankara&#8217;daki olayl\u0131 Hopa protestosuna kat\u0131ld\u0131klar\u0131 tespit edilen ki\u015filere y\u00f6nelik operasyonda g\u00f6zalt\u0131na al\u0131nan 17 ki\u015fiden 15&#8217;i \u00e7\u0131kar\u0131ld\u0131klar\u0131 n\u00f6bet\u00e7i mahkeme taraf\u0131ndan tutukland\u0131.<\/p>\n<p style=\"text-align: justify;\">Artvin&#8217;in Hopa \u0130l\u00e7esi&#8217;nde, AK Parti mitingi \u00f6ncesi ve sonras\u0131nda ya\u015fanan olaylar\u0131 protesto i\u00e7in Ankara&#8217;da yap\u0131lan g\u00f6steri nedeniyle g\u00f6zalt\u0131na al\u0131nan 17 ki\u015fi, emniyetteki i\u015flemlerinin ard\u0131ndan savc\u0131l\u0131\u011fa sevk edildi. <!--more--><\/p>\n<p style=\"text-align: justify;\">Savc\u0131l\u0131k sorgusunun ard\u0131ndan nobet\u00e7i mehkemeye sevk edilen 15 ki\u015fi tutukland\u0131.<\/p>\n<p style=\"text-align: justify;\">Bu arada aranan 2 Halkevleri \u00fcyesi de avukatlar\u0131yla birlikte soru\u015fturmay\u0131 y\u00fcr\u00fcten Cumhuriyet savc\u0131s\u0131na giderek ifade verdi.<\/p>\n<p style=\"text-align: justify;\"><strong>Ankara&#8217;da Hopa g\u00f6zalt\u0131lar\u0131<\/strong><\/p>\n<p style=\"text-align: justify;\"><a href=\"http:\/\/www.korhanyilmaz.com\/wp-content\/uploads\/2011\/06\/074.jpg\"  class=\"lightview\"><img loading=\"lazy\" decoding=\"async\" class=\"alignleft size-full wp-image-34778\" style=\"margin-left: 10px; margin-right: 10px;\" src=\"http:\/\/www.korhanyilmaz.com\/wp-content\/uploads\/2011\/06\/074.jpg\" alt=\"\" width=\"292\" height=\"201\" \/><\/a>Hopa&#8217;daki olaylar\u0131 protesto etmek ve Hopa&#8217;ya destek vermek amac\u0131yla Ankara&#8217;da eylem yapan g\u00f6stericilerden g\u00f6zalt\u0131na al\u0131nan 17 ki\u015fi Ankara Emniyet M\u00fcd\u00fcrl\u00fc\u011f\u00fc Ter\u00f6rle M\u00fccadele \u015eube M\u00fcd\u00fcrl\u00fc\u011f\u00fc ekiplerince adliyeye getirildi.<\/p>\n<p style=\"text-align: justify;\">G\u00f6zalt\u0131na al\u0131nanlar\u0131n soru\u015fturmay\u0131 y\u00fcr\u00fcten \u00f6zel yetkili Cumhuriyet savc\u0131s\u0131nca ifadeleri al\u0131n\u0131rken, Adalet Saray\u0131&#8217;n\u0131n \u00f6n\u00fcnde ise protesto g\u00f6sterisi vard\u0131.<\/p>\n<p style=\"text-align: justify;\">Halkevleri ve \u00d6DP \u00fcyesi bir grup, g\u00f6zalt\u0131lar\u0131 adliye \u00f6n\u00fcnde protesto etti. Halkevleri Genel Ba\u015fkan\u0131 \u0130lknur Birol, Halkevlerinin 79 y\u0131ll\u0131k k\u00f6kl\u00fc bir \u00f6rg\u00fct oldu\u011funu belirterek, &#8220;Ter\u00f6r \u00f6rg\u00fct\u00fc de\u011fil, hak m\u00fccadeleleri \u00f6rg\u00fct\u00fcy\u00fcz. Burada kanuni d\u0131\u015f\u0131 hi\u00e7bir \u015fey yok. Demokratik haklar\u0131n\u0131 kullanarak eylem yapan \u00fcyelerimiz ter\u00f6rist muamelesi g\u00f6r\u00fcyor ve ter\u00f6r su\u00e7undan yarg\u0131lan\u0131yor. G\u00f6zalt\u0131na al\u0131nan ki\u015filerin evlerinde yap\u0131lan aramalarda, Halkevlerinin yasal baz\u0131 yay\u0131nlar\u0131 ile bilgisayar klavyeleri delil olarak el konuldu. Bu \u015fekilde bask\u0131larla bizi y\u0131ld\u0131racaklar\u0131n\u0131 zannediyorlarsa yan\u0131l\u0131yorlar&#8221; dedi.<\/p>\n<p style=\"text-align: justify;\">Bu arada s\u00f6z alan 2 Halkevleri \u00fcyesi de savc\u0131l\u0131\u011f\u0131n haklar\u0131nda yakalama emri \u00e7\u0131kartt\u0131\u011f\u0131n\u0131 kaydederek, hi\u00e7bir yere ka\u00e7mad\u0131klar\u0131n\u0131 ve teslim olmaya geldiklerini s\u00f6ylediler. Bu ki\u015filer, daha sonra avukatlar\u0131yla birlikte soru\u015fturmay\u0131 y\u00fcr\u00fcten Cumhuriyet savc\u0131s\u0131n\u0131n yan\u0131na gitmek \u00fczere adliyeye girdi. Adliye \u00f6n\u00fcnde yakla\u015f\u0131k 1 saat eylem yapan grup, daha sonra sloganlar atarak alk\u0131\u015flarla ayr\u0131ld\u0131.<\/p>\n<p style=\"text-align: justify;\">Bu arada polis eylem nedeniyle adliye etraf\u0131nda geni\u015f g\u00fcvenlik \u00f6nlemleri ald\u0131.<\/p>\n<p style=\"text-align: justify;\"><a href=\"http:\/\/www.cnnturk.com\/2011\/turkiye\/06\/17\/hopa.baskini.15.tutuklama\/620414.0\/index.html\" target=\"_blank\">Kaynak : CNN T\u00dcRK<\/a><\/p>\n","protected":false},"excerpt":{"rendered":"<p style=\"text-align: center;\">\n<p style=\"text-align: justify;\">Ankara&#8217;daki olayl\u0131 Hopa protestosuna kat\u0131ld\u0131klar\u0131 tespit edilen ki\u015filere y\u00f6nelik operasyonda g\u00f6zalt\u0131na al\u0131nan 17 ki\u015fiden 15&#8217;i \u00e7\u0131kar\u0131ld\u0131klar\u0131 n\u00f6bet\u00e7i mahkeme taraf\u0131ndan tutukland\u0131.<\/p>\n<p style=\"text-align: justify;\">Artvin&#8217;in Hopa \u0130l\u00e7esi&#8217;nde, AK Parti mitingi \u00f6ncesi ve sonras\u0131nda ya\u015fanan olaylar\u0131 protesto i\u00e7in Ankara&#8217;da yap\u0131lan g\u00f6steri nedeniyle g\u00f6zalt\u0131na al\u0131nan 17 ki\u015fi, emniyetteki i\u015flemlerinin ard\u0131ndan savc\u0131l\u0131\u011fa sevk edildi. <\/p>\n","protected":false},"author":1,"featured_media":0,"comment_status":"open","ping_status":"closed","sticky":false,"template":"","format":"standard","meta":{"footnotes":""},"categories":[105],"tags":[],"class_list":["post-34776","post","type-post","status-publish","format-standard","hentry","category-gundem","odd"],"_links":{"self":[{"href":"http:\/\/www.korhanyilmaz.com\/index.php?rest_route=\/wp\/v2\/posts\/34776","targetHints":{"allow":["GET"]}}],"collection":[{"href":"http:\/\/www.korhanyilmaz.com\/index.php?rest_route=\/wp\/v2\/posts"}],"about":[{"href":"http:\/\/www.korhanyilmaz.com\/index.php?rest_route=\/wp\/v2\/types\/post"}],"author":[{"embeddable":true,"href":"http:\/\/www.korhanyilmaz.com\/index.php?rest_route=\/wp\/v2\/users\/1"}],"replies":[{"embeddable":true,"href":"http:\/\/www.korhanyilmaz.com\/index.php?rest_route=%2Fwp%2Fv2%2Fcomments&post=34776"}],"version-history":[{"count":0,"href":"http:\/\/www.korhanyilmaz.com\/index.php?rest_route=\/wp\/v2\/posts\/34776\/revisions"}],"wp:attachment":[{"href":"http:\/\/www.korhanyilmaz.com\/index.php?rest_route=%2Fwp%2Fv2%2Fmedia&parent=34776"}],"wp:term":[{"taxonomy":"category","embeddable":true,"href":"http:\/\/www.korhanyilmaz.com\/index.php?rest_route=%2Fwp%2Fv2%2Fcategories&post=34776"},{"taxonomy":"post_tag","embeddable":true,"href":"http:\/\/www.korhanyilmaz.com\/index.php?rest_route=%2Fwp%2Fv2%2Ftags&post=34776"}],"curies":[{"name":"wp","href":"https:\/\/api.w.org\/{rel}","templated":true}]}}