{"id":34753,"date":"2011-06-17T11:30:13","date_gmt":"2011-06-17T08:30:13","guid":{"rendered":"http:\/\/www.korhanyilmaz.com\/?p=34753"},"modified":"2011-07-10T22:35:50","modified_gmt":"2011-07-10T19:35:50","slug":"ikinci-fotograf-kafalari-karistirdi","status":"publish","type":"post","link":"http:\/\/www.korhanyilmaz.com\/?p=34753","title":{"rendered":"\u0130kinci foto\u011fraf kafalar\u0131 kar\u0131\u015ft\u0131rd\u0131"},"content":{"rendered":"<p style=\"text-align: center;\"><a href=\"http:\/\/www.korhanyilmaz.com\/wp-content\/uploads\/2011\/06\/069.jpg\"  class=\"lightview\"><img loading=\"lazy\" decoding=\"async\" class=\"aligncenter size-full wp-image-34754\" src=\"http:\/\/www.korhanyilmaz.com\/wp-content\/uploads\/2011\/06\/069.jpg\" alt=\"\" width=\"307\" height=\"236\" \/><\/a><\/p>\n<p style=\"text-align: justify;\">Vancouver&#8217;da bir hokey ma\u00e7\u0131n\u0131n ard\u0131ndan \u00e7\u0131kan \u015fiddet olaylar\u0131nda sokak ortas\u0131nda \u00f6p\u00fc\u015f\u00fcyor gibi g\u00f6r\u00fcnen \u00e7iftle ilgili ikinci bir foto\u011fraf ortaya \u00e7\u0131kt\u0131.<\/p>\n<p style=\"text-align: justify;\">Kanada&#8217;da Buz hokeyi liginde m\u00fccadele eden Vancouver tak\u0131m\u0131, rakibi Boston&#8217;a finalde yenilince taraftar \u00e7\u0131lg\u0131na d\u00f6n\u00fcp \u015fehrin alt\u0131n\u0131 \u00fcst\u00fcne getirmi\u015fti. <!--more--><\/p>\n<p style=\"text-align: justify;\">\u015eehir alev alev yanarken gen\u00e7ler ma\u011fazalara, arabalara sald\u0131rarak \u015fiddetin dozunu art\u0131rd\u0131.<\/p>\n<p style=\"text-align: justify;\">Medya, \u00e7evik kuvvet ekipleri ve protestocular\u0131n aras\u0131nda bir yandan g\u00f6z ya\u015fart\u0131c\u0131 gaz bombalar\u0131ndan etkilenmemeye \u00e7al\u0131\u015f\u0131rken bir yandan da haber merkezlerine g\u00f6r\u00fcnt\u00fc yeti\u015ftirme u\u011fra\u015f\u0131ndayd\u0131.<\/p>\n<p style=\"text-align: justify;\">\u0130\u015fte bu olaylar s\u0131ras\u0131nda \u00e7ekilen bir foto\u011fraf g\u00f6sterilerden daha \u00e7ok ilgi \u00e7ekti.<\/p>\n<p style=\"text-align: justify;\">Foto\u011frafta gen\u00e7 bir k\u0131z ve adam olaylar\u0131n tam ortas\u0131nda yerde \u00f6p\u00fc\u015f\u00fcyor gibi g\u00f6r\u00fcn\u00fcyordu. Bu foto\u011fraf &#8220;ayaklanmalar\u0131n en romantik foto\u011fraf\u0131&#8221; diye yans\u0131t\u0131ld\u0131.<\/p>\n<p style=\"text-align: justify;\">Medya kurulu\u015flar\u0131 olaylar\u0131 b\u0131rak\u0131p bu iki ki\u015finin pe\u015fine d\u00fc\u015ft\u00fc. Kanada&#8217;n\u0131n CBC televizyonunun Twitter hesab\u0131ndan bu foto\u011fraf yay\u0131mlanarak &#8220;Bu \u00f6p\u00fc\u015fen \u00e7ifti ar\u0131yoruz&#8221; diye duyurular bile yap\u0131ld\u0131.<\/p>\n<p style=\"text-align: justify;\">Foto\u011fraf\u0131n &#8220;oynanm\u0131\u015f&#8221; oldu\u011fu, bunun viral bir kampanya oldu\u011fu gibi iddialar ortaya at\u0131ld\u0131.<\/p>\n<p style=\"text-align: center;\"><a href=\"http:\/\/www.korhanyilmaz.com\/wp-content\/uploads\/2011\/06\/070.jpg\"  class=\"lightview\"><img loading=\"lazy\" decoding=\"async\" class=\"aligncenter size-full wp-image-34755\" src=\"http:\/\/www.korhanyilmaz.com\/wp-content\/uploads\/2011\/06\/070.jpg\" alt=\"\" width=\"460\" height=\"259\" \/><\/a><\/p>\n<p style=\"text-align: justify;\">O foto\u011fraf\u0131 \u00e7eken Getty Images foto\u011fraf\u00e7\u0131s\u0131 Rich Lam, polisin g\u00f6stericilere g\u00f6z ya\u015fart\u0131c\u0131 bomba att\u0131\u011f\u0131n\u0131 ve bu s\u0131rada baz\u0131 g\u00f6stericilerin yere d\u00fc\u015ft\u00fc\u011f\u00fcn\u00fc a\u00e7\u0131klad\u0131. Lam, &#8220;\u0130ki ki\u015fiyi sokakta yere uzanm\u0131\u015f g\u00f6rd\u00fcm, yanlar\u0131nda polis de vard\u0131. O an\u0131 foto\u011fraflad\u0131m. Gen\u00e7 bir k\u0131z yerde yat\u0131yordu ve bir adam ona ilk yard\u0131m yap\u0131yor gibi g\u00f6r\u00fcn\u00fcyordu&#8221; dedi.<\/p>\n<p style=\"text-align: justify;\">Olaya tan\u0131k olan Jesse James Cowen isimli bir ki\u015fi Facebook&#8217;tan kad\u0131n\u0131n a\u011flad\u0131\u011f\u0131n\u0131 ve yaral\u0131 oldu\u011funu yazd\u0131.<\/p>\n<p style=\"text-align: justify;\">Daha sonra ba\u015fka bir a\u00e7\u0131dan \u00e7ekilen ikinci bir foto\u011fraf yay\u0131nland\u0131. O foto\u011frafta durum pek de romantik de\u011fildi.<\/p>\n<p style=\"text-align: justify;\">Lam&#8217;\u0131n elinde \u00e7ifte ait ba\u015fka foto\u011fraflar da oldu\u011fu ve bunlar\u0131 yak\u0131nda yay\u0131nlayaca\u011f\u0131 da \u00f6ne s\u00fcr\u00fcl\u00fcyor.<\/p>\n<p style=\"text-align: justify;\">The Sun gazetesine konu\u015fan William isimli bir ba\u015fka tan\u0131k ise ikilinin \u00f6n\u00fcnden ge\u00e7ti\u011fini ve daha sonra d\u00fc\u015ft\u00fc\u011f\u00fcn\u00fc anlatt\u0131. William, k\u0131z\u0131n a\u011flad\u0131\u011f\u0131n\u0131 ve y\u00fcz\u00fcnde ac\u0131 ifadesi oldu\u011funu belirterek polisin \u00e7ifte yard\u0131m etti\u011fini s\u00f6yledi.<\/p>\n<p style=\"text-align: justify;\">Bu arada ikilinin ortaya \u00e7\u0131k\u0131p bir a\u00e7\u0131klama yapmas\u0131 bekleniyor. NineMSN&#8217;e g\u00f6re foto\u011fraftaki erkek Scott Jones.<\/p>\n<p style=\"text-align: justify;\">NineMSN, Jones&#8217;un Vancouver&#8217;da ya\u015fayan bir Avustralyal\u0131 oldu\u011funu, kad\u0131n\u0131n ise Vancouverl\u0131 Alexandra Thomas oldu\u011funu yazd\u0131.<\/p>\n<p style=\"text-align: justify;\"><a href=\"http:\/\/www.cnnturk.com\/2011\/yasam\/diger\/06\/17\/ikinci.fotograf.kafalari.karistirdi\/620363.0\/index.html\" target=\"_blank\">Kaynak : CNN T\u00dcRK<\/a><\/p>\n","protected":false},"excerpt":{"rendered":"<p style=\"text-align: center;\">\n<p style=\"text-align: justify;\">Vancouver&#8217;da bir hokey ma\u00e7\u0131n\u0131n ard\u0131ndan \u00e7\u0131kan \u015fiddet olaylar\u0131nda sokak ortas\u0131nda \u00f6p\u00fc\u015f\u00fcyor gibi g\u00f6r\u00fcnen \u00e7iftle ilgili ikinci bir foto\u011fraf ortaya \u00e7\u0131kt\u0131.<\/p>\n<p style=\"text-align: justify;\">Kanada&#8217;da Buz hokeyi liginde m\u00fccadele eden Vancouver tak\u0131m\u0131, rakibi Boston&#8217;a finalde yenilince taraftar \u00e7\u0131lg\u0131na d\u00f6n\u00fcp \u015fehrin alt\u0131n\u0131 \u00fcst\u00fcne getirmi\u015fti. <\/p>\n","protected":false},"author":1,"featured_media":0,"comment_status":"open","ping_status":"closed","sticky":false,"template":"","format":"standard","meta":{"footnotes":""},"categories":[105],"tags":[],"class_list":["post-34753","post","type-post","status-publish","format-standard","hentry","category-gundem","odd"],"_links":{"self":[{"href":"http:\/\/www.korhanyilmaz.com\/index.php?rest_route=\/wp\/v2\/posts\/34753","targetHints":{"allow":["GET"]}}],"collection":[{"href":"http:\/\/www.korhanyilmaz.com\/index.php?rest_route=\/wp\/v2\/posts"}],"about":[{"href":"http:\/\/www.korhanyilmaz.com\/index.php?rest_route=\/wp\/v2\/types\/post"}],"author":[{"embeddable":true,"href":"http:\/\/www.korhanyilmaz.com\/index.php?rest_route=\/wp\/v2\/users\/1"}],"replies":[{"embeddable":true,"href":"http:\/\/www.korhanyilmaz.com\/index.php?rest_route=%2Fwp%2Fv2%2Fcomments&post=34753"}],"version-history":[{"count":0,"href":"http:\/\/www.korhanyilmaz.com\/index.php?rest_route=\/wp\/v2\/posts\/34753\/revisions"}],"wp:attachment":[{"href":"http:\/\/www.korhanyilmaz.com\/index.php?rest_route=%2Fwp%2Fv2%2Fmedia&parent=34753"}],"wp:term":[{"taxonomy":"category","embeddable":true,"href":"http:\/\/www.korhanyilmaz.com\/index.php?rest_route=%2Fwp%2Fv2%2Fcategories&post=34753"},{"taxonomy":"post_tag","embeddable":true,"href":"http:\/\/www.korhanyilmaz.com\/index.php?rest_route=%2Fwp%2Fv2%2Ftags&post=34753"}],"curies":[{"name":"wp","href":"https:\/\/api.w.org\/{rel}","templated":true}]}}