{"id":34741,"date":"2011-06-17T16:02:35","date_gmt":"2011-06-17T13:02:35","guid":{"rendered":"http:\/\/www.korhanyilmaz.com\/?p=34741"},"modified":"2011-07-10T22:37:10","modified_gmt":"2011-07-10T19:37:10","slug":"muhalefet-helallesmeyecek","status":"publish","type":"post","link":"http:\/\/www.korhanyilmaz.com\/?p=34741","title":{"rendered":"Muhalefet &#8216;helalle\u015fmeyecek&#8217;"},"content":{"rendered":"<p style=\"text-align: center;\"><a href=\"http:\/\/www.korhanyilmaz.com\/wp-content\/uploads\/2011\/06\/067.jpg\"  class=\"lightview\"><img loading=\"lazy\" decoding=\"async\" class=\"aligncenter size-full wp-image-34742\" src=\"http:\/\/www.korhanyilmaz.com\/wp-content\/uploads\/2011\/06\/067.jpg\" alt=\"\" width=\"307\" height=\"236\" \/><\/a><\/p>\n<p style=\"text-align: justify;\">Ba\u015fbakan Erdo\u011fan&#8217;\u0131n &#8216;helallik&#8217; iste\u011fi kar\u015f\u0131l\u0131ks\u0131z kald\u0131. Helalle\u015fmede ilk ad\u0131m\u0131 CHP ve MHP Genel Ba\u015fkanlar\u0131na kar\u015f\u0131 att\u0131\u011f\u0131 davalar\u0131 geri \u00e7ekerek atan Erdo\u011fan&#8217;a, her iki partiden de olumlu bir kar\u015f\u0131l\u0131k gelmedi. K\u0131l\u0131\u00e7daro\u011flu, &#8220;Her t\u00fcrl\u00fc k\u00f6t\u00fcl\u00fc\u011f\u00fc yap\u0131p sonra g\u00f6n\u00fcl almak ikiy\u00fczl\u00fcl\u00fckt\u00fcr&#8221; derken, MHP&#8217;den de &#8220;Helallik isteyecek kadar ho\u015f olmayan \u015feyler yapt\u0131&#8221; yan\u0131t\u0131 geldi. <!--more--><\/p>\n<p style=\"text-align: justify;\">(CNN T\u00dcRK) &#8212; Ba\u015fbakan se\u00e7im gecesi &#8216;balkon&#8217;da yapt\u0131\u011f\u0131 konu\u015fmada, &#8220;Ya\u015fananlar\u0131n,s\u00f6ylenenlerin, yanl\u0131\u015f anlamalar\u0131n, incitici kelam\u0131n meydanlarda kalmas\u0131n\u0131 diliyorum. \u0130stemeden incitti\u011fimiz siyasiler varsa,onlardan da helallik diliyorum&#8221; demi\u015fti.<\/p>\n<p style=\"text-align: justify;\">Erdo\u011fan hellallik iste\u011fini 4 g\u00fcn sonra eyleme d\u00f6kt\u00fc, ilk ad\u0131m\u013116 davadan vazge\u00e7erek att\u0131. O davalardan 10&#8217;u CHP Genel Ba\u015fkan\u0131 Kemal K\u0131l\u0131\u00e7daro\u011flu&#8217;na, 3&#8217;\u00fc MHP Genel Ba\u015fkan\u0131 Bah\u00e7eli&#8217;ye kar\u015f\u0131yd\u0131. Sadece Erdo\u011fan de\u011fil, Genel Ba\u015fkan Yard\u0131mc\u0131s\u0131 H\u00fcseyin \u00c7elik de bu ad\u0131ma kat\u0131ld\u0131, K\u0131l\u0131\u00e7daro\u011flu aleyhine a\u00e7t\u0131\u011f\u0131 davay\u0131 \u00e7ekti ve \u00c7elik Ba\u015fbakan&#8217;\u0131n bu ad\u0131m\u0131 kar\u015f\u0131l\u0131ks\u0131z att\u0131\u011f\u0131n\u0131n alt\u0131n\u0131 \u00e7izdi.<\/p>\n<p style=\"text-align: justify;\">\u00c7elik, &#8220;Say\u0131n Ba\u015fbakan bir kar\u015f\u0131l\u0131k beklemiyor. Davalar\u0131 \u00e7ekme karar\u0131n\u0131 onlar da \u00e7eksinler gibi bir \u015farta ba\u011flam\u0131\u015f de\u011fil. Kar\u015f\u0131l\u0131k verip vermemek muhalefet liderlerinin bilece\u011fi i\u015f&#8221; dedi.<\/p>\n<p style=\"text-align: justify;\">Ve g\u00f6r\u00fcnen o ki CHP ve MHP bu ad\u0131m\u0131 kar\u015f\u0131l\u0131ks\u0131z b\u0131rakacak.<\/p>\n<p style=\"text-align: justify;\">K\u0131l\u0131\u00e7daro\u011flu, &#8220;Ben her t\u00fcrl\u00fc hakareti, her t\u00fcrl\u00fc k\u00f6t\u00fcl\u00fc\u011f\u00fc yapay\u0131m, nas\u0131l olsa ben se\u00e7imden sonra gider balkonda bir konu\u015fma yapar\u0131m, herkesin g\u00f6nl\u00fcn\u00fc al\u0131r\u0131m&#8217; diye d\u00fc\u015f\u00fcn\u00fcyorsa, bunun ad\u0131 iki y\u00fczl\u00fcl\u00fckt\u00fcr, samimiyet de\u011fildir. Helalle\u015fme hi\u00e7 de\u011fildir. Siz hatan\u0131z\u0131 se\u00e7imden sonra m\u0131 g\u00f6rd\u00fcn\u00fcz?&#8221; diye sordu.<\/p>\n<p style=\"text-align: justify;\">CHP lideri, geri \u00e7ekilen davalar\u0131n b\u00fcy\u00fck k\u0131sm\u0131n\u0131n zaten kazan\u0131lamayacak oldu\u011funu s\u00f6yledi, &#8220;Ba\u015fbakan&#8217;a inanm\u0131yorum&#8221; dedi.<\/p>\n<p style=\"text-align: justify;\"><strong>MHP: &#8220;\u00d6nce hesapla\u015faca\u011f\u0131z&#8221;<\/strong><\/p>\n<p style=\"text-align: justify;\">MHP&#8217;nin yakla\u015f\u0131m\u0131 da CHP&#8217;ninkinden farkl\u0131 de\u011fil. \u00dcstelik tepki daha sert. Helalle\u015fme iste\u011fine &#8220;\u00d6nce hesapla\u015faca\u011f\u0131z&#8221; diye kar\u015f\u0131l\u0131k veren MHP&#8217;de davalar\u0131n geri \u00e7ekilmi\u015f olmas\u0131 da bak\u0131\u015f a\u00e7\u0131s\u0131n\u0131 de\u011fi\u015ftirmedi.<\/p>\n<p style=\"text-align: justify;\">MHP&#8217;den yap\u0131lan a\u00e7\u0131klamada, &#8220;Se\u00e7im s\u00fcrecinde me\u015fru olmayan yollardan \u00e7ok sald\u0131rd\u0131. Etraf\u0131n\u0131 \u00e7ok y\u0131k\u0131p d\u00f6kt\u00fc. \u015eimdi kendi vicdan\u0131 i\u00e7in helallik istiyor. Bizim i\u00e7in a\u00e7m\u0131\u015f oldu\u011fu davalardan vazge\u00e7mi\u015f olmas\u0131 \u00f6nemli de\u011fil. helallik isteyecek kadar ho\u015f olmayan \u015feyler yapt\u0131&#8221;\u00a0 denildi.<\/p>\n<p style=\"text-align: justify;\">Helallik iste\u011fine muhalefetten gelen yan\u0131tlar\u0131n ard\u0131ndan g\u00f6zler tekrar AK Parti cephesine \u00e7evrildi. Gaziantep&#8217;teki bas\u0131n toplant\u0131s\u0131nda H\u00fcseyin \u00c7elik a\u00e7\u0131k\u00e7a muhalefeti hedef almasa da, s\u00f6zleri dikkat \u00e7ekti.<\/p>\n<p style=\"text-align: justify;\">H\u00fcseyin \u00c7elik, &#8220;Biz m\u00fctekebbirlere kar\u015f\u0131 yani burnu havada olanlara kar\u015f\u0131 asla m\u00fctevaz\u0131 olmay\u0131z. Tevazu, tevazu g\u00f6sterene kar\u015f\u0131 g\u00f6sterilir ama m\u00fctevaz\u0131 olmayanlara kar\u015f\u0131 tevazu g\u00f6stermek, bize bel ba\u011flayan ve bize g\u00f6nl\u00fcyle ba\u011fl\u0131 olan kitlelere haks\u0131zl\u0131k olur&#8221; ifadesini kulland\u0131.<\/p>\n<p style=\"text-align: justify;\"><a href=\"http:\/\/www.cnnturk.com\/2011\/turkiye\/06\/17\/muhalefet.helallesmeyecek\/620428.0\/index.html\" target=\"_blank\">Kaynak : CNN T\u00dcRK<\/a><\/p>\n","protected":false},"excerpt":{"rendered":"<p style=\"text-align: center;\">\n<p style=\"text-align: justify;\">Ba\u015fbakan Erdo\u011fan&#8217;\u0131n &#8216;helallik&#8217; iste\u011fi kar\u015f\u0131l\u0131ks\u0131z kald\u0131. Helalle\u015fmede ilk ad\u0131m\u0131 CHP ve MHP Genel Ba\u015fkanlar\u0131na kar\u015f\u0131 att\u0131\u011f\u0131 davalar\u0131 geri \u00e7ekerek atan Erdo\u011fan&#8217;a, her iki partiden de olumlu bir kar\u015f\u0131l\u0131k gelmedi. K\u0131l\u0131\u00e7daro\u011flu, &#8220;Her t\u00fcrl\u00fc k\u00f6t\u00fcl\u00fc\u011f\u00fc yap\u0131p sonra g\u00f6n\u00fcl almak ikiy\u00fczl\u00fcl\u00fckt\u00fcr&#8221; derken, MHP&#8217;den de &#8220;Helallik isteyecek kadar ho\u015f olmayan \u015feyler yapt\u0131&#8221; yan\u0131t\u0131 geldi. <\/p>\n","protected":false},"author":1,"featured_media":0,"comment_status":"open","ping_status":"closed","sticky":false,"template":"","format":"standard","meta":{"footnotes":""},"categories":[105],"tags":[],"class_list":["post-34741","post","type-post","status-publish","format-standard","hentry","category-gundem","odd"],"_links":{"self":[{"href":"http:\/\/www.korhanyilmaz.com\/index.php?rest_route=\/wp\/v2\/posts\/34741","targetHints":{"allow":["GET"]}}],"collection":[{"href":"http:\/\/www.korhanyilmaz.com\/index.php?rest_route=\/wp\/v2\/posts"}],"about":[{"href":"http:\/\/www.korhanyilmaz.com\/index.php?rest_route=\/wp\/v2\/types\/post"}],"author":[{"embeddable":true,"href":"http:\/\/www.korhanyilmaz.com\/index.php?rest_route=\/wp\/v2\/users\/1"}],"replies":[{"embeddable":true,"href":"http:\/\/www.korhanyilmaz.com\/index.php?rest_route=%2Fwp%2Fv2%2Fcomments&post=34741"}],"version-history":[{"count":0,"href":"http:\/\/www.korhanyilmaz.com\/index.php?rest_route=\/wp\/v2\/posts\/34741\/revisions"}],"wp:attachment":[{"href":"http:\/\/www.korhanyilmaz.com\/index.php?rest_route=%2Fwp%2Fv2%2Fmedia&parent=34741"}],"wp:term":[{"taxonomy":"category","embeddable":true,"href":"http:\/\/www.korhanyilmaz.com\/index.php?rest_route=%2Fwp%2Fv2%2Fcategories&post=34741"},{"taxonomy":"post_tag","embeddable":true,"href":"http:\/\/www.korhanyilmaz.com\/index.php?rest_route=%2Fwp%2Fv2%2Ftags&post=34741"}],"curies":[{"name":"wp","href":"https:\/\/api.w.org\/{rel}","templated":true}]}}