{"id":34721,"date":"2011-06-17T16:28:50","date_gmt":"2011-06-17T13:28:50","guid":{"rendered":"http:\/\/www.korhanyilmaz.com\/?p=34721"},"modified":"2011-07-10T23:57:27","modified_gmt":"2011-07-10T20:57:27","slug":"kilicdaroglu-soruyorum-kim-serefsiz","status":"publish","type":"post","link":"http:\/\/www.korhanyilmaz.com\/?p=34721","title":{"rendered":"K\u0131l\u0131\u00e7daro\u011flu: Soruyorum kim \u015ferefsiz?"},"content":{"rendered":"<p style=\"text-align: center;\"><a href=\"http:\/\/www.korhanyilmaz.com\/wp-content\/uploads\/2011\/06\/063.jpg\"  class=\"lightview\"><img loading=\"lazy\" decoding=\"async\" class=\"aligncenter size-full wp-image-34722\" src=\"http:\/\/www.korhanyilmaz.com\/wp-content\/uploads\/2011\/06\/063.jpg\" alt=\"\" width=\"322\" height=\"241\" \/><\/a><\/p>\n<p style=\"text-align: justify;\">Ba\u015fbakan&#8217;\u0131n davalar\u0131 geri \u00e7ekmesini yorumlayan CHP Lideri K\u0131l\u0131\u00e7daro\u011flu, &#8220;Ba\u015fbakan&#8217;\u0131n o davalar\u0131 kazanamayaca\u011f\u0131 belliydi&#8221; dedi. K\u0131l\u0131\u00e7daro\u011flu, CHP&#8217;lilerin medya \u00fczerinden ele\u015ftiri yapmas\u0131n\u0131n do\u011fru olmad\u0131\u011f\u0131n\u0131 belirtti.<!--more--><\/p>\n<p style=\"text-align: justify;\">Ankara- CHP Genel Ba\u015fkan\u0131 Kemal K\u0131l\u0131\u00e7daro\u011flu gazetecilerin g\u00fcndeme ili\u015fkin sorular\u0131n\u0131 yan\u0131tlad\u0131. Ba\u015fbakan Tayyip Erdo\u011fan&#8217;\u0131n &#8216;helalle\u015fme&#8217;nin ilk ad\u0131m\u0131 olarak davalar\u0131 geri \u00e7ekmesini yorumlayan K\u0131l\u0131\u00e7daro\u011flu, &#8220;Ba\u015fbakan&#8217;\u0131n o davalar\u0131 kazanamayaca\u011f\u0131 belliydi. Ben hi\u00e7kimsenin kalbini k\u0131rd\u0131\u011f\u0131m\u0131 sanm\u0131yorum. Bana hakaretler yap\u0131ld\u0131 sesimi \u00e7\u0131karmad\u0131m, sadece dava a\u00e7t\u0131m&#8221; dedi.<\/p>\n<p style=\"text-align: justify;\">Se\u00e7imde y\u00fczde 26 oy al\u0131nmas\u0131 sonras\u0131nda yap\u0131lan tart\u0131\u015fmalar\u0131 de\u011ferlendiren K\u0131l\u0131\u00e7daro\u011flu, &#8220;Bekledi\u011fimiz oyu ald\u0131k m\u0131? Hay\u0131r. Bunu ba\u015ftan beri s\u00f6yl\u00fcyoruz. Bu sonucu hezimet olarak de\u011ferlendirmek gerekir mi? Hay\u0131r. \u0130nsafl\u0131 bir de\u011ferlendirme yapmak gerekiyor. B\u00fct\u00fcn medyay\u0131 izliyorum. B\u00fct\u00fcn k\u00f6\u015fe yazarlar\u0131 bizim \u00e7al\u0131\u015ft\u0131\u011f\u0131m\u0131z konusunda hem fikir. Ama bekledi\u011fimiz sonucu alamad\u0131k&#8221; diye konu\u015ftu..<\/p>\n<p style=\"text-align: justify;\">CHP i\u00e7inden gelen ele\u015ftirilerle ilgili konu\u015fan K\u0131l\u0131\u00e7daro\u011flu \u015funlar\u0131 s\u00f6yledi: &#8220;CHP&#8217;lilerin medya \u00fczerinden ele\u015ftiri yapmas\u0131 do\u011fru de\u011fil. Normal ak\u0131\u015f i\u00e7inde kurultay\u0131 yapaca\u011f\u0131z. Ben hi\u00e7kimseye teleon a\u00e7\u0131p aman sak\u0131n imza at\u0131n ya da atmay\u0131n diye bir \u015fey s\u00f6ylemedim. \u0130l ba\u015fkanlar\u0131 toplant\u0131s\u0131 yapacakt\u0131m. Yaparsam kurultay toplanmas\u0131n diye bask\u0131 ortaya \u00e7\u0131kmas\u0131n diye erteledim. Herkes d\u00fc\u015f\u00fcncesini s\u00f6ylemlerini a\u00e7\u0131k\u00e7a ortaya koyabilir. Kurultay istemek ya da istememek ay\u0131p bir \u015fey de\u011fil. Medya arac\u0131l\u0131\u011f\u0131yla kar\u015f\u0131l\u0131kl\u0131 tart\u0131\u015fmak do\u011fru de\u011fil. Ki\u015filer zaman\u0131 gelince koltuklar\u0131n\u0131 b\u0131rakmal\u0131. Yeri ve zaman\u0131 gelince her de\u011fi\u015fiklik yap\u0131l\u0131r.<\/p>\n<p style=\"text-align: justify;\"><strong>\u0130lk \u00fc\u00e7 madde k\u0131rm\u0131z\u0131 \u00e7izgimiz<\/strong><\/p>\n<p style=\"text-align: justify;\">Anayasa de\u011f\u015fikli\u011fiyle ilgili soruyu yan\u0131tlayan K\u0131l\u0131\u00e7daro\u011flu \u015f\u00f6yle konu\u015ftu: &#8220;Anayasa de\u011fi\u015fiklikleriyle ilgili bizim tutumumuz belli. Ama bu de\u011fi\u015fiklikler konusunda AKP&#8217;nin tavr\u0131n\u0131 bilmiyoruz. Erdo\u011fan geldi\u011finde kap\u0131m\u0131z a\u00e7\u0131k dedik. Neyi, nas\u0131l de\u011f\u015fitirmek istiyorlar, \u00f6nce \u00f6\u011frenece\u011fiz. \u00d6rne\u011fin milletvekili dokunulmazl\u0131\u011f\u0131 AB standard\u0131na \u00e7\u0131kar\u0131ls\u0131n diyoruz, Y\u00d6K kald\u0131r\u0131ls\u0131n diyoruz. \u0130lk \u00fc\u00e7 madde bizim i\u00e7in k\u0131rm\u0131z\u0131 \u00e7izgi. Atat\u00fcrk&#8217;\u00fcn vasiyesine uygun olarak T\u00fcrk Dil Kurumu eski haline getirilmeli. TBMM Ba\u015fkan\u0131 anayasa de\u011fi\u015fikli\u011fi i\u00e7in bir \u00e7a\u011fr\u0131da bulunmal\u0131. Her siyasal partiden e\u015fit say\u0131da vekiller g\u00f6revlendirilmeli ve \u00e7al\u0131\u015fma ba\u015flamal\u0131. Orada uzla\u015fmayla sa\u011fl\u0131kl\u0131 sonu\u00e7lar al\u0131nabilir. Bu heyet pek \u00e7ok kurulu\u015fun g\u00f6r\u00fcn\u00fc al\u0131r. Temel sayd\u0131\u011f\u0131m\u0131z konulardan biri de yarg\u0131 ba\u011f\u0131ms\u0131zl\u0131\u011f\u0131. Bakan\u0131n ve m\u00fcste\u015far\u0131n HSYK&#8217;da yer almas\u0131n\u0131 istemiyoruz. Bunlar \u00f6ng\u00f6rd\u00fc\u011f\u00fcm\u00fcz temel noktalar.&#8221;<\/p>\n<p style=\"text-align: justify;\"><strong>&#8220;Kim \u015ferefsiz?&#8221;<\/strong><\/p>\n<p style=\"text-align: justify;\">\u0130mral\u0131&#8217;yla g\u00f6r\u00fc\u015fme konusunu da de\u011ferlendiren K\u0131l\u0131\u00e7daro\u011flu, &#8220;H\u00fck\u00fcmet zaten g\u00f6r\u00fc\u015f\u00fcyor. Ama orada sorulmas\u0131 gereken \u015fu. H\u00fck\u00fcmet&#8217;in g\u00f6r\u00fc\u015fme yapt\u0131\u011f\u0131 ilk dillendirildi\u011finde Say\u0131n Erdo\u011fan \u00e7\u0131kt\u0131, dedi ki &#8216;Bunu s\u00f6yleyenler \u015ferefsizdir.&#8217; \u015eimdi ben sizin vicdan\u0131n\u0131za sesleniyorum, kim \u015ferefsiz?&#8221; diye konu\u015ftu.<\/p>\n<p style=\"text-align: justify;\"><strong>&#8220;Erdo\u011fan&#8217;a soraca\u011f\u0131z&#8221;<\/strong><\/p>\n<p style=\"text-align: justify;\">K\u0131l\u0131\u00e7daro\u011flu, &#8220;\u0130mral\u0131&#8217;yla yap\u0131lan g\u00f6r\u00fc\u015fmeler, yeni Anayasa paketini i\u00e7erir mi?&#8221; sorusuna yan\u0131t verirken, &#8220;Onu bilmiyoruz, Erdo\u011fan gelecek, soraca\u011f\u0131z kendisine. O g\u00f6r\u00fc\u015fmeler nedir, o g\u00f6r\u00fc\u015fmelerde siz hangi pazarl\u0131klar\u0131 yapt\u0131n\u0131z, hangi sonu\u00e7lara ula\u015ft\u0131n\u0131z? Ni\u00e7in b\u00f6yle ikide bir eylemsizlik kararlar\u0131 erteleniyor. Herhalde anlatacaklar bize, biz de soraca\u011f\u0131z. Biz \u015fimdi s\u00f6yledik, belki gelmekten vazge\u00e7er bunlar\u0131 soracak diye. Ama ben a\u00e7\u0131k\u00e7a s\u00f6yleyeyim neleri soraca\u011f\u0131m\u0131, Say\u0131n Erdo\u011fan da \u00f6n haz\u0131rl\u0131klar\u0131n\u0131 yaps\u0131n&#8221; diye konu\u015ftu.<\/p>\n<p style=\"text-align: justify;\">K\u0131l\u0131\u00e7daro\u011flu, bir soru \u00fczerine Ba\u015fbakan Recep Tayyip Erdo\u011fan&#8217;la g\u00f6r\u00fc\u015fmelerinin tutana\u011f\u0131n\u0131n tutulmas\u0131 gibi bir taleplerinin s\u00f6zkonusu olmad\u0131\u011f\u0131n\u0131 bildirdi.<\/p>\n<p style=\"text-align: justify;\"><strong>&#8220;Kayg\u0131 duymad\u0131m&#8221;<\/strong><\/p>\n<p style=\"text-align: justify;\">K\u0131l\u0131\u00e7daro\u011flu, 9. Cumhurba\u015fkan\u0131 S\u00fcleyman Demirel&#8217;in &#8220;Haberal ismini ben \u00f6nerdim&#8221; a\u00e7\u0131klamas\u0131n\u0131 nas\u0131l de\u011ferlendirdi\u011finin sorulmas\u0131 \u00fczerine &#8220;O konuda d\u00fc\u015f\u00fcncemi a\u00e7\u0131klad\u0131m, herhangi bir yorum yapmak istemem&#8221; dedi.<\/p>\n<p style=\"text-align: justify;\">Ba\u015fka bir soru \u00fczerine, se\u00e7im s\u00fcrecinde a\u00e7t\u0131\u011f\u0131 davalar\u0131 geri \u00e7ekmeyi d\u00fc\u015f\u00fcnmedi\u011fini kaydeden K\u0131l\u0131\u00e7daro\u011flu, &#8220;Bana hakaret edildi, yalanc\u0131 dendi a\u00e7\u0131k\u00e7a. Gelip ispat etmeleri laz\u0131m yarg\u0131da. Kimin yalanc\u0131 olup olmad\u0131\u011f\u0131n\u0131 g\u00f6rece\u011fiz&#8221; diye konu\u015ftu.<\/p>\n<p style=\"text-align: justify;\">AKP&#8217;nin ald\u0131\u011f\u0131 y\u00fczde 50&#8217;lik oy oran\u0131n\u0131 se\u00e7im gecesi ilk \u00f6\u011frendi\u011finde ne hissetti\u011finin sorulmas\u0131 \u00fczerine K\u0131l\u0131\u00e7daro\u011flu, &#8220;\u00dclke a\u00e7\u0131s\u0131ndan bir kayg\u0131 duymad\u0131m. Sonu\u00e7ta yurtta\u015flar\u0131m\u0131z\u0131n tercihidir, bize oy veren, vermeyen b\u00fct\u00fcn yurtta\u015flar\u0131m\u0131za sayg\u0131 duymak zorunday\u0131z. Geriye d\u00f6n\u00fcp \u015fu sorgulamay\u0131 yapmam\u0131z gerekiyor, ni\u00e7in biz daha y\u00fcksek oy almad\u0131k? Bunun hesab\u0131n\u0131 kendi aram\u0131zda yap\u0131yoruz&#8221; dedi.<\/p>\n<p style=\"text-align: justify;\">K\u0131l\u0131\u00e7daro\u011flu, hangi ilin kendisini hayalk\u0131r\u0131kl\u0131\u011f\u0131na u\u011fratt\u0131\u011f\u0131n\u0131n sorulmas\u0131 \u00fczerine de Elaz\u0131\u011f, K\u00fctahya, Batman ve D\u00fczce&#8217;den milletvekili \u00e7\u0131karmay\u0131 bekledi\u011fini, buralarda oylar\u0131n\u0131 artt\u0131rmalar\u0131na ra\u011fmen milletvekili \u00e7\u0131karamad\u0131klar\u0131n\u0131 kaydetti. K\u0131l\u0131\u00e7daro\u011flu, partisinin 2 milletvekili \u00e7\u0131kard\u0131\u011f\u0131 Tunceli&#8217;ye te\u015fekk\u00fcr ederken &#8220;Onlar 12 Eyl\u00fcl Anayasas\u0131&#8217;nda da ayn\u0131 tavr\u0131 sergilemi\u015flerdi, daha sonraki referandumda da ayn\u0131 tavr\u0131 sergilediler, se\u00e7imlerde de ayn\u0131 tavr\u0131 sergilediler. Onlar demokrat, ayd\u0131n insanlar, onlara g\u00fcvenim tam&#8221; dedi.<\/p>\n<p style=\"text-align: justify;\"><a href=\"http:\/\/www.cumhuriyet.com.tr\/?hn=253952&amp;kw=K%FDl%FD%E7daro%F0lu%3A+Soruyorum+kim+%FEerefsiz\" target=\"_blank\">Kaynak : Cumhuriyet Haber Portal\u0131<\/a><\/p>\n","protected":false},"excerpt":{"rendered":"<p style=\"text-align: center;\">\n<p style=\"text-align: justify;\">Ba\u015fbakan&#8217;\u0131n davalar\u0131 geri \u00e7ekmesini yorumlayan CHP Lideri K\u0131l\u0131\u00e7daro\u011flu, &#8220;Ba\u015fbakan&#8217;\u0131n o davalar\u0131 kazanamayaca\u011f\u0131 belliydi&#8221; dedi. K\u0131l\u0131\u00e7daro\u011flu, CHP&#8217;lilerin medya \u00fczerinden ele\u015ftiri yapmas\u0131n\u0131n do\u011fru olmad\u0131\u011f\u0131n\u0131 belirtti.<\/p>\n","protected":false},"author":1,"featured_media":0,"comment_status":"open","ping_status":"closed","sticky":false,"template":"","format":"standard","meta":{"footnotes":""},"categories":[105],"tags":[],"class_list":["post-34721","post","type-post","status-publish","format-standard","hentry","category-gundem","odd"],"_links":{"self":[{"href":"http:\/\/www.korhanyilmaz.com\/index.php?rest_route=\/wp\/v2\/posts\/34721","targetHints":{"allow":["GET"]}}],"collection":[{"href":"http:\/\/www.korhanyilmaz.com\/index.php?rest_route=\/wp\/v2\/posts"}],"about":[{"href":"http:\/\/www.korhanyilmaz.com\/index.php?rest_route=\/wp\/v2\/types\/post"}],"author":[{"embeddable":true,"href":"http:\/\/www.korhanyilmaz.com\/index.php?rest_route=\/wp\/v2\/users\/1"}],"replies":[{"embeddable":true,"href":"http:\/\/www.korhanyilmaz.com\/index.php?rest_route=%2Fwp%2Fv2%2Fcomments&post=34721"}],"version-history":[{"count":0,"href":"http:\/\/www.korhanyilmaz.com\/index.php?rest_route=\/wp\/v2\/posts\/34721\/revisions"}],"wp:attachment":[{"href":"http:\/\/www.korhanyilmaz.com\/index.php?rest_route=%2Fwp%2Fv2%2Fmedia&parent=34721"}],"wp:term":[{"taxonomy":"category","embeddable":true,"href":"http:\/\/www.korhanyilmaz.com\/index.php?rest_route=%2Fwp%2Fv2%2Fcategories&post=34721"},{"taxonomy":"post_tag","embeddable":true,"href":"http:\/\/www.korhanyilmaz.com\/index.php?rest_route=%2Fwp%2Fv2%2Ftags&post=34721"}],"curies":[{"name":"wp","href":"https:\/\/api.w.org\/{rel}","templated":true}]}}