{"id":34716,"date":"2011-06-17T15:33:49","date_gmt":"2011-06-17T12:33:49","guid":{"rendered":"http:\/\/www.korhanyilmaz.com\/?p=34716"},"modified":"2011-07-11T00:03:35","modified_gmt":"2011-07-10T21:03:35","slug":"2-bin-arkadasimiz-birakilirsa-helallesme-olur","status":"publish","type":"post","link":"http:\/\/www.korhanyilmaz.com\/?p=34716","title":{"rendered":"&#8216;2 bin arkada\u015f\u0131m\u0131z b\u0131rak\u0131l\u0131rsa helalle\u015fme olur!&#8217;"},"content":{"rendered":"<p style=\"text-align: center;\"><a href=\"http:\/\/www.korhanyilmaz.com\/wp-content\/uploads\/2011\/06\/062.jpg\"  class=\"lightview\"><img loading=\"lazy\" decoding=\"async\" class=\"aligncenter size-full wp-image-34717\" src=\"http:\/\/www.korhanyilmaz.com\/wp-content\/uploads\/2011\/06\/062.jpg\" alt=\"\" width=\"320\" height=\"100\" \/><\/a><\/p>\n<p style=\"text-align: justify;\">BDP\u2019nin Hakkari\u2019den milletvekili se\u00e7ilen eski Genel Ba\u015fkan\u0131 Selahattin Demirta\u015f, Ba\u015fbakan Recep Tayyip Erdo\u011fan\u2019\u0131n se\u00e7imden \u00f6nce muhalefet liderlerine, gazeteci ile yazarlara a\u00e7t\u0131\u011f\u0131 davalar\u0131 geri \u00e7ekmesinin \u00f6nemli oldu\u011funu belirterek, &#8220;2 bin arkada\u015f\u0131m\u0131z tutuklu. Bunlar\u0131n serbest b\u0131rak\u0131lmas\u0131 i\u00e7in yasal d\u00fczenleme yap\u0131l\u0131rsa helalle\u015fme o zaman olur&#8221; dedi. <!--more--><\/p>\n<p style=\"text-align: justify;\">BDP\u2019nin deste\u011fiyle Hakkari\u2019den milletvekili se\u00e7ilen eski Genel Ba\u015fkan\u0131 Selahattin Demirta\u015f, \u0130MKB Hattat Hamid Ayta\u00e7 \u0130lk\u00f6\u011fretim Okulu birinci s\u0131n\u0131f\u0131nda okuyan k\u0131z\u0131 Delal Demirta\u015f\u2019\u0131n karne da\u011f\u0131t\u0131m t\u00f6renine kat\u0131ld\u0131. \u00c7ocuklar ve vatanda\u015flarla bol bol hat\u0131ra foto\u011fraf\u0131 \u00e7ektiren Demirta\u015f, daha sonra bas\u0131n mensuplar\u0131n\u0131n g\u00fcndem ile ilgili sorular\u0131n\u0131 yan\u0131tlad\u0131.<\/p>\n<p style=\"text-align: justify;\">Demirta\u015f, bug\u00fcn baz\u0131 gazetelerde \u00e7\u0131kan ve yemin t\u00f6reninde BDP\u2019lilerin kriz \u00e7\u0131karaca\u011f\u0131 y\u00f6n\u00fcndeki haberler \u00fczerine, &#8220;Yemin t\u00f6reni ile ilgili her hangi bir tart\u0131\u015fmam\u0131z yok. G\u00fcndemimizde b\u00f6yle bir konu yok. Zaten ismi ge\u00e7en arkada\u015flar\u0131m\u0131z da a\u00e7\u0131klama yapt\u0131lar. Ama \u015funu s\u00f6yleyebiliriz. Sonu\u00e7ta biz yeni anayasa \u00f6nerilerinde yemin metninin ideolojik kimlikten s\u0131yr\u0131larak yeniden d\u00fczenlenmesi ya da kald\u0131r\u0131lmas\u0131 gerekti\u011fini savunuyoruz. Bu bilinmeyen bir \u015fey de\u011fil. Ama biz bu 24\u2019\u00fcnc\u00fc yemin t\u00f6reni ile ilgili bir tart\u0131\u015fma y\u00fcr\u00fctmedik. Yani yemin t\u00f6reninde bir kriz g\u00fcndemde de\u011fil. B\u00f6yle bir g\u00fcndemimiz yok. Biz i\u015fin \u00f6z\u00fcyle ilgileniyoruz, esas\u0131yla ilgileniyoruz. Parlamentonun \u00f6n\u00fcnde yeni anayasa gibi \u00e7ok \u00f6nemli bir g\u00f6rev var. Biz daha \u00e7ok tart\u0131\u015fmalar\u0131m\u0131z\u0131 o y\u00f6nl\u00fc y\u00fcr\u00fct\u00fcyoruz&#8221; dedi.<\/p>\n<p style=\"text-align: justify;\"><strong>\u2019HELALLE\u015eME TUTUKLU 2 B\u0130N ARKADA\u015eAMIZIN BIRAKILMASI \u0130LE OLUR\u2019<\/strong><\/p>\n<p style=\"text-align: justify;\">Ba\u015fbakan Erdo\u011fan\u2019\u0131n se\u00e7im \u00f6ncesi muhalefet liderlerine, gazeteci ile baz\u0131 yazarlara a\u00e7t\u0131\u011f\u0131 davalar\u0131 geri \u00e7ekmesini de\u011ferlendiren Demirta\u015f, \u015funlar\u0131 s\u00f6yledi:<\/p>\n<p style=\"text-align: justify;\">&#8220;\u015eimdi bizimle ilgili Hakkari\u2019de CHP ile ilgili 5 maddelik yaz\u0131l\u0131 anla\u015fma yapt\u0131\u011f\u0131m\u0131z yalan\u0131 kendisinin yalan\u0131d\u0131r. K\u00fcrtleri Zerd\u00fc\u015f ilan edip Apo\u2019yu Peygamber ilan etti\u011fimiz yalan\u0131 kendi yalan\u0131d\u0131r. Bizim yurtlara molotof att\u0131rd\u0131\u011f\u0131m\u0131z yalan\u0131 kendi yalan\u0131d\u0131r. K\u00fcrt\u00e7e ezan yalan\u0131 kendi yalan\u0131d\u0131r. \u015eimdi b\u00fct\u00fcn bunlar\u0131 bizle ilgili d\u00fczeltiyor mu d\u00fczeltmiyor mu? Bu kadar hakaret ve yalan \u00fczerine bir kampanya y\u00fcr\u00fctt\u00fc. \u015eimdi di\u011fer partiler ve k\u00f6\u015fe yazarlar\u0131 ile ilgili a\u00e7t\u0131\u011f\u0131 davalar\u0131 geri \u00e7ekmi\u015f. G\u00fczel bir geli\u015fme. Fakat, bizimle ilgili savc\u0131lar\u0131n a\u00e7t\u0131\u011f\u0131 2 bin 500 y\u0131ll\u0131k hapis davalar\u0131 var, onlar ne olacak. Onlar\u0131 geri \u00e7ekme konusunda yasal d\u00fczenleme \u00f6n\u00fcne koyuyor mu? Helalle\u015fme olacaksa b\u00f6yle olur. 2 bin 500 y\u0131l, 3 bin y\u0131l hapis cezalar\u0131 ile yarg\u0131lanaca\u011f\u0131z konu\u015fmalara ilgili Ba\u015fbakan bizimle ilgili s\u00f6yledi\u011fini b\u0131rakmayacak, se\u00e7imde istedi\u011fini elde ettikten sonra \u00e7\u0131k\u0131p hadi helalle\u015felim diyecek. B\u00f6yle bir yakla\u015f\u0131m do\u011fru de\u011fil. Ortada ilkeler olur, ilkeler \u00e7er\u00e7evesinde uzla\u015fmada olur, helalle\u015fmede olur. 2 bin arkada\u015f\u0131m\u0131z tutukludur. Bunlar\u0131n serbest kalmas\u0131 i\u00e7in yasa de\u011fi\u015fikli\u011fi teklifimizi kabul edecek mi? Helalle\u015fme olacaksa b\u00f6yle olur. Yoksa size hakaret ettim, her t\u00fcrl\u00fc \u015feyi s\u00f6yledim, ondan sonra a\u00e7t\u0131\u011f\u0131m davalar\u0131 geri \u00e7ekiyorum, baz\u0131 yazarlarla ilgili b\u00f6ylece helalle\u015ftik demekle bu i\u015fin alt\u0131nda \u00e7\u0131kamaz.&#8221;<\/p>\n<p style=\"text-align: justify;\"><strong>\u2019ME\u015eRUYET\u0130M\u0130Z SAYIN BAH\u00c7EL\u0130\u2019N\u0130N TOKASINA BA\u011eLI DE\u011e\u0130L<\/strong><\/p>\n<p style=\"text-align: justify;\">Demirta\u015f, MHP lideri Devlet Bah\u00e7eli\u2019nin BDP\u2019liler ile bir daha tokala\u015fmayaca\u011f\u0131 y\u00f6n\u00fcndeki s\u00f6zlerini \u015f\u00f6yle de\u011ferlendirdi:<\/p>\n<p style=\"text-align: justify;\">&#8220;\u015eimdi say\u0131n Ahmet T\u00fcrk ve say\u0131n Bah\u00e7eli\u2019nin 23\u2019\u00fcnc\u00fc d\u00f6nem ba\u015f\u0131ndaki tokala\u015fmas\u0131 bir defa insani bir ili\u015fkiydi, siyasi bir ili\u015fki de\u011fildi. Onun siyasi bir ili\u015fkiymi\u015f gibi yorumlanmas\u0131n\u0131 do\u011fru bulmay\u0131z. Bundan daha vahimi bizim m\u00fc\u015fruiyetimiz say\u0131n Bah\u00e7eli\u2019nin tokas\u0131na ba\u011fl\u0131 de\u011fildir. Say\u0131n Bah\u00e7eli bizimle tokala\u015f\u0131nca efendim me\u015fru oluyoruz, tokala\u015fmay\u0131nca gayri me\u015fru oluyoruz, biz b\u00f6yle bir \u015feyi kabul etmiyoruz. Me\u015fruiyetimiz kendi ellerinde de\u011fildir. Tokala\u015fma insani bir \u015feydir, siyasi bir \u015feyi yoktur. Biz kendi ilkelerimiz, taleplerimiz, yakla\u015f\u0131mlar\u0131m\u0131z do\u011frultusunda herkesle g\u00f6r\u00fc\u015f\u00fcr\u00fcz, konu\u015furuz, ilkelerimize sayg\u0131 duyulursa biz herkesle ayn\u0131 masa etraf\u0131nda oturup tart\u0131\u015f\u0131r\u0131z. Parlamento \u00e7at\u0131s\u0131 alt\u0131nda. Bunun d\u0131\u015f\u0131ndaki tokala\u015f\u0131p, tokala\u015fmamak yakla\u015f\u0131mlar\u0131 ucuz yakla\u015f\u0131mlard\u0131r. Biz b\u00f6yle bir ucuz yakla\u015f\u0131m i\u00e7erisine girmeyiz. Mesele, MHP ile BDP\u2019nin tokala\u015fmas\u0131ndan \u00f6te T\u00fcrkiye\u2019nin devas\u0131 sorunlar\u0131 var. Bu sorunlar\u0131n \u00e7\u00f6z\u00fcm\u00fc i\u00e7in kim ne s\u00f6yl\u00fcyor kim ne yapacak biz buna bakar\u0131z&#8221;<\/p>\n<p style=\"text-align: justify;\"><strong>\u2019\u00c7ATI PART\u0130S\u0130 KURMAYA YAKINIZ\u2019<\/strong><\/p>\n<p style=\"text-align: justify;\">Diyarbak\u0131r\u2019da yar\u0131n d\u00fczenleyecekleri toplant\u0131da se\u00e7ilen ba\u011f\u0131ms\u0131z milletvekilerinin bir araya gelece\u011fini belirten Demirta\u015f, \u00e7at\u0131 partisi ile ilgili ise \u015funlar\u0131 s\u00f6yledi:<\/p>\n<p style=\"text-align: justify;\">&#8220;Tabi \u00f6n\u00fcm\u00fczde parlamentonun ilk olarak yapmas\u0131 gereken i\u015fler var. Bunlarla ilgili bizimde haz\u0131rl\u0131k yapmam\u0131z gerekiyor. \u00d6ncelikle BDP grubu olu\u015facak. BDP\u2019nin bir grubu olacak parlamentoda. Hangi arkada\u015f\u0131n gruba ge\u00e7ece\u011fi, grup i\u00e7indeki g\u00f6rev da\u011f\u0131l\u0131m\u0131, kimin hangi komisyonda g\u00f6rev al\u0131p se\u00e7ilece\u011fi divan \u00fcyelerinin se\u00e7imi, meclis ba\u015fkanl\u0131\u011f\u0131 ile g\u00f6r\u00fc\u015f\u00fcm\u00fcz\u00fcn olu\u015fturulmas\u0131 gibi, h\u00fck\u00fcmet program\u0131na kar\u015f\u0131 diyeceklerimizin \u015fimdiden haz\u0131rl\u0131\u011f\u0131n\u0131n yap\u0131lmas\u0131 gibi konular bug\u00fcnden itibaren \u00f6n\u00fcm\u00fcze konulup tart\u0131\u015f\u0131lacak. BDP grubu mecliste olu\u015facak ve kendi i\u00e7inde g\u00f6rev da\u011f\u0131l\u0131m\u0131 yap\u0131lacak. \u00c7at\u0131 partisi ise, d\u0131\u015far\u0131da yani i\u00e7inde BDP\u2019nin de oldu\u011fu bu blo\u011fun bir \u00e7at\u0131 partisi hareketine d\u00f6n\u00fc\u015fmesi \u00e7al\u0131\u015fmas\u0131d\u0131r. Yani BDP parti olarak varl\u0131\u011f\u0131n\u0131 s\u00fcrd\u00fcrecek. \u015eu andaki faaliyetini, \u00f6rg\u00fctlenmesini ve grup \u00e7al\u0131\u015fmas\u0131n\u0131 s\u00fcrd\u00fcrecek. Ama, Parlamento d\u0131\u015f\u0131nda da bir \u00e7at\u0131 partisi olarak bir \u00e7ok partinin, hareketin, grubun i\u00e7erisinde yer alaca\u011f\u0131 bir \u00e7at\u0131 partisi \u00f6rg\u00fctlenmesi y\u0131llard\u0131r zaten aray\u0131\u015f\u0131n\u0131 s\u00fcrd\u00fcrd\u00fc\u011f\u00fcm\u00fcz bir \u00e7al\u0131\u015fmayd\u0131. Bu d\u00f6nem ger\u00e7ekle\u015ftirebilece\u011fimizi san\u0131yorum. Bu defa \u00e7at\u0131 partisini olu\u015fturmaya san\u0131r\u0131m \u00e7ok daha yak\u0131n\u0131z. E\u011fer g\u00fc\u00e7l\u00fc bir \u00e7at\u0131 partisi olu\u015fursa \u00f6n\u00fcm\u00fczdeki se\u00e7imlere art\u0131k o \u00e7at\u0131 partisi girecektir. Hepimizin i\u00e7inde oldu\u011fu o \u00e7at\u0131 partisi se\u00e7ime girece\u011fiz.&#8221;<\/p>\n<p style=\"text-align: justify;\"><strong>\u2019MECL\u0130S, TAT\u0130L\u0130 KISA TUTMALIDIR\u2019<\/strong><\/p>\n<p style=\"text-align: justify;\">Tutuklu iken milletvekili se\u00e7ilen arkada\u015flar\u0131 i\u00e7in her hangi bir sorun \u00e7\u0131kmamas\u0131 gerekti\u011fini, T\u00fcrkiye\u2019nin bu saatten sonra yeni anayasaya kilitlenmesi gerekti\u011fini s\u00f6yleyen Demirta\u015f, \u015f\u00f6yle dedi:<\/p>\n<p style=\"text-align: justify;\">&#8220;Yeni anayasa tart\u0131\u015fmalar\u0131 sa\u011fl\u0131k bir \u015fekilde y\u00fcr\u00fcmelidir. Hatta parlamento yani tatili k\u0131sa tutmal\u0131d\u0131r. \u00c7ok k\u0131sa bir tatil s\u00fcresinden sonra \u00e7al\u0131\u015fmaya ba\u015flamal\u0131d\u0131r. \u00c7\u00fcnk\u00fc T\u00fcrkiye\u2019deki bu acil sorunlar art\u0131k zamana yay\u0131lacak sorunlar de\u011fil. Dolay\u0131s\u0131yla biz bir an \u00f6nce T\u00fcrkiye\u2019nin yeni anayasa g\u00fcndemline kilitlenmesi gerekti\u011fini savunuyoruz. B\u00f6yle bir g\u00fcndem \u00f6n\u00fcm\u00fczde dururken YSK\u2019n\u0131n veya mahkemelerin \u00f6n\u00fcm\u00fcze yeni krizler \u00e7\u0131karmas\u0131 herkesin zarar\u0131na ve aleyhine olur. Sonu\u00e7ta bu insanlar se\u00e7ilmi\u015f, halk iradesi ile Parlamentoya girmesi gereken insanlard\u0131r. Bu i\u015f ba\u015fka y\u00f6nlere \u00e7ekilirse yani halk\u0131n iradesine sayg\u0131s\u0131zl\u0131k anlam\u0131na gelecek her t\u00fcrl\u00fc \u015fey halk\u0131n tepkisi ile kar\u015f\u0131la\u015f\u0131r, bu da herkes taraf\u0131ndan her halde do\u011fal kar\u015f\u0131lan\u0131r diye d\u00fc\u015f\u00fcn\u00fcyorum.&#8221;<\/p>\n<p style=\"text-align: justify;\"><strong>\u2019EYLEMS\u0130ZL\u0130\u011e\u0130N UZAMASI, S\u0130YASET\u0130N ROL\u00dcN\u00dc G\u00dc\u00c7LEND\u0130RECEKT\u0130R\u2019<\/strong><\/p>\n<p style=\"text-align: justify;\">Demirta\u015f, PKK taraf\u0131ndan ilan edilen eylemsizli\u011fin uzat\u0131l\u0131p uzat\u0131lmamas\u0131yal ilgili soruya kar\u015f\u0131l\u0131k \u015f\u00f6yle dedi:<\/p>\n<p style=\"text-align: justify;\">&#8220;Biz demokratik siyaset kurumlar\u0131 olarak elbette ki \u00e7at\u0131\u015fmas\u0131zl\u0131k ortam\u0131n\u0131 her zaman arzular\u0131z. Siyasete d\u00fc\u015fen roller ve g\u00f6revler vard\u0131r. Bu rol\u00fcn ve g\u00f6revlerin do\u011fru oynanabilmesi i\u00e7in mutlaka tansiyonun d\u00fc\u015fmesi ve \u00e7at\u0131\u015fmalar\u0131n bitmesi gerekir. \u00c7at\u0131\u015fmas\u0131zl\u0131k uzamal\u0131d\u0131r diye d\u00fc\u015f\u00fcn\u00fcyoruz. Bu konudaki muhatap PKK, \u00d6calan ve h\u00fck\u00fcmettir. \u00c7at\u0131\u015fmas\u0131zl\u0131k uzarsa da askeri operasyon yap\u0131lmamal\u0131d\u0131r. \u00d6l\u00fcmlere neden olacak her hangi bir siyasi karar al\u0131nmamal\u0131d\u0131r. Bununla birlikte siyasi \u00e7\u00f6z\u00fcm s\u00fcre\u00e7leri hemen h\u0131zland\u0131r\u0131lmal\u0131 ve s\u00fcre\u00e7 heba edilmemelidir. \u00d6yle san\u0131yorum ki \u00f6n\u00fcm\u00fczdeki s\u00fcre\u00e7, demokratik siyasetin rol\u00fcn\u00fc g\u00fc\u00e7l\u00fc oynayabilece\u011fi bir zemin yaratacakt\u0131r. Bu \u00e7er\u00e7evede \u00e7at\u0131\u015fmas\u0131zl\u0131k karar\u0131n\u0131n uzamas\u0131 \u015feklinde bir durum ortaya \u00e7\u0131karsa biz bunu do\u011fru de\u011ferlendirmek i\u00e7in rol\u00fcm\u00fcz\u00fc oynar\u0131z.&#8221;<\/p>\n<p style=\"text-align: justify;\"><a href=\"http:\/\/haber.gazetevatan.com\/2-bin-arkadasimiz-birakilirsa-helallesme-olur\/384093\/9\/Siyaset\" target=\"_blank\">Kaynak : VATAN Gazetesi<\/a><\/p>\n","protected":false},"excerpt":{"rendered":"<p style=\"text-align: center;\">\n<p style=\"text-align: justify;\">BDP\u2019nin Hakkari\u2019den milletvekili se\u00e7ilen eski Genel Ba\u015fkan\u0131 Selahattin Demirta\u015f, Ba\u015fbakan Recep Tayyip Erdo\u011fan\u2019\u0131n se\u00e7imden \u00f6nce muhalefet liderlerine, gazeteci ile yazarlara a\u00e7t\u0131\u011f\u0131 davalar\u0131 geri \u00e7ekmesinin \u00f6nemli oldu\u011funu belirterek, &#8220;2 bin arkada\u015f\u0131m\u0131z tutuklu. Bunlar\u0131n serbest b\u0131rak\u0131lmas\u0131 i\u00e7in yasal d\u00fczenleme yap\u0131l\u0131rsa helalle\u015fme o zaman olur&#8221; dedi. <\/p>\n","protected":false},"author":1,"featured_media":0,"comment_status":"open","ping_status":"closed","sticky":false,"template":"","format":"standard","meta":{"footnotes":""},"categories":[105],"tags":[],"class_list":["post-34716","post","type-post","status-publish","format-standard","hentry","category-gundem","odd"],"_links":{"self":[{"href":"http:\/\/www.korhanyilmaz.com\/index.php?rest_route=\/wp\/v2\/posts\/34716","targetHints":{"allow":["GET"]}}],"collection":[{"href":"http:\/\/www.korhanyilmaz.com\/index.php?rest_route=\/wp\/v2\/posts"}],"about":[{"href":"http:\/\/www.korhanyilmaz.com\/index.php?rest_route=\/wp\/v2\/types\/post"}],"author":[{"embeddable":true,"href":"http:\/\/www.korhanyilmaz.com\/index.php?rest_route=\/wp\/v2\/users\/1"}],"replies":[{"embeddable":true,"href":"http:\/\/www.korhanyilmaz.com\/index.php?rest_route=%2Fwp%2Fv2%2Fcomments&post=34716"}],"version-history":[{"count":0,"href":"http:\/\/www.korhanyilmaz.com\/index.php?rest_route=\/wp\/v2\/posts\/34716\/revisions"}],"wp:attachment":[{"href":"http:\/\/www.korhanyilmaz.com\/index.php?rest_route=%2Fwp%2Fv2%2Fmedia&parent=34716"}],"wp:term":[{"taxonomy":"category","embeddable":true,"href":"http:\/\/www.korhanyilmaz.com\/index.php?rest_route=%2Fwp%2Fv2%2Fcategories&post=34716"},{"taxonomy":"post_tag","embeddable":true,"href":"http:\/\/www.korhanyilmaz.com\/index.php?rest_route=%2Fwp%2Fv2%2Ftags&post=34716"}],"curies":[{"name":"wp","href":"https:\/\/api.w.org\/{rel}","templated":true}]}}