{"id":34700,"date":"2011-06-17T12:59:38","date_gmt":"2011-06-17T09:59:38","guid":{"rendered":"http:\/\/www.korhanyilmaz.com\/?p=34700"},"modified":"2011-07-10T22:36:17","modified_gmt":"2011-07-10T19:36:17","slug":"tutuklu-tuggeneralden-mahkemede-beddua","status":"publish","type":"post","link":"http:\/\/www.korhanyilmaz.com\/?p=34700","title":{"rendered":"Tutuklu tu\u011fgeneralden mahkemede beddua"},"content":{"rendered":"<p style=\"text-align: center;\"><a href=\"http:\/\/www.korhanyilmaz.com\/wp-content\/uploads\/2011\/06\/060.jpg\"  class=\"lightview\"><img loading=\"lazy\" decoding=\"async\" class=\"aligncenter size-full wp-image-34701\" src=\"http:\/\/www.korhanyilmaz.com\/wp-content\/uploads\/2011\/06\/060.jpg\" alt=\"\" width=\"250\" height=\"150\" \/><\/a><\/p>\n<p style=\"text-align: justify;\">&#8220;Balyoz Plan\u0131&#8221; iddialar\u0131na ili\u015fkin 196 emekli ve muvazzaf askerin yarg\u0131land\u0131\u011f\u0131 davan\u0131n 33. duru\u015fmas\u0131 g\u00f6r\u00fclmeye ba\u015fland\u0131. Tutuklu san\u0131k Tu\u011fgeneral Hakan Akko\u00e7 tutuklanmas\u0131na neden olanlara uzun \u00f6m\u00fcr dileyerek, &#8220;<strong>Ya\u015fad\u0131klar\u0131 her an\u0131n \u0131zd\u0131rap i\u00e7inde ge\u00e7mesini diliyorum<\/strong>&#8221; dedi.<!--more--><\/p>\n<p style=\"text-align: justify;\">\u0130stanbul 10. A\u011f\u0131r Ceza Mahkemesi\u2019nce Silivri Ceza \u0130nfaz Kurumlar\u0131 Yerle\u015fkesi\u2019ndeki salonda yap\u0131lan duru\u015fmaya, eski Hava Kuvvetleri Komutan\u0131 emekli Orgeneral Halil \u0130brahim F\u0131rt\u0131na, eski Deniz Kuvvetleri Komutan\u0131 emekli Oramiral \u00d6zden \u00d6rnek, Eski 1. Ordu Komutan\u0131 emekli Orgeneral \u00c7etin Do\u011fan\u2019\u0131n ve Engin Alan\u2019\u0131n da aralar\u0131nda bulundu\u011fu 140 tutuklu san\u0131k kat\u0131ld\u0131. Albay Dursun \u00c7i\u00e7ek\u2019in ve Nejat Bek\u2019in de aralar\u0131nda bulundu\u011fu 22 tutuklu san\u0131k kat\u0131lmad\u0131. 14 tutuksuz san\u0131k da duru\u015fmada haz\u0131r bulundu. Hakk\u0131nda yakalama karar\u0131 olan emekli Orgeneral Ergun Saygun\u2019un GATA\u2019daki tedavisi devam etti\u011fi i\u00e7in duru\u015fmaya kat\u0131lmad\u0131.<\/p>\n<p style=\"text-align: justify;\"><strong>&#8220;SEM\u0130NERE KATILMADIM&#8221;<\/strong><\/p>\n<p style=\"text-align: justify;\">Mahkeme Ba\u015fkan\u0131 \u00d6mer Diken savunmalar\u0131n al\u0131nmas\u0131yla duru\u015fmaya devam edilece\u011fini belirterek tutuklu san\u0131k san\u0131k emekli Albay Kemal Din\u00e7er\u2019i k\u00fcrs\u00fcye \u00e7a\u011f\u0131rd\u0131. Su\u00e7suz oldu\u011funu belirterek savunmas\u0131na ba\u015flayan Din\u00e7er 2003 y\u0131l\u0131nda 1. Ordu Komutanl\u0131\u011f\u0131\u2019nda d\u00fczenledi\u011fi iddia edilen seminere kat\u0131lmad\u0131\u011f\u0131n\u0131 s\u00f6yledi. 4 ayd\u0131r tutuklu oldu\u011funu anlatan Din\u00e7er, &#8220;<strong>Kimin haz\u0131rlad\u0131\u011f\u0131 belli olmayan planla ilgili g\u00f6rev almad\u0131m. \u00c7al\u0131\u015fma ve sunum yapmad\u0131m. Haks\u0131z zulme u\u011frad\u0131m. Tahliyeme ve beraatime karar verilsin<\/strong>&#8221; dedi. San\u0131k Kemal Din\u00e7er, &#8220;<strong>Bu kadar yalan ve d\u00fczmece belge i\u00e7inde hakikati bulaca\u011f\u0131n\u0131zdan endi\u015feliyim. Bilip de susanlara soruyorum. <span style=\"color: #993300;\">Dilsiz \u015feytan olmaya de\u011fer mi makam?<\/span><\/strong>&#8221; diyerek savunmas\u0131n\u0131 tamamlad\u0131.<\/p>\n<p style=\"text-align: justify;\"><strong>&#8220;B\u0130R \u015eEY B\u0130L\u0130YORLARSA GELS\u0130N ANLATSINLAR&#8221;<\/strong><\/p>\n<p style=\"text-align: justify;\">\u00dcye hakim Ali Efendi Peksak, san\u0131k Din\u00e7er\u2019e &#8220;Savunman\u0131zda \u2019<strong>Dilsiz \u015feytan<\/strong>\u2019 ifadesini kulland\u0131n\u0131z. Bununla kimi kastediyorsunuz?&#8221; diye sordu. Din\u00e7er, &#8220;<strong>Yakla\u015f\u0131k 4 ayd\u0131r savunmalar devam ediyor. San\u0131klar taraf\u0131ndan belirtilen d\u00f6nemin Genelkurmay Ba\u015fkan\u0131, Kara Kuvvetleri komutan\u0131 ve Kara Kuvvetleri Komutan\u0131, Kurmay Ba\u015fkan\u0131 gibi komutanlar\u0131 kastettim. Bir\u015fey biliyorlarsa gelsin anlats\u0131nlar<\/strong>&#8221; diye konu\u015ftu.<\/p>\n<p style=\"text-align: justify;\"><strong>&#8220;\u00d6ZG\u00dcRL\u00dc\u011e\u00dcM\u00dcN GASP ED\u0130LMES\u0130NE NEDEN OLANLARA UZUN \u00d6M\u00dcR D\u0130L\u0130YORUM&#8221;<\/strong><\/p>\n<p style=\"text-align: justify;\">Tu\u011fgenerel Hakan Akko\u00e7 seminere kat\u0131lmad\u0131\u011f\u0131n\u0131 belirterek, &#8220;EK-A listesinde sadece ismim yer ald\u0131\u011f\u0131 i\u00e7in huzurunuzday\u0131m. Kimseden emir almad\u0131m, kimseye emir vermedim. Ele ge\u00e7en belgelerde imzam, parmak izim yok. Hakk\u0131mda tek bir delil yok. T\u00fcm su\u00e7lamlar\u0131 reddediyorum. Bel\u00e7ika\u2019da NATO karargah\u0131nda g\u00f6revimden izin al\u0131p geldim. Benim hi\u00e7 bir zaman Bel\u00e7ika\u2019dan izin al\u0131pta hapis yatmak gibi bir fantazim olmam\u0131\u015ft\u0131r. Bir \u00e7irkin iftira nedeniyle \u00f6zg\u00fcrl\u00fc\u011f\u00fcm gasp edildi. Benim \u00f6zg\u00fcrl\u00fc\u011f\u00fcm\u00fcn gasp edilmesine neden olanlara uzun \u00f6m\u00fcr diliyorum. Ya\u015fad\u0131klar\u0131 her an\u0131n \u0131zd\u0131rap i\u00e7inde ge\u00e7mesini diliyorum. Ben hala neden burada oldu\u011fumu bilmiyorum. \u0130ddia makam\u0131na ve heyetinize soruyorum. \u0130ddia makam\u0131 hangi delile g\u00f6re ismimi iddianameye yazd\u0131. Siz mahkeme heyeti hangi delile g\u00f6re beni tutuklad\u0131n\u0131z. 5 May\u0131s 2011 tarihinden itibaren \u00f6zg\u00fcrl\u00fc\u011f\u00fcm\u00fc ve ya\u015fam hakk\u0131m\u0131 kaybettim. Ben yurtd\u0131\u015f\u0131ndaki g\u00f6revimden tutuklanaca\u011f\u0131m\u0131 bilerek geldim. Adaletin tecelli edece\u011fini biliyorum&#8221; dedi.<\/p>\n<p style=\"text-align: justify;\"><strong>&#8220;BU ADALET SANA BUNU LAYIK G\u00d6RD\u00dc&#8221;<\/strong><\/p>\n<p style=\"text-align: justify;\">Tu\u011fgenerel Hakan Akko\u00e7\u2019un avukat\u0131 Ziya Kara m\u00fcvekkilinin tutuklanaca\u011f\u0131n\u0131 bilerek Bel\u00e7ika\u2019daki g\u00f6revinden T\u00fcrkiye\u2019ye d\u00f6nd\u00fc\u011f\u00fcn\u00fc anlatarak, m\u00fcvekkilim bana \u2019E\u011fer orada istifa dilek\u00e7esi verseydim Bel\u00e7ika h\u00fck\u00fcmeti bana oturma izni verirdi&#8221; dedi. Ben m\u00fcvekkilimin \u015fahsen yerinde olsayd\u0131m T\u00fcrkiye\u2019ye d\u00f6nmezdim. Bir g\u00fcnl\u00fc\u011f\u00fcne de olsa \u00f6zg\u00fcrl\u00fc\u011f\u00fcm\u00fcn gasp eidlmesine g\u00f6nl\u00fcm raz\u0131 olmazd\u0131. M\u00fcvekkilim yine \u2019Ayn\u0131 durumda olsamda T\u00fcrkiye\u2019ye gelirim\u2019 diyor. Bu adalet sana bunu lay\u0131k g\u00f6rd\u00fc. Benim m\u00fcvekkilim hakk\u0131nda hi\u00e7 bir delil yoktur, tahliyesine karar verilmesini talep ediyiyorum&#8221; ifadelerini kulland\u0131.<\/p>\n<p style=\"text-align: justify;\"><strong>&#8220;ORDUYU ZAYIFLATMAK HA\u0130NL\u0130KT\u0130R&#8221;<\/strong><\/p>\n<p style=\"text-align: justify;\">Tutuklu san\u0131k Albay \u0130krami \u00d6zturan 4 ayd\u0131r tutuklu oldu\u011funu belirterek, Fuzuli\u2019ye ait olan, &#8220;Sussam g\u00f6n\u00fcl raz\u0131 de\u011fil, s\u00f6ylesem tesiri yok&#8221; s\u00f6zleriyle savunmas\u0131na ba\u015flad\u0131. Bilgisi d\u0131\u015f\u0131nda EK-A listesinde isminin yer ald\u0131\u011f\u0131n\u0131 vurgulayan \u00d6zturan, Siirt, Ankara ve ABD\u2019de g\u00f6revlerde bulundu\u011funu 2003 y\u0131l\u0131nda ise kendi iste\u011fiyle emekli oldu\u011funu belirtti. \u00d6zturan, &#8220;D\u00f6nemin 3. Ordu Komutan\u0131 Korgeneral Ergin Saygun da listede yer alan 4 ismi tan\u0131mad\u0131\u011f\u0131n\u0131 s\u00f6ylemi\u015ftir. Saygun&#8217;un tan\u0131mad\u0131\u011f\u0131 o 4 isimden biri benim. Seminerle ilgili g\u00f6rev almad\u0131m, g\u00f6revlendirilmedim. Su\u00e7suzum. Burada yarg\u0131lanan bizim nezdimizde T\u00fcrk Silahl\u0131 Kuvvetleri\u2019dir. Ordu herkese ilelebet laz\u0131m olacakt\u0131r. Orduyu zay\u0131flatmak hainliktir. Bu komployu haz\u0131layanlar\u0131n yakalanarak cezaland\u0131r\u0131lmas\u0131n\u0131 talep ediyorum. Tarihe hukuk gazisi olarak ge\u00e7ece\u011fiz. Su\u00e7suzum. Elveda elbirli\u011fiyle vatan\u0131nda esir d\u00fc\u015f\u00fcr\u00fclen askerler&#8221; dedi. Duru\u015fma san\u0131k savunmalar\u0131n\u0131n al\u0131nmas\u0131yla devam ediyor. <span style=\"color: #888888;\">Serpil KIRKESER\/\u0130STANBUL, (DHA)<\/span><\/p>\n<p style=\"text-align: justify;\"><a href=\"http:\/\/www.hurriyet.com.tr\/gundem\/18054242.asp?gid=381\" target=\"_blank\">Kaynak : hurriyet.com.tr<\/a><\/p>\n","protected":false},"excerpt":{"rendered":"<p style=\"text-align: center;\">\n<p style=\"text-align: justify;\">&#8220;Balyoz Plan\u0131&#8221; iddialar\u0131na ili\u015fkin 196 emekli ve muvazzaf askerin yarg\u0131land\u0131\u011f\u0131 davan\u0131n 33. duru\u015fmas\u0131 g\u00f6r\u00fclmeye ba\u015fland\u0131. Tutuklu san\u0131k Tu\u011fgeneral Hakan Akko\u00e7 tutuklanmas\u0131na neden olanlara uzun \u00f6m\u00fcr dileyerek, &#8220;Ya\u015fad\u0131klar\u0131 her an\u0131n \u0131zd\u0131rap i\u00e7inde ge\u00e7mesini diliyorum&#8221; dedi.<\/p>\n","protected":false},"author":1,"featured_media":0,"comment_status":"open","ping_status":"closed","sticky":false,"template":"","format":"standard","meta":{"footnotes":""},"categories":[105],"tags":[],"class_list":["post-34700","post","type-post","status-publish","format-standard","hentry","category-gundem","odd"],"_links":{"self":[{"href":"http:\/\/www.korhanyilmaz.com\/index.php?rest_route=\/wp\/v2\/posts\/34700","targetHints":{"allow":["GET"]}}],"collection":[{"href":"http:\/\/www.korhanyilmaz.com\/index.php?rest_route=\/wp\/v2\/posts"}],"about":[{"href":"http:\/\/www.korhanyilmaz.com\/index.php?rest_route=\/wp\/v2\/types\/post"}],"author":[{"embeddable":true,"href":"http:\/\/www.korhanyilmaz.com\/index.php?rest_route=\/wp\/v2\/users\/1"}],"replies":[{"embeddable":true,"href":"http:\/\/www.korhanyilmaz.com\/index.php?rest_route=%2Fwp%2Fv2%2Fcomments&post=34700"}],"version-history":[{"count":0,"href":"http:\/\/www.korhanyilmaz.com\/index.php?rest_route=\/wp\/v2\/posts\/34700\/revisions"}],"wp:attachment":[{"href":"http:\/\/www.korhanyilmaz.com\/index.php?rest_route=%2Fwp%2Fv2%2Fmedia&parent=34700"}],"wp:term":[{"taxonomy":"category","embeddable":true,"href":"http:\/\/www.korhanyilmaz.com\/index.php?rest_route=%2Fwp%2Fv2%2Fcategories&post=34700"},{"taxonomy":"post_tag","embeddable":true,"href":"http:\/\/www.korhanyilmaz.com\/index.php?rest_route=%2Fwp%2Fv2%2Ftags&post=34700"}],"curies":[{"name":"wp","href":"https:\/\/api.w.org\/{rel}","templated":true}]}}