{"id":3470,"date":"2009-02-22T11:25:25","date_gmt":"2009-02-22T09:25:25","guid":{"rendered":"http:\/\/www.korhanyilmaz.com\/?p=3470"},"modified":"2009-02-22T11:25:25","modified_gmt":"2009-02-22T09:25:25","slug":"ozbekistan%e2%80%99da-gulen-operasyonu","status":"publish","type":"post","link":"http:\/\/www.korhanyilmaz.com\/?p=3470","title":{"rendered":"\u00d6zbekistan\u2019da G\u00fclen operasyonu"},"content":{"rendered":"<p style=\"text-align: center;\"><img loading=\"lazy\" decoding=\"async\" class=\"aligncenter size-full wp-image-3471\" title=\"\u00d6zbekistan\u2019da G\u00fclen operasyonu \" src=\"http:\/\/www.korhanyilmaz.com\/wp-content\/uploads\/2009\/02\/220220091433023109037.jpg\" alt=\"\u00d6zbekistan\u2019da G\u00fclen operasyonu \" width=\"376\" height=\"240\" \/><\/p>\n<p style=\"text-align: justify;\"><strong>G\u00fclen hareketi \u00fcyesi 3&#8217;\u00fc T\u00fcrk 11 ki\u015finin 6,5 y\u0131l ile 8 y\u0131l aras\u0131nda hapis cezalar\u0131na \u00e7arpt\u0131r\u0131ld\u0131\u011f\u0131 duyuruldu <\/strong><\/p>\n<p style=\"text-align: justify;\">\u00d6zbekistan&#8217;da Fethullah G\u00fclen hareketi \u00fcyelerinin &#8220;Pant\u00fcrkizm&#8221; su\u00e7lamas\u0131yla hapse mahk\u00fbm edildikleri bildirildi.<\/p>\n<p style=\"text-align: justify;\">Cumhuriyet gazetesinin haberine g\u00f6re, Rusya&#8217;ya Orta Asya haberleri sunan ferghana.ru sitesindeki habere g\u00f6re, Harezm ve Buhara gibi G\u00fclen yanda\u015flar\u0131n\u0131n etkin oldu\u011fu b\u00f6lgelerde yap\u0131lan operasyonlarda tutuklanan ki\u015filer 6 aydan 6.5 y\u0131la kadar de\u011fi\u015fen cezalara \u00e7arpt\u0131r\u0131ld\u0131.<\/p>\n<p style=\"text-align: justify;\">Say\u0131lar\u0131 tam olarak belli olmayan ki\u015filerin, 1990&#8217;l\u0131 y\u0131llarda G\u00fclen okullar\u0131nda okuyan ki\u015filer oldu\u011fu kaydedildi.<\/p>\n<p style=\"text-align: justify;\">G\u00fclen cemaatinin \u00d6zbekistan&#8217;daki okullar\u0131 1999 ve 2000 y\u0131llar\u0131nda \u00d6zbekistan Devlet Ba\u015fkan\u0131 \u0130slam Kerimov&#8217;un emriyle kapat\u0131lm\u0131\u015ft\u0131. Kerimov bu karar\u0131 al\u0131rken kendisine y\u00f6nelik bir suikast giri\u015fiminde G\u00fclen yanda\u015flar\u0131n\u0131n da yer ald\u0131\u011f\u0131n\u0131 s\u00f6ylemi\u015fti. <!--more--><br \/>\nRusya y\u00f6netimi de &#8220;radikal \u0130slamc\u0131 ve Pant\u00fcrkist propaganda yayd\u0131\u011f\u0131&#8221; gerek\u00e7esiyle yasaklad\u0131\u011f\u0131 G\u00fclen hareketine ait 16 okulu kapatm\u0131\u015f ve 50 \u00f6\u011fretmeni s\u0131n\u0131r d\u0131\u015f\u0131 etmi\u015fti.\n<\/p>\n<p style=\"text-align: justify;\">Azerbaycan, Kazakistan, K\u0131rg\u0131zistan, T\u00fcrkmenistan ve Tacikistan&#8217;da ise ilkokuldan \u00fcniversiteye kadar, 70&#8217;ten fazla G\u00fclen okulu faaliyet g\u00f6steriyor.<\/p>\n<p style=\"text-align: justify;\">\u00d6zbek Ulusal G\u00fcvenlik Servisi taraf\u0131ndan haz\u0131rlanan ve devlet televizyonunda 16 \u015eubat g\u00fcn\u00fc yay\u0131mlanan &#8220;Karanl\u0131\u011fa Giden I\u015f\u0131k&#8221; ba\u015fl\u0131kl\u0131 belgeselde ise Nurculu\u011fun ve G\u00fclen hareketinin tarihi anlat\u0131ld\u0131 ve bu hareketin \u00f6zellikle yat\u0131l\u0131 okullar arac\u0131l\u0131\u011f\u0131yla yayd\u0131\u011f\u0131 \u015feriat\u00e7\u0131 ve Pant\u00fcrkist g\u00f6r\u00fc\u015flerin \u00d6zbek ulusal k\u00fclt\u00fcr\u00fcne ve bilincine ayk\u0131r\u0131 oldu\u011fu vurguland\u0131. Belgeselde,<\/p>\n<p style=\"text-align: justify;\">G\u00fclen hareketi \u00fcyesi 3&#8217;\u00fc T\u00fcrk 11 ki\u015finin 6.5 y\u0131l ile 8 y\u0131l aras\u0131nda hapis cezalar\u0131na \u00e7arpt\u0131r\u0131ld\u0131\u011f\u0131 duyuruldu.<\/p>\n<p style=\"text-align: justify;\"><span style=\"color: #888888;\">Kaynak : Vatan Gazetesi<\/span><\/p>\n","protected":false},"excerpt":{"rendered":"<p style=\"text-align: center;\">\n<p style=\"text-align: justify;\">G\u00fclen hareketi \u00fcyesi 3&#8217;\u00fc T\u00fcrk 11 ki\u015finin 6,5 y\u0131l ile 8 y\u0131l aras\u0131nda hapis cezalar\u0131na \u00e7arpt\u0131r\u0131ld\u0131\u011f\u0131 duyuruldu <\/p>\n<p style=\"text-align: justify;\">\u00d6zbekistan&#8217;da Fethullah G\u00fclen hareketi \u00fcyelerinin &#8220;Pant\u00fcrkizm&#8221; su\u00e7lamas\u0131yla hapse mahk\u00fbm edildikleri bildirildi.<\/p>\n<p style=\"text-align: justify;\">Cumhuriyet gazetesinin haberine g\u00f6re, Rusya&#8217;ya Orta Asya haberleri sunan ferghana.ru sitesindeki habere g\u00f6re, Harezm ve Buhara gibi <\/p>\n","protected":false},"author":1,"featured_media":0,"comment_status":"open","ping_status":"closed","sticky":false,"template":"","format":"standard","meta":{"footnotes":""},"categories":[105],"tags":[],"class_list":["post-3470","post","type-post","status-publish","format-standard","hentry","category-gundem","odd"],"_links":{"self":[{"href":"http:\/\/www.korhanyilmaz.com\/index.php?rest_route=\/wp\/v2\/posts\/3470","targetHints":{"allow":["GET"]}}],"collection":[{"href":"http:\/\/www.korhanyilmaz.com\/index.php?rest_route=\/wp\/v2\/posts"}],"about":[{"href":"http:\/\/www.korhanyilmaz.com\/index.php?rest_route=\/wp\/v2\/types\/post"}],"author":[{"embeddable":true,"href":"http:\/\/www.korhanyilmaz.com\/index.php?rest_route=\/wp\/v2\/users\/1"}],"replies":[{"embeddable":true,"href":"http:\/\/www.korhanyilmaz.com\/index.php?rest_route=%2Fwp%2Fv2%2Fcomments&post=3470"}],"version-history":[{"count":0,"href":"http:\/\/www.korhanyilmaz.com\/index.php?rest_route=\/wp\/v2\/posts\/3470\/revisions"}],"wp:attachment":[{"href":"http:\/\/www.korhanyilmaz.com\/index.php?rest_route=%2Fwp%2Fv2%2Fmedia&parent=3470"}],"wp:term":[{"taxonomy":"category","embeddable":true,"href":"http:\/\/www.korhanyilmaz.com\/index.php?rest_route=%2Fwp%2Fv2%2Fcategories&post=3470"},{"taxonomy":"post_tag","embeddable":true,"href":"http:\/\/www.korhanyilmaz.com\/index.php?rest_route=%2Fwp%2Fv2%2Ftags&post=3470"}],"curies":[{"name":"wp","href":"https:\/\/api.w.org\/{rel}","templated":true}]}}