{"id":34660,"date":"2011-06-16T14:56:29","date_gmt":"2011-06-16T11:56:29","guid":{"rendered":"http:\/\/www.korhanyilmaz.com\/?p=34660"},"modified":"2011-07-11T00:08:33","modified_gmt":"2011-07-10T21:08:33","slug":"20-dakikalik-yagmur-ankarayi-felc-etti","status":"publish","type":"post","link":"http:\/\/www.korhanyilmaz.com\/?p=34660","title":{"rendered":"20 dakikal\u0131k ya\u011fmur Ankara&#8217;y\u0131 fel\u00e7 etti"},"content":{"rendered":"<p style=\"text-align: center;\"><a href=\"http:\/\/www.korhanyilmaz.com\/wp-content\/uploads\/2011\/06\/053.jpg\"  class=\"lightview\"><img loading=\"lazy\" decoding=\"async\" class=\"aligncenter size-full wp-image-34661\" src=\"http:\/\/www.korhanyilmaz.com\/wp-content\/uploads\/2011\/06\/053.jpg\" alt=\"\" width=\"420\" height=\"210\" \/><\/a><\/p>\n<p style=\"text-align: justify;\">Ankara&#8217;da 20 dakika etkili olan yaz ya\u011fmuru sellere neden oldu. Trafik kilitlenirken, bir\u00e7ok alt ge\u00e7it sulara g\u00f6m\u00fcld\u00fc. Balgat\u2019taki bir ge\u00e7itte 5-6 ara\u00e7 mahsur kald\u0131. Ba\u015fkan Melih G\u00f6k\u00e7ek &#8221;Bunu hi\u00e7bir altyap\u0131 kald\u0131rmaz&#8221; dedi.<\/p>\n<p style=\"text-align: justify;\">Ankara&#8217;da aniden bast\u0131ran ya\u011fmur ve dolu hayat\u0131 fel\u00e7 etti. Ankara B\u00fcy\u00fck\u015fehir Belediyesi ve Meteoroloji zorunlu olmad\u0131k\u00e7a trafi\u011fe \u00e7\u0131k\u0131lmamas\u0131 konusunda uyard\u0131. <!--more--><\/p>\n<p style=\"text-align: justify;\">\u00d6\u011flen saatlerinde ba\u015flayan ya\u011fmur ve dolu ya\u011f\u0131\u015f\u0131 \u015fiddetini art\u0131rarak devam etti. Ya\u011f\u0131\u015f nedeniyle, kentteki pek \u00e7ok alt ge\u00e7it ve yol sular alt\u0131nda kald\u0131. \u00d6zellikle \u00c7etin Eme\u00e7 Bulvar\u0131 \u00fczerindeki altge\u00e7iti su basmas\u0131 nedeniyle 3 ara\u00e7 mahsur kald\u0131. Ara\u00e7taki vatanda\u015flar\u0131n kendi imkanlar\u0131yla ara\u00e7lar\u0131ndan \u00e7\u0131kt\u0131klar\u0131 \u00f6\u011frenildi.<\/p>\n<p style=\"text-align: justify;\">\u00d6te yandan, Konya-Ankara karayolunun Kepekli mevkisinde etkili olan dolu ya\u011f\u0131\u015f\u0131 nedeniyle ula\u015f\u0131ma kapanan karayolunda \u00e7ok say\u0131da ara\u00e7 yolda mahsur kald\u0131. Karayolunda yakla\u015f\u0131k bir saattir ula\u015f\u0131m sa\u011flanamazken, kilometrelerce uzunlukta ara\u00e7 kuyru\u011fu olu\u015ftu. Dolu kal\u0131nl\u0131\u011f\u0131n\u0131n karayolunda yakla\u015f\u0131k 10 santimetreye ula\u015ft\u0131\u011f\u0131 g\u00f6r\u00fcld\u00fc.<\/p>\n<p style=\"text-align: justify;\">Bu arada, Ankara B\u00fcy\u00fck\u015fehir Belediyesi yetkilileri, dolu ya\u011f\u0131\u015f\u0131n\u0131n b\u00fct\u00fcn \u0131zgaralar\u0131 kapatt\u0131\u011f\u0131na i\u015faret ederek bu nedenle yollarda su birikintilerinin olu\u015ftu\u011funu belirtti. Ya\u011f\u0131\u015f nedeniyle \u00f6zellikle \u00c7etin Eme\u00e7 Bulvar\u0131, Konya-Ankara karayolu, \u00c7ankaya b\u00f6lgelerinde s\u0131k\u0131nt\u0131 ya\u015fand\u0131\u011f\u0131n\u0131 ifade eden yetkililer, B\u00fcy\u00fck\u015fehir Belediyesi \u0130tfaiye Daire Ba\u015fkanl\u0131\u011f\u0131 ve ASK\u0130 ekiplerinin \u00e7al\u0131\u015fmalar\u0131n\u0131 s\u00fcrd\u00fcrd\u00fc\u011f\u00fcn\u00fc kaydetti.<\/p>\n<p style=\"text-align: justify;\">Ya\u011f\u0131\u015f\u0131n bir s\u00fcre daha etkisini s\u00fcrd\u00fcrmesi bekleniyor.<\/p>\n<p style=\"text-align: justify;\"><strong>BALGAT&#8217;TA BULUNAN ALTGE\u00c7\u0130D\u0130 SU BASTI<\/strong><\/p>\n<p style=\"text-align: justify;\">Balgat\u2019ta bulunan \u201c70 G\u00fcn Alt Ge\u00e7idi\u201d adeta dereye d\u00f6nd\u00fc. 7-8 metrelik ge\u00e7itte aralar\u0131nda LPG t\u00fcp\u00fc ta\u015f\u0131yan bir kamyanetin de bulundu\u011fu 5-6 ara\u00e7 sulara g\u00f6m\u00fcld\u00fc.<\/p>\n<p style=\"text-align: justify;\">Ara\u00e7taki vatanda\u015flar\u0131n kendi imkanlar\u0131yla ara\u00e7lar\u0131ndan \u00e7\u0131kt\u0131klar\u0131 \u00f6\u011frenildi.<\/p>\n<p style=\"text-align: justify;\">70 g\u00fcnde tamamland\u0131\u011f\u0131 i\u00e7in \u201c70 G\u00fcn Alt Ge\u00e7idi\u201d ad\u0131n\u0131 alan ge\u00e7idin \u00e7\u00f6kmesi tehlikesine kar\u015f\u0131 da baz\u0131 \u00f6nlemler al\u0131nd\u0131.<\/p>\n<p style=\"text-align: center;\"><a href=\"http:\/\/www.korhanyilmaz.com\/wp-content\/uploads\/2011\/06\/0541.jpg\"  class=\"lightview\"><img loading=\"lazy\" decoding=\"async\" class=\"aligncenter size-full wp-image-34662\" src=\"http:\/\/www.korhanyilmaz.com\/wp-content\/uploads\/2011\/06\/0541.jpg\" alt=\"\" width=\"350\" height=\"234\" \/><\/a><\/p>\n<p style=\"text-align: justify;\"><strong>ARAMA-KURTARMA \u00c7ALI\u015eMALARI BA\u015eLATILDI<\/strong><\/p>\n<p style=\"text-align: justify;\">Ba\u015fkentte \u00f6\u011fle saatlerinde ya\u011fan dolu ve sa\u011fanak nedeniyle Balgat \u00c7etin Eme\u00e7 Bulvar\u0131\u2019ndaki 70. G\u00fcn Altge\u00e7idi su alt\u0131da kald\u0131.<\/p>\n<p style=\"text-align: justify;\">Su alt\u0131nda bir t\u00fcpgaz arabas\u0131 ile ba\u015fka ara\u00e7lar kald\u0131\u011f\u0131 bilgisi \u00fczerine arama kurtarma \u00e7al\u0131\u015fmas\u0131 ba\u015flat\u0131ld\u0131.<\/p>\n<p style=\"text-align: justify;\">Dolu ve sa\u011fanak ya\u011f\u0131\u015ftan ba\u015fkent trafi\u011fi olumsuz etkilendi. \u015eiddetli ya\u011fmur ve dolu sonucu \u00c7etin Eme\u00e7 Bulvar\u0131\u2019ndaki 70. G\u00fcn Altge\u00e7idi g\u00f6le d\u00f6nd\u00fc.<\/p>\n<p style=\"text-align: justify;\">\u0130tfaiye ekipleri, su alt\u0131nda bir t\u00fcpgaz kamyonu ile baz\u0131 otomobillerin kald\u0131\u011f\u0131 bilgisi \u00fczerine \u00e7al\u0131\u015fma ba\u015flatt\u0131.<\/p>\n<p style=\"text-align: justify;\">Ankara B\u00fcy\u00fck\u015fehir Belediyesi \u0130tfaiye Daire Ba\u015fkanl\u0131\u011f\u0131na ba\u011fl\u0131 su alt\u0131 arama kurtarma ekibi, ge\u00e7itte mahsur kalan ara\u00e7lar\u0131 kurtarmak i\u00e7in \u00e7al\u0131\u015f\u0131yor. Ekipler ayr\u0131ca, sa\u011fanak ya\u011f\u0131\u015f devam ederken vidanj\u00f6rler ve motopomplarla ge\u00e7itteki suyun tahliyesine devam ediyor.<\/p>\n<p style=\"text-align: justify;\">Bu arada, Balgat\u2019taki baz\u0131 sokaklar da su alt\u0131nda kald\u0131. Arama kurtarma \u00e7al\u0131\u015fmalar\u0131n\u0131n devam etti\u011fi \u00c7etin Eme\u00e7 Bulvar\u0131 trafi\u011fe kapat\u0131ld\u0131.<\/p>\n<p style=\"text-align: justify;\"><strong>TRAF\u0130KTE UZUN KUYRUKLAR OLU\u015eTU<\/strong><\/p>\n<p style=\"text-align: justify;\">A\u015f\u0131r\u0131 ya\u011f\u0131\u015flar nedeniyle Konya ve Eski\u015fehir yolunda trafikte uzun kuyruklar olu\u015ftu. Konya yolundaki alt ge\u00e7idi su basmas\u0131 nedeniyle trafik tek \u015feritten sa\u011flan\u0131yor.<\/p>\n<p style=\"text-align: justify;\">Trafik ekipleri, selin oldu\u011fu b\u00f6lgelerde ara\u00e7lar\u0131 farkl\u0131 g\u00fczergahlara y\u00f6nlendiriyor. Baz\u0131 ara\u00e7lar\u0131n yolda kald\u0131\u011f\u0131 Konya yolunda k\u00fc\u00e7\u00fck \u00e7apta maddi hasarl\u0131 trafik kazalar\u0131 da meydana geldi.<\/p>\n<p style=\"text-align: justify;\">Belediye ekipleri, r\u00f6gar kapaklar\u0131n\u0131 temizleyerek sel sular\u0131n\u0131n akmas\u0131 i\u00e7in \u00e7al\u0131\u015f\u0131yor. Bu arada, Konya Kepekli Kav\u015fa\u011f\u0131 ve burada bulunan evlerin \u00e7at\u0131lar\u0131, dolu ya\u011f\u0131\u015f\u0131 nedeniyle beyaza b\u00fcr\u00fcnd\u00fc.<\/p>\n<p style=\"text-align: justify;\"><strong>SULAR G\u00d6LBA\u015eI\u2019NA G\u0130RMEDEN EYM\u0130R G\u00d6L\u00dc\u2019NE D\u00d6K\u00dcLD\u00dc<\/strong><\/p>\n<p style=\"text-align: justify;\">G\u00f6lba\u015f\u0131\u2019nda baz\u0131 caddeler, yo\u011fun ya\u011f\u0131\u015f ve dolu nedeniyle adeta g\u00f6le d\u00f6n\u00fc\u015ft\u00fc. Ankara Caddesi \u00fczerinde biriken sular yolu kapat\u0131rken, kepekli mevkindeki telefon hatlar\u0131na ait r\u00f6garlar\u0131n i\u00e7ininde sularla doldu\u011fu g\u00f6r\u00fcld\u00fc. ASK\u0130 G\u00f6lba\u015f\u0131 M\u00fcd\u00fcr\u00fc Veli Y\u0131ld\u0131z, Oran ve Kepekli mevkinden dolu ya\u011fmas\u0131 sonucu olu\u015fan sular\u0131n G\u00f6lba\u015f\u0131 merkeze girmeden Eymir G\u00f6l\u00fc\u2019ne d\u00f6k\u00fcld\u00fc\u011f\u00fcn\u00fc belirtti. Bu konuda takviye ekip olu\u015fturdu\u011funu belirten Y\u0131ld\u0131z, &#8220;Kar\u015f\u0131yaka Mahalesi\u2019nde apartmanlar\u0131n bodrum kat\u0131ndaki kot alt\u0131na yap\u0131lan baz\u0131 daireleri su bast\u0131. 10 ekipten olu\u015fan 40 ki\u015fi g\u00f6revinin ba\u015f\u0131nda \u00e7al\u0131\u015f\u0131yor. Ekiplerimizde vidanj\u00f6r, motopomp, tazyikli su, filayt pompa gibi alet ve makinalarla sular\u0131 bo\u015faltmaya \u00e7al\u0131\u015f\u0131yoruz&#8221; dedi.<\/p>\n<p style=\"text-align: justify;\"><strong>G\u00d6K\u00c7EK: H\u0130\u00c7B\u0130R ALTYAPI DAYANMAZ<\/strong><\/p>\n<p style=\"text-align: justify;\">Ankara B\u00fcy\u00fck\u015fehir Belediye Ba\u015fkan\u0131 Melih G\u00f6k\u00e7ek, ba\u015fkentte metrekareye 50 kilogram ya\u011f\u0131\u015f d\u00fc\u015ft\u00fc\u011f\u00fcn\u00fc, \u00f6\u011fle saatlerinden bu yana ortaya \u00e7\u0131kan ya\u011f\u0131\u015f ve doluyu &#8216;do\u011fal afet&#8217; olarak niteledi\u011fini s\u00f6yledi.<\/p>\n<p style=\"text-align: justify;\">Altge\u00e7itlerde ula\u015f\u0131mda sorun ya\u015fand\u0131\u011f\u0131n\u0131, dolu nedeniyle logarlar\u0131n t\u0131kand\u0131\u011f\u0131n\u0131 ifade eden Melih G\u00f6k\u00e7ek, &#8216;Ya\u015fanan olaylar normal bir ya\u011f\u0131\u015f de\u011fil, altyap\u0131dan kaynaklanan bir durum de\u011fil. Bu duruma hi\u00e7bir altyap\u0131 dayanmaz. Arkada\u015flara talimat vererek, t\u00fcm radyolar\u0131n &#8216;vatanda\u015flar\u0131n trafi\u011fe \u00e7\u0131kmamas\u0131 i\u00e7in anons edilmesi y\u00f6n\u00fcnde&#8217; uyar\u0131lmas\u0131n\u0131 istedim&#8217; diye konu\u015ftu.<\/p>\n<p style=\"text-align: justify;\">&#8216;<strong>TRAF\u0130\u011eE \u00c7IKMAYIN&#8217; UYARISI<\/strong><\/p>\n<p style=\"text-align: justify;\">Ankara B\u00fcy\u00fck\u015fehir Belediye Ba\u015fkan\u0131 Melih G\u00f6k\u00e7ek, &#8220;Yo\u011fun ya\u011f\u0131\u015f nedeniyle, ak\u015fam saat 20.00\u2019ye kadar zorunlu haller d\u0131\u015f\u0131nda vatanda\u015flar\u0131n trafi\u011fe \u00e7\u0131kmamas\u0131n\u0131 rica ediyoruz&#8221; dedi.<\/p>\n<p style=\"text-align: justify;\">G\u00f6k\u00e7ek, AA muhabirine yapt\u0131\u011f\u0131 a\u00e7\u0131klamada, ba\u015fkentte metrekareye 50 kilogram ya\u011f\u0131\u015f d\u00fc\u015ft\u00fc\u011f\u00fcn\u00fc, \u00f6\u011fle saatlerinden bu yana ortaya \u00e7\u0131kan ya\u011f\u0131\u015f ve doluyu &#8220;do\u011fal afet&#8221; olarak niteledi\u011fini s\u00f6yledi.<\/p>\n<p style=\"text-align: justify;\">Altge\u00e7itlerde ula\u015f\u0131mda sorun ya\u015fand\u0131\u011f\u0131n\u0131, dolu nedeniyle logarlar\u0131n t\u0131kand\u0131\u011f\u0131n\u0131 ifade eden Melih G\u00f6k\u00e7ek, &#8220;Ya\u015fanan olaylar normal bir ya\u011f\u0131\u015f de\u011fil, altyap\u0131dan kaynaklanan bir durum de\u011fil. Bu duruma hi\u00e7bir altyap\u0131 dayanmaz. Arkada\u015flara talimat vererek, t\u00fcm radyolar\u0131n \u2019vatanda\u015flar\u0131n trafi\u011fe \u00e7\u0131kmamas\u0131 i\u00e7in anons edilmesi y\u00f6n\u00fcnde\u2019 uyar\u0131lmas\u0131n\u0131 istedim&#8221; diye konu\u015ftu.<\/p>\n<p style=\"text-align: justify;\">Ankara B\u00fcy\u00fck\u015fehir Belediye Ba\u015fkan\u0131 G\u00f6k\u00e7ek, vatanda\u015flar\u0131n zarar g\u00f6rmemesi i\u00e7in her t\u00fcrl\u00fc tedbiri belediye olarak ald\u0131klar\u0131n\u0131 belirterek, &#8220;Ak\u015fam saat 20.00\u2019ye kadar zorunlu haller d\u0131\u015f\u0131nda vatanda\u015flar\u0131n trafi\u011fe \u00e7\u0131kmamas\u0131n\u0131 rica ediyoruz&#8221; dedi.<\/p>\n<p style=\"text-align: justify;\">B\u00fcy\u00fck\u015fehir Belediyesi yetkilileri de Meteoroloji Genel M\u00fcd\u00fcrl\u00fc\u011f\u00fc\u2019nden al\u0131nan bilgilere g\u00f6re, ya\u011f\u0131\u015flar\u0131n aral\u0131klarla ve \u015fiddetli \u015fekilde s\u00fcrece\u011fini, yo\u011fun ya\u011f\u0131\u015flar\u0131n \u00f6zellikle Eski\u015fehir ve Konya yollar\u0131, \u0130ncek semti ile \u00c7ankaya b\u00f6lgesinin \u00fcst k\u0131s\u0131mlar\u0131nda etkili olaca\u011f\u0131n\u0131 belirterek, ya\u011f\u0131\u015flar\u0131n genellikle dolu \u015feklinde g\u00f6r\u00fclece\u011fini kaydettiler.<\/p>\n<p style=\"text-align: justify;\"><strong>VAL\u0130 Y\u00dcKSEL&#8217;DEN A\u00c7IKLAMA<\/strong><\/p>\n<p style=\"text-align: justify;\">Ankara Valisi Alaaddin Y\u00fcksel, ba\u015fkentte \u015fu anda ya\u011fmur ve g\u00f6k g\u00fcr\u00fclt\u00fcs\u00fc d\u0131\u015f\u0131nda hayat\u0131 olumsuz etkileyen bir durum ya\u015fanmad\u0131\u011f\u0131n\u0131 belirtti.<\/p>\n<p style=\"text-align: justify;\">Y\u00fcksel, AA muhabirine yapt\u0131\u011f\u0131 a\u00e7\u0131klamada, Ankara\u2019da 84 y\u0131ld\u0131r bu oranda bir ya\u011f\u0131\u015f olmad\u0131\u011f\u0131n\u0131 belirterek, senenin ilk g\u00fcnlerinden itibaren tempolu ya\u011f\u0131\u015flar\u0131n g\u00f6r\u00fcld\u00fc\u011f\u00fcn\u00fc s\u00f6yledi.<\/p>\n<p style=\"text-align: justify;\">Meteoroloji Genel M\u00fcd\u00fcrl\u00fc\u011f\u00fcn\u00fcn saat 13.00 itibariyle dolu ve kuvvetli ya\u011f\u0131\u015f uyar\u0131s\u0131 yapt\u0131\u011f\u0131n\u0131 an\u0131msatan Y\u00fcksel, bunun \u00fczerine kamu kurum ve kurulu\u015flar\u0131n\u0131n uyar\u0131ld\u0131\u011f\u0131n\u0131 ve gerekli \u00f6nlemlerin al\u0131nd\u0131\u011f\u0131n\u0131 ifade etti.<\/p>\n<p style=\"text-align: justify;\">\u015eu an itibariyle 1 saatte metrekareye d\u00fc\u015fen ya\u011f\u0131\u015f miktar\u0131n\u0131n K\u0131z\u0131lay\u2019da 13,4, Haymana\u2019da 10,8 oldu\u011funu anlatan Y\u00fcksel, &#8220;Bunlar \u00e7ok ola\u011fan\u00fcst\u00fc ya\u011f\u0131\u015flar de\u011fil g\u00f6k g\u00fcr\u00fclt\u00fcs\u00fc oldu\u011funda insanlar pani\u011fe kap\u0131l\u0131yor. Ankara\u2019da \u015fu anda ya\u011fmur ve g\u00f6k g\u00fcr\u00fclt\u00fcs\u00fc d\u0131\u015f\u0131nda genel hayat\u0131 olumsuz etkileyen bir durum s\u00f6z konusu de\u011fildir&#8221; dedi.<\/p>\n<p style=\"text-align: justify;\">Ya\u011f\u0131\u015f nedeniyle hayat\u0131 olumsuz etkileyen bir durumun ya\u015fanmad\u0131\u011f\u0131na dikkati \u00e7eken Y\u00fcksel, \u00f6zellikle \u00c7ankaya ve G\u00f6lba\u015f\u0131 il\u00e7elerine dolu ya\u011fd\u0131\u011f\u0131n\u0131, \u015fu andaki teknik kay\u0131tlara g\u00f6re baz\u0131 alt ge\u00e7itlerde su birikintilerinin oldu\u011funu s\u00f6yledi.<\/p>\n<p style=\"text-align: justify;\">Vali Y\u00fcksel, ya\u011f\u0131\u015flar\u0131n ak\u015fam saat 20.00 itibariyle kenti terk edece\u011fini kaydetti.<\/p>\n<p style=\"text-align: justify;\"><strong>METEOROLOJ\u0130: BU B\u0130R \u0130LK<\/strong><\/p>\n<p style=\"text-align: justify;\">Devlet Meteoroloji \u0130\u015fleri Genel M\u00fcd\u00fcr\u00fc Mehmet \u00c7a\u011flar, \u00c7ankaya ve G\u00f6lba\u015f\u0131 il\u00e7elerinde lokal olarak 12.00-16.00 saatleri aras\u0131nda metrekareye 50 kilogram civar\u0131nda ya\u011f\u0131\u015f d\u00fc\u015ft\u00fc\u011f\u00fcn\u00fc belirterek, &#8220;Bu ya\u011f\u0131\u015flar Ankara\u2019da s\u00fcre, \u015fiddet ve miktar olarak ilk defa ger\u00e7ekle\u015fmi\u015ftir&#8221; dedi.<\/p>\n<p style=\"text-align: justify;\">AA muhabirine a\u00e7\u0131klama yapan \u00c7a\u011flar, bug\u00fcn Ankara\u2019da meydana gelen kuvvetli ya\u011f\u0131\u015flar\u0131n, \u00f6zellikle \u00c7ankaya ve G\u00f6lba\u015f\u0131 il\u00e7elerinde \u00e7ok daha etkili oldu\u011funu hat\u0131rlatarak, &#8220;Ankara radar\u0131ndan yap\u0131lan hesaplamalara g\u00f6re bu 2 il\u00e7emizde lokal olarak 12.00-16.00 saatleri aras\u0131nda metrekareye 50 kilogram civar\u0131nda ya\u011f\u0131\u015f d\u00fc\u015fm\u00fc\u015ft\u00fcr. Bu ya\u011f\u0131\u015flar Ankara\u2019da s\u00fcre, \u015fiddet ve miktar olarak ilk defa ger\u00e7ekle\u015fmi\u015ftir&#8221; dedi.<\/p>\n<p style=\"text-align: justify;\">Ay\u0131n 13\u2019\u00fcnden itibaren meteorolojik tahminlerde Ankara\u2019da kuvvetli ya\u011f\u0131\u015f tahmini verildi\u011fine i\u015faret eden \u00c7a\u011flar, bug\u00fcn Ankara i\u00e7in &#8220;kuvvetli ya\u011f\u0131\u015f, kuvvetli r\u00fczgar ve iri taneli dolu ya\u011f\u0131\u015f\u0131&#8221; uyar\u0131s\u0131 yap\u0131ld\u0131\u011f\u0131n\u0131 belirtti.<\/p>\n<p style=\"text-align: justify;\">\u00c7a\u011flar, meteorolojik \u00f6l\u00e7\u00fcm yap\u0131lan noktalarda 12.00-16.00 saatleri aras\u0131nda, metrekareye Elmada\u011f\u2019a 22 kilogram, TBMM bah\u00e7esine 18.5 kilogram, Ke\u00e7i\u00f6ren\u2019e 11 kg, G\u00f6lba\u015f\u0131 ve \u00c7ankaya\u2019ya 50 kilogram ve \u00fczeri ya\u011f\u0131\u015f d\u00fc\u015ft\u00fc\u011f\u00fcn\u00fc kaydetti.<\/p>\n<p style=\"text-align: justify;\">\u00c7a\u011flar, Ankara ili genelinde kuvvetli ya\u011f\u0131\u015flar\u0131n etkisinin saat 20.00\u2019ye kadar devam etmesinin beklendi\u011fini de bildirdi.<\/p>\n<p style=\"text-align: justify;\"><strong>\u0130ZM\u0130R VE MAN\u0130SA \u0130\u00c7\u0130N KUVVETL\u0130 YA\u011eI\u015e UYARISI<\/strong><\/p>\n<p style=\"text-align: justify;\">\u0130zmir Meteoroloji Radar\u0131\u2019ndan al\u0131nan son verilere g\u00f6re; \u0130zmir\u2019in Tire, \u00d6demi\u015f, Kiraz ve Beyda\u011f il\u00e7eleri ile Ayd\u0131n il merkezi, \u0130ncirliova, K\u00f6\u015fk, Sultanhisar ve Nazilli il\u00e7elerinde kuvvetli r\u00fczgarla birlikte etkili sa\u011fanak ve g\u00f6kg\u00fcr\u00fclt\u00fcl\u00fc sa\u011fanak ya\u011f\u0131\u015f, Manisa\u2019n\u0131n Demirci, G\u00f6rdes, K\u00f6pr\u00fcba\u015f\u0131 ve Selendi il\u00e7elerinde kuvvetli r\u00fczgarla birlikte etkili sa\u011fanak ve g\u00f6kg\u00fcr\u00fclt\u00fcl\u00fc sa\u011fanak ya\u011f\u0131\u015f ile lokal dolu ya\u011f\u0131\u015f\u0131 bekleniyor. Vatanda\u015flar\u0131n dikkatli ve tedbirli olmalar\u0131 istendi.<\/p>\n<p style=\"text-align: justify;\"><a href=\"http:\/\/haber.gazetevatan.com\/20-dakikalik-yagmur-ankarayi-felc-etti\/383892\/1\/Gundem\" target=\"_blank\">Kaynak : VATAN Gazetesi<\/a><\/p>\n","protected":false},"excerpt":{"rendered":"<p style=\"text-align: center;\">\n<p style=\"text-align: justify;\">Ankara&#8217;da 20 dakika etkili olan yaz ya\u011fmuru sellere neden oldu. Trafik kilitlenirken, bir\u00e7ok alt ge\u00e7it sulara g\u00f6m\u00fcld\u00fc. Balgat\u2019taki bir ge\u00e7itte 5-6 ara\u00e7 mahsur kald\u0131. Ba\u015fkan Melih G\u00f6k\u00e7ek &#8221;Bunu hi\u00e7bir altyap\u0131 kald\u0131rmaz&#8221; dedi.<\/p>\n<p style=\"text-align: justify;\">Ankara&#8217;da aniden bast\u0131ran ya\u011fmur ve dolu hayat\u0131 fel\u00e7 etti. Ankara B\u00fcy\u00fck\u015fehir Belediyesi ve Meteoroloji zorunlu olmad\u0131k\u00e7a <\/p>\n","protected":false},"author":1,"featured_media":0,"comment_status":"open","ping_status":"closed","sticky":false,"template":"","format":"standard","meta":{"footnotes":""},"categories":[105],"tags":[],"class_list":["post-34660","post","type-post","status-publish","format-standard","hentry","category-gundem","odd"],"_links":{"self":[{"href":"http:\/\/www.korhanyilmaz.com\/index.php?rest_route=\/wp\/v2\/posts\/34660","targetHints":{"allow":["GET"]}}],"collection":[{"href":"http:\/\/www.korhanyilmaz.com\/index.php?rest_route=\/wp\/v2\/posts"}],"about":[{"href":"http:\/\/www.korhanyilmaz.com\/index.php?rest_route=\/wp\/v2\/types\/post"}],"author":[{"embeddable":true,"href":"http:\/\/www.korhanyilmaz.com\/index.php?rest_route=\/wp\/v2\/users\/1"}],"replies":[{"embeddable":true,"href":"http:\/\/www.korhanyilmaz.com\/index.php?rest_route=%2Fwp%2Fv2%2Fcomments&post=34660"}],"version-history":[{"count":0,"href":"http:\/\/www.korhanyilmaz.com\/index.php?rest_route=\/wp\/v2\/posts\/34660\/revisions"}],"wp:attachment":[{"href":"http:\/\/www.korhanyilmaz.com\/index.php?rest_route=%2Fwp%2Fv2%2Fmedia&parent=34660"}],"wp:term":[{"taxonomy":"category","embeddable":true,"href":"http:\/\/www.korhanyilmaz.com\/index.php?rest_route=%2Fwp%2Fv2%2Fcategories&post=34660"},{"taxonomy":"post_tag","embeddable":true,"href":"http:\/\/www.korhanyilmaz.com\/index.php?rest_route=%2Fwp%2Fv2%2Ftags&post=34660"}],"curies":[{"name":"wp","href":"https:\/\/api.w.org\/{rel}","templated":true}]}}