{"id":34655,"date":"2011-06-16T18:30:45","date_gmt":"2011-06-16T15:30:45","guid":{"rendered":"http:\/\/www.korhanyilmaz.com\/?p=34655"},"modified":"2011-07-11T00:07:17","modified_gmt":"2011-07-10T21:07:17","slug":"canli-yayinda-taraf-gazetesini-yirtti","status":"publish","type":"post","link":"http:\/\/www.korhanyilmaz.com\/?p=34655","title":{"rendered":"Canl\u0131 yay\u0131nda Taraf gazetesini y\u0131rtt\u0131!"},"content":{"rendered":"<p style=\"text-align: center;\"><a href=\"http:\/\/www.korhanyilmaz.com\/wp-content\/uploads\/2011\/06\/052.jpg\"  class=\"lightview\"><img loading=\"lazy\" decoding=\"async\" class=\"aligncenter size-full wp-image-34656\" src=\"http:\/\/www.korhanyilmaz.com\/wp-content\/uploads\/2011\/06\/052.jpg\" alt=\"\" width=\"320\" height=\"100\" \/><\/a><\/p>\n<p>Beng\u00fcT\u00fcrk televizyonunda yay\u0131nlanan sabah program\u0131nda gazeteleri okuyan program sunucusu s\u0131ra Taraf&#8217;a gelince beklenmedik bir hareketle gazeteyi y\u0131rtt\u0131.<\/p>\n<p>&#8220;T\u00fcrkiye T\u00fcrklerindir Sa\u00e7mal\u0131\u011f\u0131\u201d isimli yaz\u0131s\u0131n\u0131 man\u015fetine ta\u015f\u0131yan gazeteyi okumak i\u00e7in eline alan Murat \u015eahin bir anda \u015fu tepkiyi g\u00f6sterdi;<\/p>\n<p><center><a class=\"lightview\" title=\" :::: width:550, height:413\" href=\"\/swf\/flvplayer.swf?file=http:\/\/video.gazetevatan.com\/video\/file\/160620111724544552973.flv&amp;skin=\/swf\/nacht.zip&amp;menu=false&amp;volume=45&amp;autostart=true&amp;volume=50&amp;controlbar=over&amp;stretching=exactfit\" rel=\"set[taraf]\"><img decoding=\"async\" src=\"http:\/\/www.korhanyilmaz.com\/wp-data\/images\/videoizle1.png\" alt=\"\" \/><\/a><\/center><a href=\"http:\/\/haber.gazetevatan.com\/canli-yayinda-taraf-gazetesini-yirtti\/383928\/1\/Gundem\" target=\"_blank\">Kaynak : VATAN Gazetesi<\/a><\/p>\n","protected":false},"excerpt":{"rendered":"<p style=\"text-align: center;\">\n<p>Beng\u00fcT\u00fcrk televizyonunda yay\u0131nlanan sabah program\u0131nda gazeteleri okuyan program sunucusu s\u0131ra Taraf&#8217;a gelince beklenmedik bir hareketle gazeteyi y\u0131rtt\u0131.<\/p>\n<p>&#8220;T\u00fcrkiye T\u00fcrklerindir Sa\u00e7mal\u0131\u011f\u0131\u201d isimli yaz\u0131s\u0131n\u0131 man\u015fetine ta\u015f\u0131yan gazeteyi okumak i\u00e7in eline alan Murat \u015eahin bir anda \u015fu tepkiyi g\u00f6sterdi;<\/p>\n<p>Kaynak : VATAN Gazetesi<\/p>\n","protected":false},"author":1,"featured_media":0,"comment_status":"open","ping_status":"closed","sticky":false,"template":"","format":"standard","meta":{"footnotes":""},"categories":[105],"tags":[],"class_list":["post-34655","post","type-post","status-publish","format-standard","hentry","category-gundem","odd"],"_links":{"self":[{"href":"http:\/\/www.korhanyilmaz.com\/index.php?rest_route=\/wp\/v2\/posts\/34655","targetHints":{"allow":["GET"]}}],"collection":[{"href":"http:\/\/www.korhanyilmaz.com\/index.php?rest_route=\/wp\/v2\/posts"}],"about":[{"href":"http:\/\/www.korhanyilmaz.com\/index.php?rest_route=\/wp\/v2\/types\/post"}],"author":[{"embeddable":true,"href":"http:\/\/www.korhanyilmaz.com\/index.php?rest_route=\/wp\/v2\/users\/1"}],"replies":[{"embeddable":true,"href":"http:\/\/www.korhanyilmaz.com\/index.php?rest_route=%2Fwp%2Fv2%2Fcomments&post=34655"}],"version-history":[{"count":0,"href":"http:\/\/www.korhanyilmaz.com\/index.php?rest_route=\/wp\/v2\/posts\/34655\/revisions"}],"wp:attachment":[{"href":"http:\/\/www.korhanyilmaz.com\/index.php?rest_route=%2Fwp%2Fv2%2Fmedia&parent=34655"}],"wp:term":[{"taxonomy":"category","embeddable":true,"href":"http:\/\/www.korhanyilmaz.com\/index.php?rest_route=%2Fwp%2Fv2%2Fcategories&post=34655"},{"taxonomy":"post_tag","embeddable":true,"href":"http:\/\/www.korhanyilmaz.com\/index.php?rest_route=%2Fwp%2Fv2%2Ftags&post=34655"}],"curies":[{"name":"wp","href":"https:\/\/api.w.org\/{rel}","templated":true}]}}